{"id":483675,"date":"2025-10-23T06:04:11","date_gmt":"2025-10-23T06:04:11","guid":{"rendered":"https:\/\/www.europesays.com\/fr\/483675\/"},"modified":"2025-10-23T06:04:11","modified_gmt":"2025-10-23T06:04:11","slug":"brigitte-bardot-annoncee-morte-sur-internet-licone-du-cinema-francais-repond-je-nai-pas-lintention-de-tirer-ma-reverence","status":"publish","type":"post","link":"https:\/\/www.europesays.com\/fr\/483675\/","title":{"rendered":"Brigitte Bardot annonc\u00e9e morte sur internet, l&rsquo;ic\u00f4ne du cin\u00e9ma fran\u00e7ais r\u00e9pond : \u00ab\u00a0Je n&rsquo;ai pas l&rsquo;intention de tirer ma r\u00e9v\u00e9rence\u00a0\u00bb"},"content":{"rendered":"<p class=\"ap-StoryElement ap-StoryElement--mb ap-StoryText\">Ce 22 octobre en soir\u00e9e, le blogueur fran\u00e7ais Aqababe a annonc\u00e9 le d\u00e9c\u00e8s de l&rsquo;ic\u00f4ne fran\u00e7aise Brigitte Bardot. Il assurait qu&rsquo;un cercueil avait \u00e9t\u00e9 command\u00e9 pour cette derni\u00e8re.<\/p>\n<p class=\"text-left ap-StoryElement ap-StoryElement--mb ap-StoryText\">Une nouvelle qui a rapidement enflamm\u00e9 la toile mais aucune annonce officielle n&rsquo;a \u00e9t\u00e9 faite. Et pour cause, la principale int\u00e9ress\u00e9e a d\u00e9menti cette information. \u00ab\u00a0Je ne sais pas quel est l&rsquo;imb\u00e9cile qui a lanc\u00e9 ce soir cette fake news sur ma disparition mais sachez que je vais bien et que je n&rsquo;ai pas l&rsquo;intention de tirer ma r\u00e9v\u00e9rence. \u00c0 bon entendeur\u00a0\u00bb, \u00e9crit-elle sur X.<\/p>\n","protected":false},"excerpt":{"rendered":"Ce 22 octobre en soir\u00e9e, le blogueur fran\u00e7ais Aqababe a annonc\u00e9 le d\u00e9c\u00e8s de l&rsquo;ic\u00f4ne fran\u00e7aise Brigitte Bardot.&hellip;\n","protected":false},"author":2,"featured_media":483676,"comment_status":"","ping_status":"","sticky":false,"template":"","format":"standard","meta":{"footnotes":""},"categories":[1359],"tags":[58,59,1011,27,3751,973,9026],"class_list":{"0":"post-483675","1":"post","2":"type-post","3":"status-publish","4":"format-standard","5":"has-post-thumbnail","7":"category-people","8":"tag-divertissement","9":"tag-entertainment","10":"tag-fr","11":"tag-france","12":"tag-headshot","13":"tag-people","14":"tag-portrait"},"share_on_mastodon":{"url":"https:\/\/pubeurope.com\/@fr\/115421974902770145","error":""},"_links":{"self":[{"href":"https:\/\/www.europesays.com\/fr\/wp-json\/wp\/v2\/posts\/483675","targetHints":{"allow":["GET"]}}],"collection":[{"href":"https:\/\/www.europesays.com\/fr\/wp-json\/wp\/v2\/posts"}],"about":[{"href":"https:\/\/www.europesays.com\/fr\/wp-json\/wp\/v2\/types\/post"}],"author":[{"embeddable":true,"href":"https:\/\/www.europesays.com\/fr\/wp-json\/wp\/v2\/users\/2"}],"replies":[{"embeddable":true,"href":"https:\/\/www.europesays.com\/fr\/wp-json\/wp\/v2\/comments?post=483675"}],"version-history":[{"count":0,"href":"https:\/\/www.europesays.com\/fr\/wp-json\/wp\/v2\/posts\/483675\/revisions"}],"wp:featuredmedia":[{"embeddable":true,"href":"https:\/\/www.europesays.com\/fr\/wp-json\/wp\/v2\/media\/483676"}],"wp:attachment":[{"href":"https:\/\/www.europesays.com\/fr\/wp-json\/wp\/v2\/media?parent=483675"}],"wp:term":[{"taxonomy":"category","embeddable":true,"href":"https:\/\/www.europesays.com\/fr\/wp-json\/wp\/v2\/categories?post=483675"},{"taxonomy":"post_tag","embeddable":true,"href":"https:\/\/www.europesays.com\/fr\/wp-json\/wp\/v2\/tags?post=483675"}],"curies":[{"name":"wp","href":"https:\/\/api.w.org\/{rel}","templated":true}]}}