{"id":483679,"date":"2025-10-23T06:06:22","date_gmt":"2025-10-23T06:06:22","guid":{"rendered":"https:\/\/www.europesays.com\/fr\/483679\/"},"modified":"2025-10-23T06:06:22","modified_gmt":"2025-10-23T06:06:22","slug":"les-souvenirs-denfance-du-medecin-generaliste-dans-un-livre","status":"publish","type":"post","link":"https:\/\/www.europesays.com\/fr\/483679\/","title":{"rendered":"les souvenirs d\u2019enfance du m\u00e9decin g\u00e9n\u00e9raliste dans un livre"},"content":{"rendered":"<p>Il est brouillon, g\u00e9n\u00e9reux, inquiet, Andrzej Dalla Vite. Il a publi\u00e9 une premi\u00e8re version de son livre, Rital et Polak \u00e0 la fois, avant de la r\u00e9\u00e9diter &#8211; une fois relue et corrig\u00e9e*. Est-ce que les lecteurs lui en ont tir\u00e9 grief\u00a0? Pas du tout. \u00ab\u00a0Tous ceux qui l\u2019ont lu en entier l\u2019ont bien aim\u00e9.\u00a0\u00bb<\/p>\n<p>Son livre raconte son enfance mosellane, dans un village renomm\u00e9 Fontes. Mais Fontes, c\u2019est Fontoy, et Andrzej&#8230;<\/p>\n","protected":false},"excerpt":{"rendered":"Il est brouillon, g\u00e9n\u00e9reux, inquiet, Andrzej Dalla Vite. Il a publi\u00e9 une premi\u00e8re version de son livre, Rital&hellip;\n","protected":false},"author":2,"featured_media":483680,"comment_status":"","ping_status":"","sticky":false,"template":"","format":"standard","meta":{"footnotes":""},"categories":[1357],"tags":[1379,60702,1687,58,7162,59,10875,60703,1011,27,1380,2410,5599,71,4604],"class_list":{"0":"post-483679","1":"post","2":"type-post","3":"status-publish","4":"format-standard","5":"has-post-thumbnail","7":"category-livres","8":"tag-books","9":"tag-ca-du-val-de-fensch-57f1","10":"tag-culture-loisirs","11":"tag-divertissement","12":"tag-edition-thionville-hayange","13":"tag-entertainment","14":"tag-fameck","15":"tag-fontoy","16":"tag-fr","17":"tag-france","18":"tag-livres","19":"tag-livres-bd","20":"tag-moselle","21":"tag-sante","22":"tag-selection-abonne"},"share_on_mastodon":{"url":"https:\/\/pubeurope.com\/@fr\/115421982503266740","error":""},"_links":{"self":[{"href":"https:\/\/www.europesays.com\/fr\/wp-json\/wp\/v2\/posts\/483679","targetHints":{"allow":["GET"]}}],"collection":[{"href":"https:\/\/www.europesays.com\/fr\/wp-json\/wp\/v2\/posts"}],"about":[{"href":"https:\/\/www.europesays.com\/fr\/wp-json\/wp\/v2\/types\/post"}],"author":[{"embeddable":true,"href":"https:\/\/www.europesays.com\/fr\/wp-json\/wp\/v2\/users\/2"}],"replies":[{"embeddable":true,"href":"https:\/\/www.europesays.com\/fr\/wp-json\/wp\/v2\/comments?post=483679"}],"version-history":[{"count":0,"href":"https:\/\/www.europesays.com\/fr\/wp-json\/wp\/v2\/posts\/483679\/revisions"}],"wp:featuredmedia":[{"embeddable":true,"href":"https:\/\/www.europesays.com\/fr\/wp-json\/wp\/v2\/media\/483680"}],"wp:attachment":[{"href":"https:\/\/www.europesays.com\/fr\/wp-json\/wp\/v2\/media?parent=483679"}],"wp:term":[{"taxonomy":"category","embeddable":true,"href":"https:\/\/www.europesays.com\/fr\/wp-json\/wp\/v2\/categories?post=483679"},{"taxonomy":"post_tag","embeddable":true,"href":"https:\/\/www.europesays.com\/fr\/wp-json\/wp\/v2\/tags?post=483679"}],"curies":[{"name":"wp","href":"https:\/\/api.w.org\/{rel}","templated":true}]}}