{"id":483681,"date":"2025-10-23T06:07:21","date_gmt":"2025-10-23T06:07:21","guid":{"rendered":"https:\/\/www.europesays.com\/fr\/483681\/"},"modified":"2025-10-23T06:07:21","modified_gmt":"2025-10-23T06:07:21","slug":"le-gagnant-de-loft-story-1-revient-a-la-tele-realite-en-compagnie-de-son-fils","status":"publish","type":"post","link":"https:\/\/www.europesays.com\/fr\/483681\/","title":{"rendered":"le gagnant de Loft Story 1 revient \u00e0 la t\u00e9l\u00e9-r\u00e9alit\u00e9 en compagnie de son fils"},"content":{"rendered":"<p>                             Par Eva Sztupecki<\/p>\n<p>                Le 23 octobre 2025 \u00e0 07h00<\/p>\n<p>    Les candidats de La Bataille, la mal\u00e9diction de l\u2019\u00eele sur TFX, avec Christophe Mercy et son fils Matis (derniers, \u00e0 droite).<br \/>\n                TFX<\/p>\n<p>\n    La Bataille, La Mal\u00e9diction de L\u2019\u00eele sort le 10 novembre sur TFX. Le casting remet \u00e0 l\u2019\u00e9cran une figure historique de la t\u00e9l\u00e9-r\u00e9alit\u00e9 presque un quart de si\u00e8cle apr\u00e8s sa victoire dans l\u2019\u00e9mission culte.<\/p>\n<p class=\"fig-paragraph\">C\u2019\u00e9tait il y a 24 ans\u2026 et pourtant. Christophe Mercy va r\u00e9appara\u00eetre sur les \u00e9crans dans une nouvelle s\u00e9rie de t\u00e9l\u00e9-r\u00e9alit\u00e9. Pour rappel, ce candidat avait remport\u00e9 la premi\u00e8re \u00e9dition de\u00a0<a href=\"https:\/\/tvmag.lefigaro.fr\/programme-tv\/programme\/les-20-ans-de-la-tele-realite-f562842402\" target=\"_blank\" rel=\"nofollow noopener\" data-gtm-custom-categorie=\"navigation\" data-gtm-custom-action=\"crossclick\" data-gtm-custom-label=\"Contextuel\" data-gtm-event=\"customEventSPE\">\u00abLoft Sory\u00bb, l\u2019anc\u00eatre de \u00ab Secret Story\u00a0\u00bb<\/a>, avec pour objectif de trouver l\u2019amour et de gagner les 225.000 euros. L\u2019objectif avait \u00e9t\u00e9 atteint pour Christophe, qui, en plus d\u2019avoir gagn\u00e9 en 2001, avait trouv\u00e9 l\u2019amour de sa vie\u00a0: Julie Demme, une candidate avec laquelle il vit toujours aujourd\u2019hui.<\/p>\n<p class=\"fig-paragraph\">Christophe a maintenant 48 ans et est mari\u00e9 depuis 22 ans. Le couple embl\u00e9matique du \u00abLoft\u00bb a eu deux enfants\u00a0: Matis (22 ans) et Soan (15 ans). Apr\u00e8s l\u2019\u00e9mission, il n\u2019avait fait que quelques apparitions dans des articles consacr\u00e9s aux anciens candidats de t\u00e9l\u00e9r\u00e9alit\u00e9, pour donner de ses nouvelles. Sa vie semblait r\u00e9gler comme celle d\u2019un p\u00e8re de famille ordinaire.<\/p>\n<p>                                    <a class=\"fig-a11y-skip a11y-hidden\" href=\"#fig-a11y-skip-main-inarticle\"><br \/>\n        Passer la publicit\u00e9<br \/>\n    <\/a><\/p>\n<p>Vie tranquille<\/p>\n<p class=\"fig-paragraph\">Participer \u00e0 une t\u00e9l\u00e9-r\u00e9alit\u00e9 24 ans plus tard est donc un choix surprenant. Surtout lorsqu\u2019on se rappelle l\u2019opinion qu\u2019il exprimait sur ce genre d\u2019\u00e9missions apr\u00e8s \u00abLoft Story\u00bb. En 2021, Christophe Mercy confiait\u00a0: \u00ab Le probl\u00e8me aujourd\u2019hui, c\u2019est que les candidats sont des acteurs. Impossible d\u2019\u00eatre aussi idiots, il faut forc\u00e9ment le faire expr\u00e8s\u00a0! Apr\u00e8s, si c\u2019est une nouvelle fa\u00e7on de gagner de l\u2019argent, pourquoi pas. Nabilla est une fille intelligente qui a super bien g\u00e9r\u00e9 sa marque ensuite. (\u2026) Il faut quand m\u00eame les \u00e9paules pour supporter toutes les critiques des r\u00e9seaux sociaux. Quand on entend certaines histoires&#8230; \u00c0 leur place, je me tire une balle\u00a0!\u00a0\u00bb<\/p>\n<p class=\"fig-paragraph\">Dans cette m\u00eame interview, Julie Mercy (devenue directrice du d\u00e9veloppement commercial dans un groupe h\u00f4telier) paraissait \u00eatre sur la m\u00eame longueur d\u2019onde\u00a0: \u00ab On a profit\u00e9 des quelques opportunit\u00e9s pendant un an (sortie d\u2019un single, pr\u00e9sentation d\u2019une \u00e9mission avec St\u00e9phane Tapie, etc&#8230;). Mais ce qu\u2019on voulait par-dessus tout, c\u2019\u00e9tait \u00eatre en couple et fonder une famille\u00a0\u00bb avait-elle d\u00e9clar\u00e9, pr\u00f4nant la qu\u00eate d\u2019une \u00ab vie tranquille\u00a0\u00bb.<\/p>\n<p class=\"fig-paragraph\"><strong>Leur fils a\u00een\u00e9 se lance en t\u00e9l\u00e9r\u00e9alit\u00e9<\/strong><\/p>\n<p class=\"fig-paragraph\">Parce qu\u2019une surprise n\u2019arrive jamais seule, son fils Matis participera lui aussi \u00e0 l\u2019\u00e9mission. Pourquoi doit-on hausser une seconde fois les sourcils de surprise\u00a0? Le couple s\u2019\u00e9tait toujours oppos\u00e9 \u00e0 l\u2019id\u00e9e de voir un jour l\u2019un de leurs fils participer \u00e0 une \u00e9mission de t\u00e9l\u00e9-r\u00e9alit\u00e9\u00a0: \u00ab Impossible. Nous sommes contre \u00e0 100%\u00a0\u00bb. Il ajoutait m\u00eame \u00ab \u00e0 moins qu\u2019ils participent \u00e0 \u00abTop Chef\u00bb ou \u00abThe Voice\u00bb mais ils ne sont ni cuisiniers ni chanteurs pour le moment. \u00c0 la limite, \u00abKoh-Lanta\u00bb&#8230; Mais surtout pas \u00ab Les Marseillais\u00a0\u00bb ou \u00ab Les Anges\u00a0\u00bb. Ce serait la honte de ma vie.\u00a0\u00bb Pourtant, d\u2019apr\u00e8s Christophe, Matis avait d\u00e9j\u00e0 \u00e9t\u00e9 tent\u00e9 par \u00ab Secret Story\u00a0\u00bb.<\/p>\n<p class=\"fig-paragraph\">Son opinion a chang\u00e9, puisque du 15 septembre au 10 octobre 2025, Christophe \u00e9tait en plein tournage pour la nouvelle t\u00e9l\u00e9r\u00e9alit\u00e9 en duo avec Matis. Le p\u00e8re et le fils forment la 8e \u00e9quipe de \u00abLa Bataille, La Mal\u00e9diction de l\u2019\u00eele\u00bb, tous deux affichant un sourire aux l\u00e8vres, les poings lev\u00e9s, pr\u00eats \u00e0 affronter les d\u00e9fis. Une premi\u00e8re pour Matis et une red\u00e9couverte pour Christophe, \u00e0 l\u2019issue d\u2019une pause de 24 ans.<\/p>\n","protected":false},"excerpt":{"rendered":"Par Eva Sztupecki Le 23 octobre 2025 \u00e0 07h00 Les candidats de La Bataille, la mal\u00e9diction de l\u2019\u00eele&hellip;\n","protected":false},"author":2,"featured_media":483682,"comment_status":"","ping_status":"","sticky":false,"template":"","format":"standard","meta":{"footnotes":""},"categories":[1356],"tags":[58,59,1011,27,682,252,1364],"class_list":{"0":"post-483681","1":"post","2":"type-post","3":"status-publish","4":"format-standard","5":"has-post-thumbnail","7":"category-television","8":"tag-divertissement","9":"tag-entertainment","10":"tag-fr","11":"tag-france","12":"tag-tele-realite","13":"tag-television","14":"tag-tv"},"share_on_mastodon":{"url":"https:\/\/pubeurope.com\/@fr\/115421986539087944","error":""},"_links":{"self":[{"href":"https:\/\/www.europesays.com\/fr\/wp-json\/wp\/v2\/posts\/483681","targetHints":{"allow":["GET"]}}],"collection":[{"href":"https:\/\/www.europesays.com\/fr\/wp-json\/wp\/v2\/posts"}],"about":[{"href":"https:\/\/www.europesays.com\/fr\/wp-json\/wp\/v2\/types\/post"}],"author":[{"embeddable":true,"href":"https:\/\/www.europesays.com\/fr\/wp-json\/wp\/v2\/users\/2"}],"replies":[{"embeddable":true,"href":"https:\/\/www.europesays.com\/fr\/wp-json\/wp\/v2\/comments?post=483681"}],"version-history":[{"count":0,"href":"https:\/\/www.europesays.com\/fr\/wp-json\/wp\/v2\/posts\/483681\/revisions"}],"wp:featuredmedia":[{"embeddable":true,"href":"https:\/\/www.europesays.com\/fr\/wp-json\/wp\/v2\/media\/483682"}],"wp:attachment":[{"href":"https:\/\/www.europesays.com\/fr\/wp-json\/wp\/v2\/media?parent=483681"}],"wp:term":[{"taxonomy":"category","embeddable":true,"href":"https:\/\/www.europesays.com\/fr\/wp-json\/wp\/v2\/categories?post=483681"},{"taxonomy":"post_tag","embeddable":true,"href":"https:\/\/www.europesays.com\/fr\/wp-json\/wp\/v2\/tags?post=483681"}],"curies":[{"name":"wp","href":"https:\/\/api.w.org\/{rel}","templated":true}]}}