{"id":483700,"date":"2025-10-23T06:17:12","date_gmt":"2025-10-23T06:17:12","guid":{"rendered":"https:\/\/www.europesays.com\/fr\/483700\/"},"modified":"2025-10-23T06:17:12","modified_gmt":"2025-10-23T06:17:12","slug":"les-deputes-dont-ps-et-lr-rejettent-largement-en-commission-la-partie-recettes","status":"publish","type":"post","link":"https:\/\/www.europesays.com\/fr\/483700\/","title":{"rendered":"Les d\u00e9put\u00e9s, dont PS et LR, rejettent largement en commission la partie recettes"},"content":{"rendered":"<p>La bataille men\u00e9e par S\u00e9bastien Lecornu pour obtenir <a href=\"https:\/\/www.20minutes.fr\/politique\/assemblee_nationale\/4180345-20251020-budget-2026-boucler-budget-70-jours-mission-impossible\" target=\"_blank\" class=\"c-link c-link--is-underlined\" rel=\"noopener\">un budget avant le 31\u00a0d\u00e9cembre<\/a> est \u00e2pre. Le gouvernement va devoir mieux d\u00e9fendre sa copie pour la faire accepter et surtout obtenir un compromis sachant que le locataire de Matignon a promis de ne pas utiliser le 49.3 pour faire passer son texte.<\/p>\n<p>Dans la nuit de mercredi \u00e0 jeudi, les d\u00e9put\u00e9s ont largement rejet\u00e9 en commission la partie recettes du budget de l\u2019Etat. La gauche et l\u2019extr\u00eame droite ont vot\u00e9 contre, de m\u00eame que <a href=\"https:\/\/www.20minutes.fr\/politique\/4181016-20251022-gouvernement-lecornu-six-ministres-lr-suspendus-parti\" target=\"_blank\" class=\"c-link c-link--is-underlined\" rel=\"noopener\">LR<\/a>, dont plusieurs ministres sont issus.<\/p>\n<p>Le PS tient le bail de Lecornu \u00e0 Matignon<\/p>\n<p>Onze d\u00e9put\u00e9s ont vot\u00e9 pour, 37 contre, les autres s\u2019abstenant. \u00ab\u00a0Le compte n\u2019y est pas ce soir\u00a0\u00bb, a comment\u00e9 le chef de file du PS Philippe Brun au terme des d\u00e9bats, vers 02 heures du matin, alors que le gouvernement a besoin de la bienveillance du PS pour \u00e9chapper \u00e0 la censure. \u00ab\u00a0Dans l\u2019attente d\u2019avoir un budget un peu plus votable, <a href=\"https:\/\/www.20minutes.fr\/politique\/4180819-20251022-budget-2026-retailleau-juge-projet-instant-invotable-menace-censure\" target=\"_blank\" class=\"c-link c-link--is-underlined\" rel=\"noopener\">nous voterons contre cette copie<\/a>\u00a0\u00bb, a dit son homologue LR Jean-Didier Berger.<\/p>\n<\/p>\n<p>A l&rsquo;heure du choix, les d\u00e9put\u00e9s MoDem, Horizons et Liot se sont abstenus, seuls les d\u00e9put\u00e9s Renaissance votant finalement pour le texte.<\/p>\n<p><a href=\"https:\/\/www.20minutes.fr\/politique\/\" target=\"_blank\" class=\"c-link c-btn c-btn--primary\" rel=\"noopener\">Notre dossier Politique<\/a><\/p>\n<p>Les d\u00e9put\u00e9s s\u2019empareront du texte dans l\u2019h\u00e9micycle \u00e0 partir de vendredi, en repartant de la copie initiale du gouvernement.<\/p>\n","protected":false},"excerpt":{"rendered":"La bataille men\u00e9e par S\u00e9bastien Lecornu pour obtenir un budget avant le 31\u00a0d\u00e9cembre est \u00e2pre. Le gouvernement va&hellip;\n","protected":false},"author":2,"featured_media":483701,"comment_status":"","ping_status":"","sticky":false,"template":"","format":"standard","meta":{"footnotes":""},"categories":[2],"tags":[47,11,416,1003,1011,27,8335,26542,12,4484,316,11067,133],"class_list":{"0":"post-483700","1":"post","2":"type-post","3":"status-publish","4":"format-standard","5":"has-post-thumbnail","7":"category-actualites","8":"tag-actualite","9":"tag-actualites","10":"tag-assemblee-nationale","11":"tag-budget","12":"tag-fr","13":"tag-france","14":"tag-les-republicains-lr","15":"tag-motion-de-censure","16":"tag-news","17":"tag-parti-socialiste-ps","18":"tag-politique","19":"tag-sebastien-lecornu","20":"tag-video"},"share_on_mastodon":{"url":"https:\/\/pubeurope.com\/@fr\/115422025779617219","error":""},"_links":{"self":[{"href":"https:\/\/www.europesays.com\/fr\/wp-json\/wp\/v2\/posts\/483700","targetHints":{"allow":["GET"]}}],"collection":[{"href":"https:\/\/www.europesays.com\/fr\/wp-json\/wp\/v2\/posts"}],"about":[{"href":"https:\/\/www.europesays.com\/fr\/wp-json\/wp\/v2\/types\/post"}],"author":[{"embeddable":true,"href":"https:\/\/www.europesays.com\/fr\/wp-json\/wp\/v2\/users\/2"}],"replies":[{"embeddable":true,"href":"https:\/\/www.europesays.com\/fr\/wp-json\/wp\/v2\/comments?post=483700"}],"version-history":[{"count":0,"href":"https:\/\/www.europesays.com\/fr\/wp-json\/wp\/v2\/posts\/483700\/revisions"}],"wp:featuredmedia":[{"embeddable":true,"href":"https:\/\/www.europesays.com\/fr\/wp-json\/wp\/v2\/media\/483701"}],"wp:attachment":[{"href":"https:\/\/www.europesays.com\/fr\/wp-json\/wp\/v2\/media?parent=483700"}],"wp:term":[{"taxonomy":"category","embeddable":true,"href":"https:\/\/www.europesays.com\/fr\/wp-json\/wp\/v2\/categories?post=483700"},{"taxonomy":"post_tag","embeddable":true,"href":"https:\/\/www.europesays.com\/fr\/wp-json\/wp\/v2\/tags?post=483700"}],"curies":[{"name":"wp","href":"https:\/\/api.w.org\/{rel}","templated":true}]}}