{"id":483719,"date":"2025-10-23T06:33:11","date_gmt":"2025-10-23T06:33:11","guid":{"rendered":"https:\/\/www.europesays.com\/fr\/483719\/"},"modified":"2025-10-23T06:33:11","modified_gmt":"2025-10-23T06:33:11","slug":"pres-de-rouen-les-habitants-de-cet-ehpad-ont-manifeste","status":"publish","type":"post","link":"https:\/\/www.europesays.com\/fr\/483719\/","title":{"rendered":"pr\u00e8s de Rouen, les habitants de cet Ehpad ont manifest\u00e9"},"content":{"rendered":"<p>            Par<br \/>\n        <strong><br \/>\n            <a href=\"https:\/\/actu.fr\/auteur\/isabellevilly\" title=\"Consulter tous les articles de Isabelle Villy\" target=\"_blank\" rel=\"noopener\">Isabelle Villy<\/a><br \/>\n        <\/strong><\/p>\n<p>        Publi\u00e9 le<\/p>\n<p>            23 oct. 2025 \u00e0 8h16        <\/p>\n<p><strong>\u00ab Les vieux m\u00e9ritent mieux \u00bb<\/strong> : tel est le mot d\u2019ordre que les r\u00e9sidents de l\u2019Ehpad Gilles Martin de <a href=\"https:\/\/actu.fr\/normandie\/buchy_76146\" target=\"_blank\" rel=\"noopener\">Buchy<\/a>, pr\u00e8s de Rouen, ont brandi, jeudi 16 octobre dernier, \u00e0 l\u2019occasion d\u2019une mobilisation nationale de la F\u00e9d\u00e9ration nationale des associations de directeurs d\u2019\u00e9tablissements et services pour personnes \u00e2g\u00e9es (Fnadepa). Tirer la sonnette d\u2019alarme et alerter les autorit\u00e9s sur les conditions de travail des personnels soignants, mais aussi de toutes les personnes qui interviennent dans les Ehpad, et sensibiliser chaque citoyen sur ce sujet du vieillissement et du grand \u00e2ge : des pr\u00e9occupations qui nous concernent tous et pour lesquelles nous devrions tous \u00eatre mobilis\u00e9s.<\/p>\n<p>Histoire de vies\u2026<\/p>\n<p class=\" wall-content\">Dans la salle d\u2019animation, les r\u00e9sidents sont install\u00e9s autour des tables. Tous ont une histoire, une vie faite de travail, d\u2019horaires \u00e0 rallonge, de journ\u00e9es o\u00f9 il fallait s\u2019occuper de la famille et penser aux loisirs, tout en joignant les deux bouts comme on dit\u2026 notre vie \u00e0 (quasiment) tous en somme, mais eux, les r\u00e9sidents de l\u2019Ehpad de Buchy comme dans tous les autres \u00e9tablissements, ont laiss\u00e9 le fracas du monde \u00e0 la porte de leur chambre de la maison de retraite.<\/p>\n<p class=\" wall-content\">Pourtant, l\u00e0 encore, apr\u00e8s une vie bien remplie, ils doivent encore subir la crise ambiante, le manque de moyens et de personnel qui les affectent in\u00e9vitablement\u2026 Devront-ils se remettre \u00e0 l\u2019ouvrage pour pallier tous ces manques ? En seront-ils capables, eux qui ont d\u00e9j\u00e0 tant fait et tant donn\u00e9 ?<\/p>\n<p>Que faisons-nous pour le grand \u00e2ge ?<\/p>\n<p class=\" wall-content\">Et nous, dans tout cela, enfants, petits-enfants, famille, d\u00e9cideurs, \u00e9lus\u2026 Que faisons-nous pour le grand \u00e2ge ? Sommes-nous assez mobilis\u00e9s ?<\/p>\n<p class=\" wall-content\">C\u2019\u00e9tait le sens de cette journ\u00e9e de manifestation \u00e0 l\u2019Ehpad de Buchy et au niveau national, pour mobiliser la soci\u00e9t\u00e9 tout enti\u00e8re au sort des anciens. Parce qu\u2019un jour, nous aussi, nous serons \u00e0 leur place et que c\u2019est peut-\u00eatre l\u00e0, en ce moment, que nous pouvons encore dire et agir en cons\u00e9quence, pour exprimer ce dont le grand \u00e2ge a besoin et exiger les moyens pour le faire.<\/p>\n<p>Besoin de sp\u00e9cialistes, \u00e0 proximit\u00e9<\/p>\n<p class=\" wall-content\">\u00ab On a besoin de moyens, de personnel \u00bb, a indiqu\u00e9 le directeur adjoint de l\u2019Ehpad de Buchy, J\u00e9r\u00e9my Devergne, qui a rappel\u00e9 que 80 % des Ehpad publics rencontrent des situations financi\u00e8res difficiles, mais continuent n\u00e9anmoins \u00e0 maintenir les soins n\u00e9cessaires aux r\u00e9sidents. \u00ab Nous avons ici cinq soignants pour 50 r\u00e9sidents, il faudrait \u00eatre six \u00bb, constate J\u00e9r\u00e9my Devergne. \u00c0 l\u2019ext\u00e9rieur, il manque aussi, \u00e0 Buchy, des sp\u00e9cialistes comme un dentiste, un ergoth\u00e9rapeute qui puissent venir \u00e0 Ehpad pour aider les r\u00e9sidents \u00e0 rester autonomes, mais aussi une assistante sociale pour les aider \u00e0 s\u2019acquitter des d\u00e9marches administratives souvent complexes et fastidieuses.<\/p>\n<p>Votre r\u00e9gion, votre actu !<\/p>\n<p>Recevez chaque jour les infos qui comptent pour vous.<\/p>\n<p>\t<a href=\"https:\/\/actu.fr\/newsletter\" class=\"ac-btn ac-btn--corner ac-btn--medium ac-btn--blue800\" target=\"_blank\" rel=\"noopener\">S&rsquo;incrire<\/a><\/p>\n<p class=\" wall-content\">Pour Buchy, les autorit\u00e9s comp\u00e9tentes que sont le D\u00e9partement de la Seine-Maritime et l\u2019Agence r\u00e9gionale de Sant\u00e9 (ARS), ont valid\u00e9 la construction d\u2019un nouvel Ehpad, pour remplacer l\u2019actuel, vieillissant et qui ne correspond plus aux normes actuelles. Une bonne nouvelle pour le secteur, puisque le nouvel \u00e9tablissement va passer d\u2019une capacit\u00e9 d\u2019accueil de 50 \u00e0 un peu plus de 80 lits, avec des unit\u00e9s s\u00e9curis\u00e9es.<\/p>\n<p class=\" wall-content\">Le maintien \u00e0 domicile, tant qu\u2019il est possible, reste la solution privil\u00e9gi\u00e9e, mais quand vient le temps o\u00f9 la perte d\u2019autonomie est trop importante, ce sont les Ehpad qui doivent en effet prendre le relais. Et pour que ce relais soit efficace, il est indispensable d\u2019y consacrer les moyens n\u00e9cessaires.<\/p>\n<p>Suivez l\u2019actualit\u00e9 de Rouen <a href=\"https:\/\/www.whatsapp.com\/channel\/0029VaKfnf99hXF2ddApFB1D\" target=\"_blank\" rel=\"noopener\">sur notre cha\u00eene WhatsApp<\/a> et <a href=\"https:\/\/www.tiktok.com\/@76actu.fr?lang=fr\" target=\"_blank\" rel=\"noopener\">sur notre compte TikTok<\/a><\/p>\n<p class=\" wall-content\">Personnalisez votre actualit\u00e9 en ajoutant vos villes et m\u00e9dias en favori avec <a href=\"https:\/\/moncompte.actu.fr\" title=\"D\u00e9couvez Mon Actu\" rel=\"nofollow noopener\" data-trk=\"{&quot;cta&quot;:{&quot;action&quot;:&quot;https:\\\/\\\/moncompte.actu.fr&quot;,&quot;category&quot;:&quot;mon compte&quot;,&quot;from&quot;:&quot;article footer&quot;,&quot;name&quot;:&quot;Mon actu&quot;,&quot;type&quot;:&quot;cta&quot;}}\" target=\"_blank\">Mon Actu<\/a>.<\/p>\n<p>                    <script async src=\"\/\/www.tiktok.com\/embed.js\"><\/script><\/p>\n","protected":false},"excerpt":{"rendered":"Par Isabelle Villy Publi\u00e9 le 23 oct. 2025 \u00e0 8h16 \u00ab Les vieux m\u00e9ritent mieux \u00bb : tel&hellip;\n","protected":false},"author":2,"featured_media":483720,"comment_status":"","ping_status":"","sticky":false,"template":"","format":"standard","meta":{"footnotes":""},"categories":[9587],"tags":[1111,11,12216,1777,674,1011,27,1757,12,5161,25,9590,71,104],"class_list":{"0":"post-483719","1":"post","2":"type-post","3":"status-publish","4":"format-standard","5":"has-post-thumbnail","7":"category-rouen","8":"tag-actu","9":"tag-actualites","10":"tag-ehpad","11":"tag-eu","12":"tag-europe","13":"tag-fr","14":"tag-france","15":"tag-insolite","16":"tag-news","17":"tag-normandie","18":"tag-republique-francaise","19":"tag-rouen","20":"tag-sante","21":"tag-societe"},"share_on_mastodon":{"url":"https:\/\/pubeurope.com\/@fr\/115422088652432716","error":""},"_links":{"self":[{"href":"https:\/\/www.europesays.com\/fr\/wp-json\/wp\/v2\/posts\/483719","targetHints":{"allow":["GET"]}}],"collection":[{"href":"https:\/\/www.europesays.com\/fr\/wp-json\/wp\/v2\/posts"}],"about":[{"href":"https:\/\/www.europesays.com\/fr\/wp-json\/wp\/v2\/types\/post"}],"author":[{"embeddable":true,"href":"https:\/\/www.europesays.com\/fr\/wp-json\/wp\/v2\/users\/2"}],"replies":[{"embeddable":true,"href":"https:\/\/www.europesays.com\/fr\/wp-json\/wp\/v2\/comments?post=483719"}],"version-history":[{"count":0,"href":"https:\/\/www.europesays.com\/fr\/wp-json\/wp\/v2\/posts\/483719\/revisions"}],"wp:featuredmedia":[{"embeddable":true,"href":"https:\/\/www.europesays.com\/fr\/wp-json\/wp\/v2\/media\/483720"}],"wp:attachment":[{"href":"https:\/\/www.europesays.com\/fr\/wp-json\/wp\/v2\/media?parent=483719"}],"wp:term":[{"taxonomy":"category","embeddable":true,"href":"https:\/\/www.europesays.com\/fr\/wp-json\/wp\/v2\/categories?post=483719"},{"taxonomy":"post_tag","embeddable":true,"href":"https:\/\/www.europesays.com\/fr\/wp-json\/wp\/v2\/tags?post=483719"}],"curies":[{"name":"wp","href":"https:\/\/api.w.org\/{rel}","templated":true}]}}