{"id":483723,"date":"2025-10-23T06:37:25","date_gmt":"2025-10-23T06:37:25","guid":{"rendered":"https:\/\/www.europesays.com\/fr\/483723\/"},"modified":"2025-10-23T06:37:25","modified_gmt":"2025-10-23T06:37:25","slug":"en-pleine-nuit-ils-percutent-un-vehicule-de-la-diro-sur-la-rocade-de-rennes-deux-jeunes-hommes-blesses","status":"publish","type":"post","link":"https:\/\/www.europesays.com\/fr\/483723\/","title":{"rendered":"En pleine nuit, ils percutent un v\u00e9hicule de la Diro sur la rocade de Rennes\u00a0: deux jeunes hommes bless\u00e9s"},"content":{"rendered":"<p>Dans la nuit de mercredi \u00e0 jeudi, \u00e0 1 h 49, sur la rocade ext\u00e9rieure de Rennes, une voiture est entr\u00e9e en collision avec un v\u00e9hicule de la Diro (Direction interd\u00e9partementale des routes Ouest) qui stationnait pour effectuer un balisage pour des travaux. Deux hommes de 23 et 25 ans, en urgence relative et qui se trouvaient \u00e0 bord de la voiture, ont \u00e9t\u00e9 conduits \u00e0 l\u2019h\u00f4pital.<\/p>\n<p>21 sapeurs pompiers ont \u00e9t\u00e9 mobilis\u00e9s sur le lieu de l\u2019accident.<\/p>\n","protected":false},"excerpt":{"rendered":"Dans la nuit de mercredi \u00e0 jeudi, \u00e0 1 h 49, sur la rocade ext\u00e9rieure de Rennes, une&hellip;\n","protected":false},"author":2,"featured_media":483724,"comment_status":"","ping_status":"","sticky":false,"template":"","format":"standard","meta":{"footnotes":""},"categories":[2821],"tags":[1111,11,829,765,1777,674,118,1011,27,848,12,584,25],"class_list":{"0":"post-483723","1":"post","2":"type-post","3":"status-publish","4":"format-standard","5":"has-post-thumbnail","7":"category-rennes","8":"tag-actu","9":"tag-actualites","10":"tag-bretagne","11":"tag-en-continu","12":"tag-eu","13":"tag-europe","14":"tag-faits-divers","15":"tag-fr","16":"tag-france","17":"tag-ille-et-vilaine","18":"tag-news","19":"tag-rennes","20":"tag-republique-francaise"},"share_on_mastodon":{"url":"https:\/\/pubeurope.com\/@fr\/115422104361718244","error":""},"_links":{"self":[{"href":"https:\/\/www.europesays.com\/fr\/wp-json\/wp\/v2\/posts\/483723","targetHints":{"allow":["GET"]}}],"collection":[{"href":"https:\/\/www.europesays.com\/fr\/wp-json\/wp\/v2\/posts"}],"about":[{"href":"https:\/\/www.europesays.com\/fr\/wp-json\/wp\/v2\/types\/post"}],"author":[{"embeddable":true,"href":"https:\/\/www.europesays.com\/fr\/wp-json\/wp\/v2\/users\/2"}],"replies":[{"embeddable":true,"href":"https:\/\/www.europesays.com\/fr\/wp-json\/wp\/v2\/comments?post=483723"}],"version-history":[{"count":0,"href":"https:\/\/www.europesays.com\/fr\/wp-json\/wp\/v2\/posts\/483723\/revisions"}],"wp:featuredmedia":[{"embeddable":true,"href":"https:\/\/www.europesays.com\/fr\/wp-json\/wp\/v2\/media\/483724"}],"wp:attachment":[{"href":"https:\/\/www.europesays.com\/fr\/wp-json\/wp\/v2\/media?parent=483723"}],"wp:term":[{"taxonomy":"category","embeddable":true,"href":"https:\/\/www.europesays.com\/fr\/wp-json\/wp\/v2\/categories?post=483723"},{"taxonomy":"post_tag","embeddable":true,"href":"https:\/\/www.europesays.com\/fr\/wp-json\/wp\/v2\/tags?post=483723"}],"curies":[{"name":"wp","href":"https:\/\/api.w.org\/{rel}","templated":true}]}}