{"id":483725,"date":"2025-10-23T06:40:19","date_gmt":"2025-10-23T06:40:19","guid":{"rendered":"https:\/\/www.europesays.com\/fr\/483725\/"},"modified":"2025-10-23T06:40:19","modified_gmt":"2025-10-23T06:40:19","slug":"deux-hommes-blesses-apres-avoir-percute-un-vehicule-de-chantier","status":"publish","type":"post","link":"https:\/\/www.europesays.com\/fr\/483725\/","title":{"rendered":"Deux hommes bless\u00e9s apr\u00e8s avoir percut\u00e9 un v\u00e9hicule de chantier"},"content":{"rendered":"<p>Les messages de pr\u00e9vention <a href=\"https:\/\/www.20minutes.fr\/societe\/2998323-20210314-bretagne-agents-routes-marre-mettre-vie-danger\" class=\"c-link c-link--is-underlined\" target=\"_blank\" rel=\"noopener\">ont beau continuer \u00e0 \u00eatre diffus\u00e9s<\/a>, mais les accidents ne se sont pas arr\u00eat\u00e9s. Dans la nuit du mercredi\u00a022 au jeudi 23\u00a0octobre, un fourgon de la Direction interr\u00e9gionale des routes de l\u2019Ouest (Diro) a \u00e9t\u00e9 percut\u00e9 sur la rocade de Rennes. D\u2019apr\u00e8s les pompiers, la voiture est venue <a href=\"https:\/\/www.20minutes.fr\/faits_divers\/3246195-20220304-ille-vilaine-direction-routes-pousse-coup-gueule-apres-nouvel-accident\" class=\"c-link c-link--is-underlined\" target=\"_blank\" rel=\"noopener\">s\u2019empaler dans une remorque de fl\u00e9chage<\/a> install\u00e9e pour signaler un chantier de nuit \u00e0 hauteur de la porte d\u2019Angers.<\/p>\n<p>Alert\u00e9s peu avant 2 heures du matin, les secours ont pris en charge les deux occupants de la voiture. \u00c2g\u00e9s de 23 et 25 ans, ils ont \u00e9t\u00e9 transport\u00e9s \u00e0 l\u2019h\u00f4pital Pontchaillou en \u00e9tat d\u2019urgence relative. Aucun agent n\u2019a \u00e9t\u00e9 bless\u00e9.<\/p>\n<\/p>\n<p>Depuis plusieurs mois, les directions des routes fran\u00e7aises se mobilisent pour tenter d\u2019alerter les automobilistes de <a href=\"https:\/\/www.20minutes.fr\/societe\/4175459-20250927-tres-mal-connue-regle-code-route-presque-personne-respecte\" class=\"c-link c-link--is-underlined\" target=\"_blank\" rel=\"noopener\">la n\u00e9cessit\u00e9 de respecter le corridor de s\u00e9curit\u00e9<\/a>. Une r\u00e8gle m\u00e9connue du Code de la route qui oblige les conducteurs \u00e0 se d\u00e9porter quand un v\u00e9hicule de chantier est stationn\u00e9 sur le bord de la route. Ou au moins \u00e0 ralentir s\u2019ils ne peuvent se d\u00e9porter.<\/p>\n<p>D\u00e9j\u00e0 un accident quelques heures plus t\u00f4t<\/p>\n<p>Mercredi, c\u2019est un camion du d\u00e9partement d\u2019Ille-et-Vilaine qui a \u00e9t\u00e9 percut\u00e9 par un automobiliste sur la RN137 entre Rennes et Saint-Malo. A hauteur d\u2019H\u00e9d\u00e9-Bazouges, il a embouti le v\u00e9hicule d\u2019intervention positionn\u00e9 <a href=\"https:\/\/www.francebleu.fr\/infos\/transports\/un-fourgon-orange-de-la-route-percute-entre-saint-malo-et-rennes-une-cellule-psychologique-mise-en-place-3680744\" rel=\"nofollow noopener\" target=\"_blank\" class=\"c-link c-link--is-underlined\">pour prot\u00e9ger les agents qui d\u00e9broussaillaient<\/a>. Ces accidents sont r\u00e9guli\u00e8rement attribu\u00e9s \u00e0 des d\u00e9fauts de concentration, souvent caus\u00e9s par l\u2019usage du t\u00e9l\u00e9phone au volant.<\/p>\n","protected":false},"excerpt":{"rendered":"Les messages de pr\u00e9vention ont beau continuer \u00e0 \u00eatre diffus\u00e9s, mais les accidents ne se sont pas arr\u00eat\u00e9s.&hellip;\n","protected":false},"author":2,"featured_media":483726,"comment_status":"","ping_status":"","sticky":false,"template":"","format":"standard","meta":{"footnotes":""},"categories":[2821],"tags":[119,4376,1111,47,11,829,10786,1777,674,118,1011,27,848,12,1311,584,25,4797,2086,4752],"class_list":{"0":"post-483725","1":"post","2":"type-post","3":"status-publish","4":"format-standard","5":"has-post-thumbnail","7":"category-rennes","8":"tag-accident","9":"tag-accident-de-la-route","10":"tag-actu","11":"tag-actualite","12":"tag-actualites","13":"tag-bretagne","14":"tag-code-de-la-route","15":"tag-eu","16":"tag-europe","17":"tag-faits-divers","18":"tag-fr","19":"tag-france","20":"tag-ille-et-vilaine","21":"tag-news","22":"tag-pompiers","23":"tag-rennes","24":"tag-republique-francaise","25":"tag-rocade","26":"tag-travaux","27":"tag-voiture"},"share_on_mastodon":{"url":"https:\/\/pubeurope.com\/@fr\/115422116220956053","error":""},"_links":{"self":[{"href":"https:\/\/www.europesays.com\/fr\/wp-json\/wp\/v2\/posts\/483725","targetHints":{"allow":["GET"]}}],"collection":[{"href":"https:\/\/www.europesays.com\/fr\/wp-json\/wp\/v2\/posts"}],"about":[{"href":"https:\/\/www.europesays.com\/fr\/wp-json\/wp\/v2\/types\/post"}],"author":[{"embeddable":true,"href":"https:\/\/www.europesays.com\/fr\/wp-json\/wp\/v2\/users\/2"}],"replies":[{"embeddable":true,"href":"https:\/\/www.europesays.com\/fr\/wp-json\/wp\/v2\/comments?post=483725"}],"version-history":[{"count":0,"href":"https:\/\/www.europesays.com\/fr\/wp-json\/wp\/v2\/posts\/483725\/revisions"}],"wp:featuredmedia":[{"embeddable":true,"href":"https:\/\/www.europesays.com\/fr\/wp-json\/wp\/v2\/media\/483726"}],"wp:attachment":[{"href":"https:\/\/www.europesays.com\/fr\/wp-json\/wp\/v2\/media?parent=483725"}],"wp:term":[{"taxonomy":"category","embeddable":true,"href":"https:\/\/www.europesays.com\/fr\/wp-json\/wp\/v2\/categories?post=483725"},{"taxonomy":"post_tag","embeddable":true,"href":"https:\/\/www.europesays.com\/fr\/wp-json\/wp\/v2\/tags?post=483725"}],"curies":[{"name":"wp","href":"https:\/\/api.w.org\/{rel}","templated":true}]}}