{"id":483727,"date":"2025-10-23T06:41:24","date_gmt":"2025-10-23T06:41:24","guid":{"rendered":"https:\/\/www.europesays.com\/fr\/483727\/"},"modified":"2025-10-23T06:41:24","modified_gmt":"2025-10-23T06:41:24","slug":"strasbourg-pour-jan-kounen-lhomme-qui-retrecit-est-une-fable-qui-nous-grandit-2","status":"publish","type":"post","link":"https:\/\/www.europesays.com\/fr\/483727\/","title":{"rendered":"Strasbourg. Pour Jan Kounen, \u201cL\u2019Homme qui r\u00e9tr\u00e9cit\u201d est une fable qui nous grandit"},"content":{"rendered":"<p>Il y a ceux qui pleurent, ceux qui rient. Ceux qui, parfois, font les deux, aussi. Il y a ceux qui sont conquis, et il y a les autres, que l\u2019exp\u00e9rience a laiss\u00e9s interdits. \u00c0 la sortie de la projection de L\u2019Homme qui r\u00e9tr\u00e9cit , organis\u00e9e <a href=\"https:\/\/www.dna.fr\/culture-loisirs\/2025\/09\/27\/des-stars-et-des-convictions-pour-l-ouverture-du-festival-du-film-fantastique\" target=\"_blank\" rel=\"noopener\">en avant-premi\u00e8re lors du Festival europ\u00e9en du film fantastique de Strasbourg<\/a>, les partis pris de Jan Kounen ( Dobermann , BlueBerry , 99\u00a0francs \u2026) font d\u00e9bat, cr\u00e9ent de la vie. Et c\u2019est tr\u00e8s bien ainsi.<\/p>\n<p>  Dans aucune case<\/p>\n<p>Le long-m\u00e9trage du cin\u00e9aste ne laisse pas le public strasbourgeois indiff\u00e9rent. Peut-\u00eatre parce qu\u2019il n\u2019entre dans aucune case.\u00a0Film d\u2019aventure, comme le classique de Jack Arnold sorti en 1957\u00a0? Pas r\u00e9ellement. Com\u00e9die port\u00e9e par <a href=\"https:\/\/www.dna.fr\/culture-loisirs\/2025\/09\/27\/jean-dujardin-au-festival-europeen-du-film-fantastique-pour-presenter-l-homme-qui-retrecit\" target=\"_blank\" rel=\"noopener\">le jeu de son acteur principal, Jean Dujardin<\/a> ? Pas davantage, assur\u00e9ment. Interrog\u00e9 \u00e0 l\u2019occasion de sa venue dans la capitale alsacienne, Jan Kounen tente, doucement. \u00ab\u00a0Moi, je d\u00e9finis ce film comme un drame parce que c\u2019est un drame pour le personnage. Et parce que Jean a jou\u00e9 son r\u00f4le comme un drame.\u00a0\u00bb Mais le r\u00e9alisateur n\u2019impose pas non plus, pas vraiment. Il conc\u00e8de\u00a0: \u00ab\u00a0J\u2019ai mis un peu d\u2019humour dans tout \u00e7a, mais je ne l\u2019ai pas tellement mis en avant.\u00a0\u00bb<\/p>\n<p>Lui s\u2019amuse surtout de ces h\u00e9sitations, adore cela, m\u00eame, parce que c\u2019est l\u2019image d\u2019une fable initiatique qu\u2019il d\u00e9fend, avec ce qu\u2019elle v\u00e9hicule de surr\u00e9aliste et d\u2019interloquant. L\u2019histoire d\u2019un homme qui va dispara\u00eetre aux yeux des siens, de sa famille, des hommes, \u00e0 force de rapetisser, et qui va devoir repenser tout son rapport au monde face \u00e0 de nouveaux g\u00e9ants.<\/p>\n<p>  \u00ab\u00a0R\u00e9duire, c\u2019est la disparition de l\u2019ego\u00a0\u00bb<\/p>\n<p>S\u2019il ne donne rien pour acquis, s\u2019il invite les spectateurs \u00e0 penser eux-m\u00eames la morale de cette histoire, L\u2019Homme qui r\u00e9tr\u00e9cit serait en tout cas une le\u00e7on de vie, une fa\u00e7on de revoir sa place dans l\u2019univers avec davantage de philosophie. De relativiser l\u2019importance de l\u2019homme, aussi, dans le grand cycle de l\u2019existence, dans une nature qui sera encore l\u00e0 longtemps apr\u00e8s lui. \u00ab\u00a0R\u00e9duire, c\u2019est comme un bad trip , c\u2019est la mort de l\u2019identit\u00e9, la disparition de l\u2019ego\u00a0\u00bb, estime Jan Kounen. Mais c\u2019est \u00e9galement la promesse d\u2019une r\u00e9demption n\u00e9e de l\u2019acceptation. \u00ab\u00a0Si on accepte que finalement on n\u2019est rien, on devient tout\u00a0\u00bb, continue le r\u00e9alisateur. Comme une r\u00e9conciliation ultime avec tout ce dont l\u2019homme s\u2019est coup\u00e9 \u00e0 force de civilisation.<\/p>\n<p>R\u00e9alis\u00e9 pour un budget de 18\u00a0millions d\u2019euros, L\u2019Homme qui r\u00e9tr\u00e9cit veut croire en cette communion retrouv\u00e9e. Le regard de Jan Kounen, forg\u00e9 durant des ann\u00e9es aupr\u00e8s des chamans p\u00e9ruviens, n\u2019occulte pourtant pas le chemin, tristement autre, pris par l\u2019humanit\u00e9. \u00ab\u00a0On est dans un vaisseau spatial, on est des passagers qui font la f\u00eate, qui saccagent et d\u00e9truisent tout, et on a oubli\u00e9 qu\u2019on faisait partie du personnel d\u2019entretien. C\u2019est surr\u00e9aliste d\u2019avoir occult\u00e9 comme \u00e7a notre lien \u00e0 la nature. Je n\u2019ai aucune inqui\u00e9tude pour la plan\u00e8te, mais on pourrait faire tellement mieux. On est vraiment des \u00eatres balbutiants au niveau de notre conscience en tant que soci\u00e9t\u00e9.\u00a0\u00bb L\u2019heure de grandir a bien sonn\u00e9\u2026<\/p>\n<p class=\"note\">L\u2019Homme qui r\u00e9tr\u00e9cit sort sur les \u00e9crans le 22\u00a0octobre.<\/p>\n","protected":false},"excerpt":{"rendered":"Il y a ceux qui pleurent, ceux qui rient. Ceux qui, parfois, font les deux, aussi. Il y&hellip;\n","protected":false},"author":2,"featured_media":482166,"comment_status":"","ping_status":"","sticky":false,"template":"","format":"standard","meta":{"footnotes":""},"categories":[2820],"tags":[1111,11,650,1687,436,1777,674,107,1011,27,775,9588,12,25,104,640,2205],"class_list":{"0":"post-483727","1":"post","2":"type-post","3":"status-publish","4":"format-standard","5":"has-post-thumbnail","7":"category-strasbourg","8":"tag-actu","9":"tag-actualites","10":"tag-cinema","11":"tag-culture-loisirs","12":"tag-environnement","13":"tag-eu","14":"tag-europe","15":"tag-fil-info","16":"tag-fr","17":"tag-france","18":"tag-grand-est","19":"tag-ici-on-agit","20":"tag-news","21":"tag-republique-francaise","22":"tag-societe","23":"tag-strasbourg","24":"tag-television-medias"},"share_on_mastodon":{"url":"https:\/\/pubeurope.com\/@fr\/115422120044218549","error":""},"_links":{"self":[{"href":"https:\/\/www.europesays.com\/fr\/wp-json\/wp\/v2\/posts\/483727","targetHints":{"allow":["GET"]}}],"collection":[{"href":"https:\/\/www.europesays.com\/fr\/wp-json\/wp\/v2\/posts"}],"about":[{"href":"https:\/\/www.europesays.com\/fr\/wp-json\/wp\/v2\/types\/post"}],"author":[{"embeddable":true,"href":"https:\/\/www.europesays.com\/fr\/wp-json\/wp\/v2\/users\/2"}],"replies":[{"embeddable":true,"href":"https:\/\/www.europesays.com\/fr\/wp-json\/wp\/v2\/comments?post=483727"}],"version-history":[{"count":0,"href":"https:\/\/www.europesays.com\/fr\/wp-json\/wp\/v2\/posts\/483727\/revisions"}],"wp:featuredmedia":[{"embeddable":true,"href":"https:\/\/www.europesays.com\/fr\/wp-json\/wp\/v2\/media\/482166"}],"wp:attachment":[{"href":"https:\/\/www.europesays.com\/fr\/wp-json\/wp\/v2\/media?parent=483727"}],"wp:term":[{"taxonomy":"category","embeddable":true,"href":"https:\/\/www.europesays.com\/fr\/wp-json\/wp\/v2\/categories?post=483727"},{"taxonomy":"post_tag","embeddable":true,"href":"https:\/\/www.europesays.com\/fr\/wp-json\/wp\/v2\/tags?post=483727"}],"curies":[{"name":"wp","href":"https:\/\/api.w.org\/{rel}","templated":true}]}}