{"id":483732,"date":"2025-10-23T06:44:16","date_gmt":"2025-10-23T06:44:16","guid":{"rendered":"https:\/\/www.europesays.com\/fr\/483732\/"},"modified":"2025-10-23T06:44:16","modified_gmt":"2025-10-23T06:44:16","slug":"diffusion-celta-vigo-ogc-nice-a-quelle-heure-et-sur-quelle-chaine-voir-le-match-en-direct","status":"publish","type":"post","link":"https:\/\/www.europesays.com\/fr\/483732\/","title":{"rendered":"Diffusion Celta Vigo \u2013 OGC Nice : \u00e0 quelle heure et sur quelle cha\u00eene voir le match en direct ?"},"content":{"rendered":"<p class=\"paragraph text_align_left lp-f-body-02\">\u00c0 l\u2019heure de disputer la troisi\u00e8me journ\u00e9e de l\u2019UEFA Europa League, les joueurs du Celta Vigo se maintiennent dans la premi\u00e8re partie du tableau, avec trois points au compteur. Apr\u00e8s avoir subi une d\u00e9faite contre Stuttgart (2-1), les hommes de Claudio Giraldez ont renou\u00e9 avec le succ\u00e8s face au PAOK (3-1). Cette semaine, le Celta Vigo a l\u2019occasion de se rapprocher des huit premi\u00e8res places et d\u2019une qualification directe en huiti\u00e8mes de finale. Le club tricolore, quant \u00e0 lui, a multipli\u00e9 les revers. Jusqu\u2019\u00e0 pr\u00e9sent, l\u2019\u00e9quipe men\u00e9e par Kevin Carlos s\u2019est inclin\u00e9e \u00e0 deux reprises face \u00e0 la Roma (1-2) et au Fenerbah\u00e7e SK (2-1). En position d\u2019\u00e9limination, Nice n\u2019a pas d\u2019autre choix que d\u2019obtenir les trois premiers points de la saison pour rester dans la course aux barrages. Dans ces lignes on vous dit \u00e0 quelle heure et sur quelle cha\u00eene voir le match Celta Vigo \u2013 OGC Nice en direct ce jeudi soir.<\/p>\n<p>Diffusion Celta Vigo \u2013 OGC Nice en direct : sur quelle cha\u00eene regarder le match ?<\/p>\n<p class=\"paragraph text_align_left lp-f-body-02\"><b>Le match qui oppose Celta Vigo et Nice est diffus\u00e9 ce jeudi 23 octobre <\/b><a href=\"https:\/\/ad.doubleclick.net\/ddm\/trackclk\/N6600.145219.LEPARISIEN.FR\/B32944843.412602242;dc_trk_aid=604786702;dc_trk_cid=228480032;dc_lat=;dc_rdid=;tag_for_child_directed_treatment=;tfua=;gdpr=${GDPR};gdpr_consent=${GDPR_CONSENT_755};ltd=;dc_tdv=1\" target=\"_blank\" rel=\"sponsored nofollow noopener\"><b>en direct sur la cha\u00eene CANAL+ FOOT<\/b><\/a><b>. La rencontre est \u00e0 suivre d\u00e8s 21h. <\/b>L\u2019arbitre Sander van der Eijk dirigera la confrontation assist\u00e9 de Dennis Higler et de Richard Martens \u00e0 la VAR. <\/p>\n<p class=\"paragraph text_align_left lp-f-body-02\"><b>Cliquez ici pour <\/b><a href=\"https:\/\/ad.doubleclick.net\/ddm\/trackclk\/N6600.145219.LEPARISIEN.FR\/B32944843.412602242;dc_trk_aid=604786702;dc_trk_cid=228480032;dc_lat=;dc_rdid=;tag_for_child_directed_treatment=;tfua=;gdpr=${GDPR};gdpr_consent=${GDPR_CONSENT_755};ltd=;dc_tdv=1\" target=\"_blank\" rel=\"sponsored nofollow noopener\"><b>suivre le match en direct <\/b><\/a><\/p>\n<p class=\"paragraph text_align_left lp-f-body-02\"><b>Les infos \u00e0 retenir pour voir le match Celta Vigo \u2013 OGC Nice en direct : <\/b><\/p>\n<p class=\"paragraph text_align_left lp-f-body-02\"><b>Date : <\/b>jeudi 23 octobre 2025<\/p>\n<p class=\"paragraph text_align_left lp-f-body-02\"><b>Heure du match :<\/b> 21h00<\/p>\n<p class=\"paragraph text_align_left lp-f-body-02\"><b>Cha\u00eene :<\/b> CANAL+ FOOT<\/p>\n","protected":false},"excerpt":{"rendered":"\u00c0 l\u2019heure de disputer la troisi\u00e8me journ\u00e9e de l\u2019UEFA Europa League, les joueurs du Celta Vigo se maintiennent&hellip;\n","protected":false},"author":2,"featured_media":483733,"comment_status":"","ping_status":"","sticky":false,"template":"","format":"standard","meta":{"footnotes":""},"categories":[2819],"tags":[1111,11,60707,1777,674,63,1011,27,749,12,2401,882,25,6718],"class_list":{"0":"post-483732","1":"post","2":"type-post","3":"status-publish","4":"format-standard","5":"has-post-thumbnail","7":"category-nice","8":"tag-actu","9":"tag-actualites","10":"tag-celta-vigo-ogc-nice","11":"tag-eu","12":"tag-europe","13":"tag-football","14":"tag-fr","15":"tag-france","16":"tag-guide-shopping","17":"tag-news","18":"tag-nice","19":"tag-provence-alpes-cote-dazur","20":"tag-republique-francaise","21":"tag-tv-streaming"},"share_on_mastodon":{"url":"https:\/\/pubeurope.com\/@fr\/115422132007211806","error":""},"_links":{"self":[{"href":"https:\/\/www.europesays.com\/fr\/wp-json\/wp\/v2\/posts\/483732","targetHints":{"allow":["GET"]}}],"collection":[{"href":"https:\/\/www.europesays.com\/fr\/wp-json\/wp\/v2\/posts"}],"about":[{"href":"https:\/\/www.europesays.com\/fr\/wp-json\/wp\/v2\/types\/post"}],"author":[{"embeddable":true,"href":"https:\/\/www.europesays.com\/fr\/wp-json\/wp\/v2\/users\/2"}],"replies":[{"embeddable":true,"href":"https:\/\/www.europesays.com\/fr\/wp-json\/wp\/v2\/comments?post=483732"}],"version-history":[{"count":0,"href":"https:\/\/www.europesays.com\/fr\/wp-json\/wp\/v2\/posts\/483732\/revisions"}],"wp:featuredmedia":[{"embeddable":true,"href":"https:\/\/www.europesays.com\/fr\/wp-json\/wp\/v2\/media\/483733"}],"wp:attachment":[{"href":"https:\/\/www.europesays.com\/fr\/wp-json\/wp\/v2\/media?parent=483732"}],"wp:term":[{"taxonomy":"category","embeddable":true,"href":"https:\/\/www.europesays.com\/fr\/wp-json\/wp\/v2\/categories?post=483732"},{"taxonomy":"post_tag","embeddable":true,"href":"https:\/\/www.europesays.com\/fr\/wp-json\/wp\/v2\/tags?post=483732"}],"curies":[{"name":"wp","href":"https:\/\/api.w.org\/{rel}","templated":true}]}}