{"id":483734,"date":"2025-10-23T06:45:14","date_gmt":"2025-10-23T06:45:14","guid":{"rendered":"https:\/\/www.europesays.com\/fr\/483734\/"},"modified":"2025-10-23T06:45:14","modified_gmt":"2025-10-23T06:45:14","slug":"lepineuse-equation-du-relogement-des-roms","status":"publish","type":"post","link":"https:\/\/www.europesays.com\/fr\/483734\/","title":{"rendered":"l\u2019\u00e9pineuse \u00e9quation du relogement des Roms"},"content":{"rendered":"<p>Une \u00e9paisse fum\u00e9e noire monte du bidonville du Moulin des Marais II, dans l\u2019est de Nantes, ce <a href=\"https:\/\/www.ouest-france.fr\/faits-divers\/incendie\/video-un-impressionnant-incendie-se-declenche-dans-une-decharge-de-la-prairie-de-mauves-a-nantes-33b4ff98-163b-349e-9340-da3554c0d2c2\" target=\"_blank\" rel=\"noopener\">dimanche 5 octobre au matin<\/a>. Le feu a pris dans une impressionnante colline de plusieurs m\u00e8tres de haut, m\u00ealant ferraille, \u00e9lectrom\u00e9nager et pneus. Sans faire aucun bless\u00e9 finalement, alors que 100 Roms ont \u00e9t\u00e9 \u00e9vacu\u00e9s de ce campement situ\u00e9 dans le quartier du Vieux Doulon. L\u2019insalubrit\u00e9, la proximit\u00e9 de caravanes de bric et de broc et, surtout, la pr\u00e9sence de bonbonnes de gaz dans les d\u00e9tritus, ont n\u00e9anmoins fait redouter le\u00a0pire.<\/p>\n<p>Si les cons\u00e9quences sont rest\u00e9es limit\u00e9es, cet incendie a n\u00e9anmoins relanc\u00e9 le d\u00e9bat sur l\u2019avenir de ces nombreux campements roms qui entourent le centre de la m\u00e9tropole. Pour rappel, 64 bidonvilles y sont recens\u00e9s pour un total de 3 400 habitants, dont un tiers d\u2019enfants, selon la Dihal. La Loire\u2010Atlantique est le deuxi\u00e8me d\u00e9partement qui en compte le plus, juste apr\u00e8s la Seine\u2010Saint\u2010Denis. Beaucoup d\u2019adultes qui y r\u00e9sident travaillent dans la ceinture mara\u00eech\u00e8re ou le vignoble nantais.\u00a0<\/p>\n<p>https:\/\/www.mediacites.fr\/enquete\/nantes\/2018\/04\/26\/derriere-le-muguet-les-petites-mains-roumaines-du-maraichage-nantais\/<br \/>Zizanie \u00e0 Doulon<br \/>Parmi ces bidonvilles, celui du Moulin des Marais II, abrite une soixantaine de personnes, pour moiti\u00e9 des mineurs. Quelques jours apr\u00e8s l\u2019incendie, le quotidien a repris son cours, dans une forte odeur de plastique br\u00fbl\u00e9. C\u2019est dans ce m\u00eame secteur que doit \u00eatre construit, en mai 2029, le <a href=\"https:\/\/www.batiactu.com\/edito\/nantes-se-dote-deux-equipements-haute-voltige-spectacle-70633.php\" target=\"_blank\" rel=\"noopener\">nouveau p\u00f4le d\u2019arts du\u00a0\u2026<\/a><\/p>\n<p>Nous vous offrons l\u2019acc\u00e8s \u00e0 cet article<\/p>\n<p>Et \u00e0 toutes nos enqu\u00eates pendant deux jours\u00a0\u00a0! <br \/>Oui, on est g\u00e9n\u00e9reux \ud83d\ude09 Mais pensez aussi \u00e0 <a href=\"https:\/\/www.mediacites.fr\/sabonner\/\" target=\"_blank\" style=\"color:#fff\" rel=\"noopener\">vous abonner<\/a>\u00a0\u00a0!<\/p>\n<p>\t\tEn renseignant votre adresse, vous acceptez nos <a href=\"https:\/\/www.mediacites.fr\/conditions-generales-d-utilisation\/\" target=\"_blank\" rel=\"noopener\">conditions g\u00e9n\u00e9rales d\u2019utilisation<\/a>. <br \/>Mediacit\u00e9s s\u2019engage \u00e0 ne pas c\u00e9der votre adresse \u00e0 des tiers. En cas d\u2019\u00e9chec, \u00e9crivez \u00e0 <a href=\"https:\/\/www.mediacites.fr\/enquete\/nantes\/2025\/10\/23\/bidonvilles-a-nantes-lepineuse-equation-du-relogement-des-roms\/mailto:contact@mediacites.fr\" target=\"_blank\" rel=\"noopener\">contact@mediacites.fr<\/a><\/p>\n<ul>\n<li>J\u2019acc\u00e8de aux 4 \u00e9ditions de Mediacit\u00e9s (Lille, Lyon, Nantes et Toulouse)<\/li>\n<li>Je d\u00e9couvre un m\u00e9dia 100 % ind\u00e9pendant, avec 0 % de publicit\u00e9<\/li>\n<\/ul>\n<p>Envie de lire la\u00a0suite\u202f?<\/p>\n<p>Depuis neuf ans, Mediacit\u00e9s enqu\u00eate en toute ind\u00e9pendance dans votre ville. Gr\u00e2ce \u00e0 ses lecteurs\u202f! Abonnez\u2010vous pour ne rien manquer de nos enqu\u00eates, suivre les \u00e9lections municipales et soutenir un journal local d\u2019investigation.<\/p>\n<ul>\n<li>Acc\u00e8s aux 4 \u00e9ditions de Mediacit\u00e9s (Lille, Lyon, Nantes et Toulouse)<\/li>\n<li>100 % ind\u00e9pendant, avec 0 % de publicit\u00e9<\/li>\n<li>R\u00e9siliation facile \u00e0 tout moment<\/li>\n<\/ul>\n<p>Mediacit\u00e9s offre l\u2019acc\u00e8s \u00e0 cet article aux lecteurs de News2Com<\/p>\n<p>Et \u00e0 toutes nos enqu\u00eates pendant deux jours\u00a0\u00a0! <br \/>Oui, on est g\u00e9n\u00e9reux \ud83d\ude09 Mais pensez aussi \u00e0 <a href=\"https:\/\/www.mediacites.fr\/sabonner\/\" target=\"_blank\" style=\"color:#fff\" rel=\"noopener\">vous abonner<\/a>\u00a0\u00a0!<\/p>\n<p>\t\tEn renseignant votre adresse, vous acceptez nos <a href=\"https:\/\/www.mediacites.fr\/conditions-generales-d-utilisation\/\" target=\"_blank\" rel=\"noopener\">conditions g\u00e9n\u00e9rales d\u2019utilisation<\/a>. <br \/>Mediacit\u00e9s s\u2019engage \u00e0 ne pas c\u00e9der votre adresse \u00e0 des tiers. En cas d\u2019\u00e9chec, \u00e9crivez \u00e0 <a href=\"https:\/\/www.mediacites.fr\/enquete\/nantes\/2025\/10\/23\/bidonvilles-a-nantes-lepineuse-equation-du-relogement-des-roms\/mailto:contact@mediacites.fr\" target=\"_blank\" rel=\"noopener\">contact@mediacites.fr<\/a><\/p>\n<ul>\n<li>J\u2019acc\u00e8de aux 4 \u00e9ditions de Mediacit\u00e9s (Lille, Lyon, Nantes et Toulouse)<\/li>\n<li>Je d\u00e9couvre un m\u00e9dia 100 % ind\u00e9pendant, avec 0 % de publicit\u00e9<\/li>\n<\/ul>\n","protected":false},"excerpt":{"rendered":"Une \u00e9paisse fum\u00e9e noire monte du bidonville du Moulin des Marais II, dans l\u2019est de Nantes, ce dimanche&hellip;\n","protected":false},"author":2,"featured_media":483735,"comment_status":"","ping_status":"","sticky":false,"template":"","format":"standard","meta":{"footnotes":""},"categories":[2818],"tags":[1111,11,60708,30124,60709,1067,1777,674,48824,1011,27,60710,2903,6945,16579,1908,60711,12597,766,12,2636,60712,25,21088,28866,3945,60713,60714],"class_list":{"0":"post-483734","1":"post","2":"type-post","3":"status-publish","4":"format-standard","5":"has-post-thumbnail","7":"category-nantes","8":"tag-actu","9":"tag-actualites","10":"tag-alcea","11":"tag-doulon","12":"tag-doulon-vieux-doulon","13":"tag-enquete","14":"tag-eu","15":"tag-europe","16":"tag-foulques-chombart-de-lauwe","17":"tag-fr","18":"tag-france","19":"tag-francois-prochasson","20":"tag-gens-du-voyage","21":"tag-johanna-rolland","22":"tag-julien-bainvel","23":"tag-logement","24":"tag-margot-medkour","25":"tag-mur","26":"tag-nantes","27":"tag-news","28":"tag-pays-de-la-loire","29":"tag-prairie-de-mauves","30":"tag-republique-francaise","31":"tag-roms","32":"tag-scolarisation","33":"tag-terrain","34":"tag-trajectoires","35":"tag-trisac"},"share_on_mastodon":{"url":"https:\/\/pubeurope.com\/@fr\/115422135836077600","error":""},"_links":{"self":[{"href":"https:\/\/www.europesays.com\/fr\/wp-json\/wp\/v2\/posts\/483734","targetHints":{"allow":["GET"]}}],"collection":[{"href":"https:\/\/www.europesays.com\/fr\/wp-json\/wp\/v2\/posts"}],"about":[{"href":"https:\/\/www.europesays.com\/fr\/wp-json\/wp\/v2\/types\/post"}],"author":[{"embeddable":true,"href":"https:\/\/www.europesays.com\/fr\/wp-json\/wp\/v2\/users\/2"}],"replies":[{"embeddable":true,"href":"https:\/\/www.europesays.com\/fr\/wp-json\/wp\/v2\/comments?post=483734"}],"version-history":[{"count":0,"href":"https:\/\/www.europesays.com\/fr\/wp-json\/wp\/v2\/posts\/483734\/revisions"}],"wp:featuredmedia":[{"embeddable":true,"href":"https:\/\/www.europesays.com\/fr\/wp-json\/wp\/v2\/media\/483735"}],"wp:attachment":[{"href":"https:\/\/www.europesays.com\/fr\/wp-json\/wp\/v2\/media?parent=483734"}],"wp:term":[{"taxonomy":"category","embeddable":true,"href":"https:\/\/www.europesays.com\/fr\/wp-json\/wp\/v2\/categories?post=483734"},{"taxonomy":"post_tag","embeddable":true,"href":"https:\/\/www.europesays.com\/fr\/wp-json\/wp\/v2\/tags?post=483734"}],"curies":[{"name":"wp","href":"https:\/\/api.w.org\/{rel}","templated":true}]}}