{"id":483736,"date":"2025-10-23T06:46:14","date_gmt":"2025-10-23T06:46:14","guid":{"rendered":"https:\/\/www.europesays.com\/fr\/483736\/"},"modified":"2025-10-23T06:46:14","modified_gmt":"2025-10-23T06:46:14","slug":"soiree-pour-les-meres-ou-en-journee-fete-sans-alcool-pour-les-ados-a-nantes-un-celebre-club-innove","status":"publish","type":"post","link":"https:\/\/www.europesays.com\/fr\/483736\/","title":{"rendered":"Soir\u00e9e pour les m\u00e8res ou en journ\u00e9e, f\u00eate sans alcool pour les ados&#8230; \u00c0 Nantes, un c\u00e9l\u00e8bre club innove"},"content":{"rendered":"<p>\n    Le Warehouse , qui a ouvert en 2017, propose de nouveaux concepts de soir\u00e9es. Objectif\u00a0: toucher de nouveaux publics.<\/p>\n<p class=\"fig-paragraph\">C\u2019est un incontournable o\u00f9 faire la f\u00eate. \u00c0\u00a0<a href=\"http:\/\/www.lefigaro.fr\/nantes\/musee-d-arts-de-nantes-un-cadre-endommage-decouvert-lors-de-verifications-de-securite-apres-le-cambriolage-du-louvre-20251021\" target=\"_blank\" data-fig-type=\"NewsFlash\" rel=\"noopener\" data-gtm-custom-categorie=\"navigation\" data-gtm-custom-action=\"crossclick\" data-gtm-custom-label=\"Contextuel\" data-gtm-event=\"customEventSPE\" data-fig-domain=\"LEFIGARO\">Nantes<\/a>, le Warehouse, dont la renomm\u00e9e est mondiale, ne cesse d\u2019innover. Outre une riche programmation artistique le week-end, trois nouveaut\u00e9s sont annonc\u00e9es en cette p\u00e9riode automnale. Huit ans apr\u00e8s son ouverture sur l\u2019\u00eele de Nantes, l\u2019\u00e9tablissement se lance dans des concepts r\u00e9pondant \u00e0 de nouveaux modes de consommation des festivit\u00e9s.<\/p>\n<p class=\"fig-paragraph\">Avec son \u00abclub de jour\u00bb de 18h \u00e0 minuit, dont la premi\u00e8re des trois soir\u00e9es programm\u00e9es est pr\u00e9vue le 22 novembre, la discoth\u00e8que culturelle \u00abr\u00e9invente l\u2019exp\u00e9rience nocturne avec un tout nouveau format taill\u00e9 pour celles et ceux qui veulent danser t\u00f4t, vibrer et profiter d\u2019un line-up de qualit\u00e9\u2026 sans sacrifier leur nuit de sommeil\u00bb, indique dans un communiqu\u00e9 le Warehouse nantais.<\/p>\n<p>                                    <a class=\"fig-a11y-skip a11y-hidden\" href=\"#fig-a11y-skip-main-inarticle\"><br \/>\n        Passer la publicit\u00e9<br \/>\n    <\/a><\/p>\n<p>Le \u00abclub de jour\u00bb vise les trentenaires<\/p>\n<p class=\"fig-paragraph\">\u00abL\u2019objectif est de faire revenir nos clients qui \u00e9taient l\u00e0 \u00e0 l\u2019ouverture en 2017 et qui ont d\u00e9laiss\u00e9 les soir\u00e9es en prenant de l\u2019\u00e2ge\u00bb, pr\u00e9cise Rienzo Tand\u00e9, charg\u00e9 de communication du Warehouse. Plus globalement, le public cibl\u00e9 se situe autour des 30-40 ans mais ne s\u2019arr\u00eate pas l\u00e0. Les plus ou moins jeunes, fervents de ce cr\u00e9neau anticip\u00e9, sont aussi attendus. C\u00f4t\u00e9 programmation, l\u2019\u00e9tablissement \u00e9voque une \u00abune d\u00e9claration d\u2019amour \u00e0 la house music et \u00e0 ses multiples\u00a0influences \u2013 disco, funk, musiques orientales et sons \u00e9lectroniques hybrides\u00bb.<\/p>\n<p class=\"fig-paragraph\">Ce genre, nouveau au Warehouse, s\u2019inspire d\u2019une mode internationale. \u00ab\u00c0 Londres, Berlin, Amsterdam ou Ibiza, les \u00e9v\u00e9nements en fin de journ\u00e9e sont d\u00e9j\u00e0 devenus un r\u00e9flexe. Aujourd\u2019hui, on n\u2019a plus forc\u00e9ment envie de se coucher \u00e0 6h du matin pour vivre un vrai moment de f\u00eate et profiter pleinement d\u2019une exp\u00e9rience club de qualit\u00e9\u00a0\u00bb souligne Quentin Schneider, directeur artistique du Warehouse.<\/p>\n<p class=\"fig-paragraph\">Venue pour sa part d\u2019Allemagne, la soir\u00e9e \u00abMaman sort danser\u00bb, r\u00e9serv\u00e9e \u00e0 la gent f\u00e9minine, fait aussi partie des innovations de la saison. La premi\u00e8re est attendue ce vendredi. \u00abCe concept conna\u00eet un succ\u00e8s fulgurant en Europe en offrant une alternative aux soir\u00e9es qui d\u00e9butent trop tard. Ici, la f\u00eate commence \u00e0 20h et s\u2019ach\u00e8ve \u00e0 23h\u00a0: 180 minutes de danse, de convivialit\u00e9 et de l\u00e2cher-prise, sans compromettre la vie de famille ou le r\u00e9veil du lendemain\u00bb, d\u00e9crit le club nantais. Toutes les femmes, de 18 \u00e0 99 ans, sont invit\u00e9es.<\/p>\n<p>Autorisation parentale pour les soir\u00e9es ados<\/p>\n<p class=\"fig-paragraph\">Pour les plus jeunes, filles ou gar\u00e7ons, pas de jaloux. Ils auront bient\u00f4t eux aussi leur soir\u00e9e. Le 30 octobre, le Warehouse propose une \u00abBoum XXL\u00bb r\u00e9serv\u00e9e aux 13-17 ans, avec DJ Wazy aux platines. Sans alcool, cette soir\u00e9e Halloween encadr\u00e9e par des professionnels sera accessible sous r\u00e9serve de pr\u00e9senter une autorisation parentale. Ce genre d\u2019\u00e9v\u00e9nement \u00e9tait demand\u00e9 par le public, les mineurs ne pouvant se pr\u00e9senter au traditionnel showcase du samedi soir.<\/p>\n<p class=\"fig-paragraph\">R\u00e9put\u00e9 pour ses invit\u00e9s vari\u00e9s et de qualit\u00e9, le Warehouse a \u00e9t\u00e9 reconnu cette ann\u00e9e\u00a0<a href=\"http:\/\/www.lefigaro.fr\/flash-eco\/rachida-dati-annonce-un-label-pour-soutenir-et-valoriser-les-discotheques-20241129\" target=\"_blank\" data-fig-type=\"NewsFlash\" rel=\"noopener\" data-gtm-custom-categorie=\"navigation\" data-gtm-custom-action=\"crossclick\" data-gtm-custom-label=\"Contextuel\" data-gtm-event=\"customEventSPE\" data-fig-domain=\"LEFIGARO\">\u00abClub Culture\u00bb<\/a> \u00a0par le minist\u00e8re de Rachida Dati. Ce label \u00abidentifie parmi les lieux r\u00e9pondant \u00e0 l\u2019appellation courante de \u201cdiscoth\u00e8que, piste de danse\u201d ceux qui par leur activit\u00e9 de programmation et de diffusion de concerts sont un soutien \u00e0 la cr\u00e9ation artistique, \u00e0 la production et \u00e0 la diffusion d\u2019artistes DJs\u00bb, explique sur son site internet le gouvernement. Une belle reconnaissance pour l\u2019\u00e9tablissement en constante progression au niveau du public accueilli. Dans un contexte o\u00f9 bon nombre de secteurs traversent\u00a0<a href=\"http:\/\/www.lefigaro.fr\/conjoncture\/aucun-secteur-d-activite-n-a-subi-ce-qu-on-a-vecu-fragilisees-les-discotheques-en-pleine-crise-existentielle-20250820\" target=\"_blank\" data-fig-type=\"Article\" rel=\"noopener\" data-gtm-custom-categorie=\"navigation\" data-gtm-custom-action=\"crossclick\" data-gtm-custom-label=\"Contextuel\" data-gtm-event=\"customEventSPE\" data-fig-domain=\"LEFIGARO\">des crises<\/a>, \u00abces derniers mois, on ne perd pas mais on stagne. Nous sommes \u00e0 l\u2019\u00e9quilibre\u00bb, termine le charg\u00e9 de communication Rienzo Tand\u00e9.<\/p>\n","protected":false},"excerpt":{"rendered":"Le Warehouse , qui a ouvert en 2017, propose de nouveaux concepts de soir\u00e9es. Objectif\u00a0: toucher de nouveaux&hellip;\n","protected":false},"author":2,"featured_media":483737,"comment_status":"","ping_status":"","sticky":false,"template":"","format":"standard","meta":{"footnotes":""},"categories":[2818],"tags":[1111,11,5244,1777,674,1011,27,873,766,12,2636,25],"class_list":{"0":"post-483736","1":"post","2":"type-post","3":"status-publish","4":"format-standard","5":"has-post-thumbnail","7":"category-nantes","8":"tag-actu","9":"tag-actualites","10":"tag-club","11":"tag-eu","12":"tag-europe","13":"tag-fr","14":"tag-france","15":"tag-musique","16":"tag-nantes","17":"tag-news","18":"tag-pays-de-la-loire","19":"tag-republique-francaise"},"share_on_mastodon":{"url":"https:\/\/pubeurope.com\/@fr\/115422139763938185","error":""},"_links":{"self":[{"href":"https:\/\/www.europesays.com\/fr\/wp-json\/wp\/v2\/posts\/483736","targetHints":{"allow":["GET"]}}],"collection":[{"href":"https:\/\/www.europesays.com\/fr\/wp-json\/wp\/v2\/posts"}],"about":[{"href":"https:\/\/www.europesays.com\/fr\/wp-json\/wp\/v2\/types\/post"}],"author":[{"embeddable":true,"href":"https:\/\/www.europesays.com\/fr\/wp-json\/wp\/v2\/users\/2"}],"replies":[{"embeddable":true,"href":"https:\/\/www.europesays.com\/fr\/wp-json\/wp\/v2\/comments?post=483736"}],"version-history":[{"count":0,"href":"https:\/\/www.europesays.com\/fr\/wp-json\/wp\/v2\/posts\/483736\/revisions"}],"wp:featuredmedia":[{"embeddable":true,"href":"https:\/\/www.europesays.com\/fr\/wp-json\/wp\/v2\/media\/483737"}],"wp:attachment":[{"href":"https:\/\/www.europesays.com\/fr\/wp-json\/wp\/v2\/media?parent=483736"}],"wp:term":[{"taxonomy":"category","embeddable":true,"href":"https:\/\/www.europesays.com\/fr\/wp-json\/wp\/v2\/categories?post=483736"},{"taxonomy":"post_tag","embeddable":true,"href":"https:\/\/www.europesays.com\/fr\/wp-json\/wp\/v2\/tags?post=483736"}],"curies":[{"name":"wp","href":"https:\/\/api.w.org\/{rel}","templated":true}]}}