{"id":48374,"date":"2025-04-24T05:25:09","date_gmt":"2025-04-24T05:25:09","guid":{"rendered":"https:\/\/www.europesays.com\/fr\/48374\/"},"modified":"2025-04-24T05:25:09","modified_gmt":"2025-04-24T05:25:09","slug":"a-lille-une-torche-olympique-mise-aux-encheres-samedi","status":"publish","type":"post","link":"https:\/\/www.europesays.com\/fr\/48374\/","title":{"rendered":"\u00e0 Lille, une torche olympique mise aux ench\u00e8res samedi"},"content":{"rendered":"<p>            Par<br \/>\n        <strong><br \/>\n            <a href=\"https:\/\/actu.fr\/auteur\/margot-nicodeme\" title=\"Consulter tous les articles de Margot Nicod\u00e8me\" target=\"_blank\" rel=\"noopener\">Margot Nicod\u00e8me<\/a><br \/>\n        <\/strong><\/p>\n<p>        Publi\u00e9 le<\/p>\n<p>            24 avr. 2025 \u00e0 6h30        <\/p>\n<p>Certains ont <b>vu la flamme olympique de pr\u00e8s<\/b>, \u00e0 <a href=\"https:\/\/actu.fr\/hauts-de-france\/lille_59350\" target=\"_blank\" rel=\"noopener\">Lille<\/a> (Nord), alors qu\u2019elle a parcouru la ville successivement <a href=\"https:\/\/actu.fr\/hauts-de-france\/tourcoing_59599\/direct-jo-paris-2024-suivez-le-parcours-de-la-flamme-olympique-dans-le-nord-ce-mardi_61287386.html\" target=\"_blank\" rel=\"noopener\">dans les mains d\u2019\u00c8ve Gilles, Miss France 2024, et Dany Boon<\/a>. C\u2019\u00e9tait le 2\u00a0juillet dernier, et d\u00e9j\u00e0, l\u2019ambiance <a href=\"https:\/\/actu.fr\/hauts-de-france\/lille_59350\/leffet-jeux-olympiques-2024-lille-4e-destination-la-plus-prisee-sur-airbnb-cet-ete_61542962.html\" target=\"_blank\" rel=\"noopener\">JO de Paris 2024<\/a> para\u00eet loin, tr\u00e8s loin. Pour <b>figer \u00e0 tout jamais dans le temps<\/b> cet \u00e9v\u00e9nement exceptionnel, une rare opportunit\u00e9 se jouera dans la Capitale des Flandres, ce samedi 26\u00a0avril 2025. Celle<b> d\u2019acqu\u00e9rir l\u2019une des 2\u2009000 torches olympiques<\/b> con\u00e7ues par le designer Mathieu Lehanneur.<\/p>\n<p>Une torche des Jeux paralympiques 2024 en vente \u00e0 Lille\u2009: voici son estimation<\/p>\n<p class=\" wall-content\">C\u2019est l\u2019h\u00f4tel des ventes Mercier, rue des Jardins \u00e0 Lille, qui chapeautera cette vente aux ench\u00e8res insolite. La <a href=\"https:\/\/actu.fr\/normandie\/caen_14118\/un-relayeur-vend-sa-torche-des-jo-de-paris-presentee-a-caen-elle-sera-mise-aux-encheres_61887537.html\" target=\"_blank\" rel=\"noopener\">torche olympique<\/a>, produite comme toutes les autres par ArcelorMittal, constituera le lot 152. L\u2019estimation se situe entre 6\u2009000\u00a0et 10\u2009000\u00a0\u20ac, mais bien entendu, les prix peuvent rapidement s\u2019envoler, d\u2019autant plus qu\u2019il est possible d\u2019ench\u00e9rir en ligne (et donc de n\u2019importe o\u00f9).<\/p>\n<p class=\" wall-content\">On apprend dans le descriptif de l\u2019objet qu\u2019il s\u2019agit plus sp\u00e9cifiquement d\u2019une des 500 torches officielles des <a href=\"https:\/\/actu.fr\/tag\/jeux-paralympiques-paris-2024\" target=\"_blank\" rel=\"noopener\"><b>Jeux paralympiques<\/b><\/a> de Paris 2024. Elle est en acier recycl\u00e9, couleur champagne, et est fournie dans son \u00e9tui. Si vous voulez la faire tenir sur une \u00e9tag\u00e8re, sachez qu\u2019elle mesure 70\u00a0cm de haut, pour 1,5\u00a0kg.<\/p>\n<p class=\" wall-content\">193 autres lots seront vendus lors de cette session du samedi\u00a026, \u00e0 9\u2009h\u200930 (et non \u00e0 14\u2009h comme initialement pr\u00e9vu, pour cause <a href=\"https:\/\/actu.fr\/hauts-de-france\/lille_59350\/lille-grande-parade-fiesta-samedi-26-avril-voici-le-parcours-des-chars-et-ou-sera-tire-le-feu-dartifice_62535323.html\" target=\"_blank\" rel=\"noopener\">de festivit\u00e9s lille3000<\/a>). Il y aura notamment les tr\u00e8s reconnaissables \u0153uvres du street-artist Thoma Vuille, alias <b>M.Chat<\/b>, celles du Lillois <a href=\"https:\/\/actu.fr\/hauts-de-france\/marcq-en-baroeul_59378\/le-street-artist-lillois-jef-aerosol-peint-une-fresque-a-marcq-en-baroeul_35723719.html\" target=\"_blank\" rel=\"noopener\"><b>Jef A\u00e9rosol<\/b><\/a>, ou encore les sculptures de Richard Orlinski.<\/p>\n<p>Pour voir le catalogue complet de cette vente aux ench\u00e8res du samedi 26\u00a0avril \u00e0 Lille, c\u2019est <a href=\"https:\/\/www.mercier-art.com\/ventes\/vente-cataloguee-dart-du-xxe-siecle\/\" target=\"_blank\" rel=\"noopener\">ici<\/a>.Vid\u00e9os : en ce moment sur Actu<\/p>\n<p class=\" wall-content\">Suivez toute l\u2019actualit\u00e9 de vos villes et m\u00e9dias favoris en vous inscrivant \u00e0 <a href=\"https:\/\/moncompte.actu.fr\" title=\"D\u00e9couvez Mon Actu\" rel=\"nofollow noopener\" data-trk=\"{&quot;cta&quot;:{&quot;action&quot;:&quot;https:\\\/\\\/moncompte.actu.fr&quot;,&quot;category&quot;:&quot;mon compte&quot;,&quot;from&quot;:&quot;article footer&quot;,&quot;name&quot;:&quot;Mon actu&quot;,&quot;type&quot;:&quot;cta&quot;}}\" target=\"_blank\">Mon Actu<\/a>.<\/p>\n","protected":false},"excerpt":{"rendered":"Par Margot Nicod\u00e8me Publi\u00e9 le 24 avr. 2025 \u00e0 6h30 Certains ont vu la flamme olympique de pr\u00e8s,&hellip;\n","protected":false},"author":2,"featured_media":48375,"comment_status":"","ping_status":"","sticky":false,"template":"","format":"standard","meta":{"footnotes":""},"categories":[2815],"tags":[1111,11,1777,674,1011,27,811,1757,7941,1307,12,25],"class_list":{"0":"post-48374","1":"post","2":"type-post","3":"status-publish","4":"format-standard","5":"has-post-thumbnail","7":"category-lille","8":"tag-actu","9":"tag-actualites","10":"tag-eu","11":"tag-europe","12":"tag-fr","13":"tag-france","14":"tag-hauts-de-france","15":"tag-insolite","16":"tag-jo-paris-2024","17":"tag-lille","18":"tag-news","19":"tag-republique-francaise"},"share_on_mastodon":{"url":"https:\/\/pubeurope.com\/@fr\/114391280769221898","error":""},"_links":{"self":[{"href":"https:\/\/www.europesays.com\/fr\/wp-json\/wp\/v2\/posts\/48374","targetHints":{"allow":["GET"]}}],"collection":[{"href":"https:\/\/www.europesays.com\/fr\/wp-json\/wp\/v2\/posts"}],"about":[{"href":"https:\/\/www.europesays.com\/fr\/wp-json\/wp\/v2\/types\/post"}],"author":[{"embeddable":true,"href":"https:\/\/www.europesays.com\/fr\/wp-json\/wp\/v2\/users\/2"}],"replies":[{"embeddable":true,"href":"https:\/\/www.europesays.com\/fr\/wp-json\/wp\/v2\/comments?post=48374"}],"version-history":[{"count":0,"href":"https:\/\/www.europesays.com\/fr\/wp-json\/wp\/v2\/posts\/48374\/revisions"}],"wp:featuredmedia":[{"embeddable":true,"href":"https:\/\/www.europesays.com\/fr\/wp-json\/wp\/v2\/media\/48375"}],"wp:attachment":[{"href":"https:\/\/www.europesays.com\/fr\/wp-json\/wp\/v2\/media?parent=48374"}],"wp:term":[{"taxonomy":"category","embeddable":true,"href":"https:\/\/www.europesays.com\/fr\/wp-json\/wp\/v2\/categories?post=48374"},{"taxonomy":"post_tag","embeddable":true,"href":"https:\/\/www.europesays.com\/fr\/wp-json\/wp\/v2\/tags?post=48374"}],"curies":[{"name":"wp","href":"https:\/\/api.w.org\/{rel}","templated":true}]}}