{"id":483744,"date":"2025-10-23T06:52:21","date_gmt":"2025-10-23T06:52:21","guid":{"rendered":"https:\/\/www.europesays.com\/fr\/483744\/"},"modified":"2025-10-23T06:52:21","modified_gmt":"2025-10-23T06:52:21","slug":"la-circulation-est-interrompue-dans-ce-secteur","status":"publish","type":"post","link":"https:\/\/www.europesays.com\/fr\/483744\/","title":{"rendered":"la circulation est interrompue dans ce secteur"},"content":{"rendered":"<p>            Par<br \/>\n        <strong><br \/>\n            <a href=\"https:\/\/actu.fr\/auteur\/marie-lamarque\" title=\"Consulter tous les articles de Marie Lamarque\" target=\"_blank\" rel=\"noopener\">Marie Lamarque<\/a><br \/>\n        <\/strong><\/p>\n<p>        Publi\u00e9 le<\/p>\n<p>            23 oct. 2025 \u00e0 8h02        <\/p>\n<p><strong>Un pi\u00e9ton a \u00e9t\u00e9 percut\u00e9 par un train<\/strong> ce matin du jeudi 23 octobre 2025 <a href=\"https:\/\/actu.fr\/toulouse\/\" target=\"_blank\" rel=\"noopener\">\u00e0 Toulouse<\/a>. L\u2019accident a eu lieu dans la rue Fieux qui est travers\u00e9e par la ligne de chemin de fer o\u00f9 circule la ligne TER qui dessert les arr\u00eats Gallieni \u2013 Canc\u00e9rop\u00f4le au sud, et Les Ar\u00e8nes au nord. Malgr\u00e9 l\u2019intervention des pompiers et du SAMU 31, mobilis\u00e9s sur les lieux depuis 6h45,<strong> la victime est d\u00e9c\u00e9d\u00e9e<\/strong>.<\/p>\n<p>Une enqu\u00eate ouverte<\/p>\n<p class=\" wall-content\">Le choc s\u2019est produit dans ce quartier au sud-ouest de la Ville rose, pr\u00e8s du parc de Fontaine Lestang. \u00ab\u00a0Il s\u2019agissait du premier en train en circulation ce matin sur la ligne Toulouse-Auch\u00a0\u00bb, d\u00e9taille la SNCF Occitanie, contact\u00e9e par Actu Toulouse.<\/p>\n<p class=\" wall-content\">\u00c0 7h30, les secours \u00e9taient toujours mobilis\u00e9s sur les lieux : quatre pompiers et deux v\u00e9hicules. La police est \u00e9galement sur place. <strong>Une enqu\u00eate a \u00e9t\u00e9 ouverte<\/strong> afin de d\u00e9terminer les circonstances de cet accident.\u00a0<\/p>\n<p>    <a href=\"https:\/\/www.google.com\/maps\/embed?pb=!1m18!1m12!1m3!1d2889.7667936871626!2d1.4198256868200834!3d43.59057362969295!2m3!1f0!2f0!3f0!3m2!1i1024!2i768!4f13.1!3m3!1m2!1s0x12aebba373bb60f9%3A0x4cbb9a37088fd2ff!2sRue%20Fieux%2C%20Toulouse!5e0!3m2!1sfr!2sfr!4v1761198792108!5m2!1sfr!2sfr\" title=\"Ouvrie le lien\" target=\"_blank\" rel=\"noopener\">Cliquez ici pour visualiser le contenu<\/a><\/p>\n<p>Le trafic fortement perturb\u00e9<\/p>\n<p class=\" wall-content\">Cons\u00e9quence de cet accident, <strong>le trafic est fortement perturb\u00e9<\/strong> sur cette ligne de train qui passe dans la Ville rose. \u00ab\u00a0La circulation est interrompue entre Gallieni \u2013 Canc\u00e9rop\u00f4le et Saint-Cyprien \u2013 Ar\u00e8nes\u00a0\u00bb, indique la SNCF Occitanie. \u00c0 noter que <strong>seuls les trains qui circulent en direction du Gers sont \u00e0 l\u2019arr\u00eat.\u00a0<\/strong><\/p>\n<p>Vid\u00e9os : en ce moment sur ActuDes voyageurs \u00e9vacu\u00e9s<\/p>\n<p class=\" wall-content\">Une partie des voyageurs circulant \u00e0 bord du train qui a percut\u00e9 ce pi\u00e9ton a \u00e9t\u00e9 \u00e9vacu\u00e9e. Pour ceux qui souhaitaient regagner le centre-ville de la Ville rose, \u00ab\u00a0ils ont pu regagner le m\u00e9tro\u00a0\u00bb, informe la SNCF Occitanie. Les autres, \u00ab\u00a0soit un peu moins de 30 personnes\u00a0\u00bb, attendent toujours dans le train pour poursuivre leur trajet.<\/p>\n<p>\u00c0 quand une reprise du trafic ?<\/p>\n<p class=\" wall-content\"><strong>Le trafic devrait reprendre entre 9h15 et 9h30<\/strong> ce jeudi matin. Cette reprise d\u00e9pend de l\u2019avancement de l\u2019enqu\u00eate sur place, la SNCF devant attendre le feu vert de l\u2019officier de police en charge.<\/p>\n<p class=\" wall-content\">\n<p class=\" wall-content\">Personnalisez votre actualit\u00e9 en ajoutant vos villes et m\u00e9dias en favori avec <a href=\"https:\/\/moncompte.actu.fr\" title=\"D\u00e9couvez Mon Actu\" rel=\"nofollow noopener\" data-trk=\"{&quot;cta&quot;:{&quot;action&quot;:&quot;https:\\\/\\\/moncompte.actu.fr&quot;,&quot;category&quot;:&quot;mon compte&quot;,&quot;from&quot;:&quot;article footer&quot;,&quot;name&quot;:&quot;Mon actu&quot;,&quot;type&quot;:&quot;cta&quot;}}\" target=\"_blank\">Mon Actu<\/a>.<\/p>\n","protected":false},"excerpt":{"rendered":"Par Marie Lamarque Publi\u00e9 le 23 oct. 2025 \u00e0 8h02 Un pi\u00e9ton a \u00e9t\u00e9 percut\u00e9 par un train&hellip;\n","protected":false},"author":2,"featured_media":483745,"comment_status":"","ping_status":"","sticky":false,"template":"","format":"standard","meta":{"footnotes":""},"categories":[2816],"tags":[119,1111,11,1777,674,118,1011,27,12,2680,1311,25,2312],"class_list":{"0":"post-483744","1":"post","2":"type-post","3":"status-publish","4":"format-standard","5":"has-post-thumbnail","7":"category-toulouse","8":"tag-accident","9":"tag-actu","10":"tag-actualites","11":"tag-eu","12":"tag-europe","13":"tag-faits-divers","14":"tag-fr","15":"tag-france","16":"tag-news","17":"tag-occitanie","18":"tag-pompiers","19":"tag-republique-francaise","20":"tag-toulouse"},"share_on_mastodon":{"url":"https:\/\/pubeurope.com\/@fr\/115422163357203929","error":""},"_links":{"self":[{"href":"https:\/\/www.europesays.com\/fr\/wp-json\/wp\/v2\/posts\/483744","targetHints":{"allow":["GET"]}}],"collection":[{"href":"https:\/\/www.europesays.com\/fr\/wp-json\/wp\/v2\/posts"}],"about":[{"href":"https:\/\/www.europesays.com\/fr\/wp-json\/wp\/v2\/types\/post"}],"author":[{"embeddable":true,"href":"https:\/\/www.europesays.com\/fr\/wp-json\/wp\/v2\/users\/2"}],"replies":[{"embeddable":true,"href":"https:\/\/www.europesays.com\/fr\/wp-json\/wp\/v2\/comments?post=483744"}],"version-history":[{"count":0,"href":"https:\/\/www.europesays.com\/fr\/wp-json\/wp\/v2\/posts\/483744\/revisions"}],"wp:featuredmedia":[{"embeddable":true,"href":"https:\/\/www.europesays.com\/fr\/wp-json\/wp\/v2\/media\/483745"}],"wp:attachment":[{"href":"https:\/\/www.europesays.com\/fr\/wp-json\/wp\/v2\/media?parent=483744"}],"wp:term":[{"taxonomy":"category","embeddable":true,"href":"https:\/\/www.europesays.com\/fr\/wp-json\/wp\/v2\/categories?post=483744"},{"taxonomy":"post_tag","embeddable":true,"href":"https:\/\/www.europesays.com\/fr\/wp-json\/wp\/v2\/tags?post=483744"}],"curies":[{"name":"wp","href":"https:\/\/api.w.org\/{rel}","templated":true}]}}