{"id":483746,"date":"2025-10-23T06:54:16","date_gmt":"2025-10-23T06:54:16","guid":{"rendered":"https:\/\/www.europesays.com\/fr\/483746\/"},"modified":"2025-10-23T06:54:16","modified_gmt":"2025-10-23T06:54:16","slug":"les-petits-freres-des-pauvres-organisent-une-grande-vente-tout-le-week-end","status":"publish","type":"post","link":"https:\/\/www.europesays.com\/fr\/483746\/","title":{"rendered":"les Petits fr\u00e8res des pauvres organisent une grande vente tout le week-end"},"content":{"rendered":"<p>            Par<br \/>\n        <strong><br \/>\n            <a href=\"https:\/\/actu.fr\/auteur\/nicolas-demollien\" title=\"Consulter tous les articles de Nicolas Demollien\" target=\"_blank\" rel=\"noopener\">Nicolas Demollien<\/a><br \/>\n        <\/strong><\/p>\n<p>        Publi\u00e9 le<\/p>\n<p>            23 oct. 2025 \u00e0 8h10        <\/p>\n<p>C\u2019est une <b>vente exceptionnelle<\/b> qui est organis\u00e9e ces samedi 25 et dimanche 26 octobre 2025 \u00e0 <a href=\"https:\/\/actu.fr\/hauts-de-france\/marcq-en-baroeul_59378\" target=\"_blank\" rel=\"noopener\">Marcq-en-Bar\u0153ul<\/a> (Nord). Les <b>Petits fr\u00e8res des pauvres<\/b> proposeront en effet des <b>objets tr\u00e8s divers<\/b> qui devraient ravir les<b> chineurs<\/b> et autres <b>amateurs de bonnes affaires<\/b>.<\/p>\n<p>Une grande vente solidaire des Petits fr\u00e8res des pauvres \u00e0 Marcq-en-Bar\u0153ul<\/p>\n<p class=\" wall-content\">L\u2019\u00e9v\u00e9nement se tiendra plus pr\u00e9cis\u00e9ment \u00e0 l\u2019<b>hippodrome<\/b> (137, boulevard Cl\u00e9menceau) de 10h \u00e0 18h le samedi et de 10h \u00e0 17h le dimanche.\u00a0<\/p>\n<p class=\" wall-content\">Vous trouverez sur place des choses tr\u00e8s diverses : \u00ab\u00a0bibelots, bijoux, tableaux, argenterie, vaisselle, verrerie, numismatique, ainsi qu\u2019un tr\u00e8s vaste choix de collections de timbres (albums, lots, timbres \u00e0 la pi\u00e8ce ou en vrac, sous-faciales), mat\u00e9riel philat\u00e9lique, meubles, cartes postales, vieux papiers, m\u00e9dailles et d\u00e9corations\u00a0\u00bb, d\u00e9taillent les organisateurs.<\/p>\n<p class=\" wall-content\">Une belle occasion de <b>d\u00e9nicher quelques tr\u00e9sors<\/b> mais aussi soutenir l\u2019association qui, depuis 1946, s\u2019occupe des personnes \u00e2g\u00e9es souffrant d\u2019isolement, prioritairement les plus d\u00e9munies.<\/p>\n<p>    <a href=\"https:\/\/www.facebook.com\/plugins\/post.php?href=https%3A%2F%2Fwww.facebook.com%2Fvilledemarcq%2Fposts%2Fpfbid0ceTDfw9ukUBNCGDtJqKu2NJojwhdyjNJhB4EdT2FXjuK4TbLNKQHN4bqu4F9bDEXl&amp;show_text=true&amp;width=350\" title=\"Ouvrie le lien\" target=\"_blank\" rel=\"noopener\">Cliquez ici pour visualiser le contenu<\/a><\/p>\n<p data-end=\"1619\" class=\" wall-content\">Plus d\u2019infos sur le site : <a href=\"https:\/\/www.petitsfreresdespauvres.fr\/sinformer\/evenements\/grande-vente-solidaire-des-petits-freres-des-pauvres-a-marcq-en-baroeul\/\" target=\"_blank\" rel=\"noopener\">petitsfreresdespauvres.fr<\/a>.<\/p>\n<p class=\" wall-content\">Personnalisez votre actualit\u00e9 en ajoutant vos villes et m\u00e9dias en favori avec <a href=\"https:\/\/moncompte.actu.fr\" title=\"D\u00e9couvez Mon Actu\" rel=\"nofollow noopener\" data-trk=\"{&quot;cta&quot;:{&quot;action&quot;:&quot;https:\\\/\\\/moncompte.actu.fr&quot;,&quot;category&quot;:&quot;mon compte&quot;,&quot;from&quot;:&quot;article footer&quot;,&quot;name&quot;:&quot;Mon actu&quot;,&quot;type&quot;:&quot;cta&quot;}}\" target=\"_blank\">Mon Actu<\/a>.<\/p>\n","protected":false},"excerpt":{"rendered":"Par Nicolas Demollien Publi\u00e9 le 23 oct. 2025 \u00e0 8h10 C\u2019est une vente exceptionnelle qui est organis\u00e9e ces&hellip;\n","protected":false},"author":2,"featured_media":483747,"comment_status":"","ping_status":"","sticky":false,"template":"","format":"standard","meta":{"footnotes":""},"categories":[2815],"tags":[1111,11,6557,6961,1777,674,1011,27,811,1307,1652,12,25],"class_list":{"0":"post-483746","1":"post","2":"type-post","3":"status-publish","4":"format-standard","5":"has-post-thumbnail","7":"category-lille","8":"tag-actu","9":"tag-actualites","10":"tag-bon-plan-a-lille","11":"tag-brocante","12":"tag-eu","13":"tag-europe","14":"tag-fr","15":"tag-france","16":"tag-hauts-de-france","17":"tag-lille","18":"tag-loisirs-culture","19":"tag-news","20":"tag-republique-francaise"},"share_on_mastodon":{"url":"https:\/\/pubeurope.com\/@fr\/115422171238351599","error":""},"_links":{"self":[{"href":"https:\/\/www.europesays.com\/fr\/wp-json\/wp\/v2\/posts\/483746","targetHints":{"allow":["GET"]}}],"collection":[{"href":"https:\/\/www.europesays.com\/fr\/wp-json\/wp\/v2\/posts"}],"about":[{"href":"https:\/\/www.europesays.com\/fr\/wp-json\/wp\/v2\/types\/post"}],"author":[{"embeddable":true,"href":"https:\/\/www.europesays.com\/fr\/wp-json\/wp\/v2\/users\/2"}],"replies":[{"embeddable":true,"href":"https:\/\/www.europesays.com\/fr\/wp-json\/wp\/v2\/comments?post=483746"}],"version-history":[{"count":0,"href":"https:\/\/www.europesays.com\/fr\/wp-json\/wp\/v2\/posts\/483746\/revisions"}],"wp:featuredmedia":[{"embeddable":true,"href":"https:\/\/www.europesays.com\/fr\/wp-json\/wp\/v2\/media\/483747"}],"wp:attachment":[{"href":"https:\/\/www.europesays.com\/fr\/wp-json\/wp\/v2\/media?parent=483746"}],"wp:term":[{"taxonomy":"category","embeddable":true,"href":"https:\/\/www.europesays.com\/fr\/wp-json\/wp\/v2\/categories?post=483746"},{"taxonomy":"post_tag","embeddable":true,"href":"https:\/\/www.europesays.com\/fr\/wp-json\/wp\/v2\/tags?post=483746"}],"curies":[{"name":"wp","href":"https:\/\/api.w.org\/{rel}","templated":true}]}}