{"id":483750,"date":"2025-10-23T06:56:11","date_gmt":"2025-10-23T06:56:11","guid":{"rendered":"https:\/\/www.europesays.com\/fr\/483750\/"},"modified":"2025-10-23T06:56:11","modified_gmt":"2025-10-23T06:56:11","slug":"frontieres-echappe-aux-sanctions","status":"publish","type":"post","link":"https:\/\/www.europesays.com\/fr\/483750\/","title":{"rendered":"Fronti\u00e8res \u00e9chappe aux sanctions"},"content":{"rendered":"\n<p>Un an apr\u00e8s la vague de harc\u00e8lement subie par trois avocats marseillais jet\u00e9s en p\u00e2ture par le m\u00e9dia identitaire Fronti\u00e8res qui les associait aux \u00ab\u00a0casseurs antifas\u00a0\u00bb, le tribunal judiciaire de Marseille a reconnu leur mise en danger dans son d\u00e9lib\u00e9r\u00e9 rendu ce mercredi. \u00ab\u00a0L\u2019\u00e9l\u00e9ment mat\u00e9riel du d\u00e9lit vis\u00e9 est caract\u00e9ris\u00e9, compte tenu de la diffusion sur le r\u00e9seau social X du nom et de la profession des parties civiles\u00a0\u00bb, indique la d\u00e9cision. Ceux-ci avaient t\u00e9moign\u00e9, <a href=\"https:\/\/www.lamarseillaise.fr\/societe\/frontieres-devant-les-juges-face-a-des-avocats-harceles-CN18734798\" target=\"_blank\" rel=\"noopener\">lors de l\u2019audience le 3\u00a0septembre dernier<\/a>, des commentaires haineux publi\u00e9s jusque sur leurs pages professionnelles, et des cons\u00e9quences sur leur vie priv\u00e9e. Malgr\u00e9 cela, la justice a d\u00e9cid\u00e9 de relaxer le directeur de publication Erik Tegner, estimant que \u00ab\u00a0l\u2019\u00e9l\u00e9ment intentionnel n\u2019est pas suffisamment caract\u00e9ris\u00e9\u00a0\u00bb. \u00ab\u00a0Les parties civiles ont accept\u00e9 que leur nom et leur profession soient diffus\u00e9s dans un contexte particulier dont ils avaient connaissance. D\u00e8s lors, la diffusion de cette information sur X par un m\u00e9dia d\u2019opinion oppos\u00e9e ne caract\u00e9rise pas en soi la volont\u00e9 de monsieur Erik Tegner de les exposer \u00e0 une atteinte directe\u00a0\u00bb, estime la d\u00e9cision.<\/p>\n<p>\u00ab\u00a0Quand des commentaires \u00e9crivent qu\u2019il faut \u00ab\u00a0les raser\u00a0\u00bb, est-ce que monsieur Tegner ne se doutait pas que sa publication entra\u00eenerait cela\u00a0?\u00a0\u00bb fait mine de s\u2019interroger Me\u00a0L\u00e9a Talrich, repr\u00e9sentant le Syndicat des avocats de France. Et de pointer\u00a0: \u00ab\u00a0Ce n\u2019est pas une r\u00e9ponse judiciaire que nous attendions, mais une r\u00e9ponse de l\u2019\u00e9tat\u00a0: des dispositifs doivent \u00eatre mis en place pour nous prot\u00e9ger, nous ne pouvons pas \u00eatre vis\u00e9s dans l\u2019exercice de nos fonctions\u00a0!\u00a0\u00bb<\/p>\n","protected":false},"excerpt":{"rendered":"Un an apr\u00e8s la vague de harc\u00e8lement subie par trois avocats marseillais jet\u00e9s en p\u00e2ture par le m\u00e9dia&hellip;\n","protected":false},"author":2,"featured_media":483751,"comment_status":"","ping_status":"","sticky":false,"template":"","format":"standard","meta":{"footnotes":""},"categories":[2814],"tags":[1111,11,1777,674,1011,27,884,12,882,25,41454],"class_list":{"0":"post-483750","1":"post","2":"type-post","3":"status-publish","4":"format-standard","5":"has-post-thumbnail","7":"category-marseille","8":"tag-actu","9":"tag-actualites","10":"tag-eu","11":"tag-europe","12":"tag-fr","13":"tag-france","14":"tag-marseille","15":"tag-news","16":"tag-provence-alpes-cote-dazur","17":"tag-republique-francaise","18":"tag-saf"},"share_on_mastodon":{"url":"https:\/\/pubeurope.com\/@fr\/115422179117284048","error":""},"_links":{"self":[{"href":"https:\/\/www.europesays.com\/fr\/wp-json\/wp\/v2\/posts\/483750","targetHints":{"allow":["GET"]}}],"collection":[{"href":"https:\/\/www.europesays.com\/fr\/wp-json\/wp\/v2\/posts"}],"about":[{"href":"https:\/\/www.europesays.com\/fr\/wp-json\/wp\/v2\/types\/post"}],"author":[{"embeddable":true,"href":"https:\/\/www.europesays.com\/fr\/wp-json\/wp\/v2\/users\/2"}],"replies":[{"embeddable":true,"href":"https:\/\/www.europesays.com\/fr\/wp-json\/wp\/v2\/comments?post=483750"}],"version-history":[{"count":0,"href":"https:\/\/www.europesays.com\/fr\/wp-json\/wp\/v2\/posts\/483750\/revisions"}],"wp:featuredmedia":[{"embeddable":true,"href":"https:\/\/www.europesays.com\/fr\/wp-json\/wp\/v2\/media\/483751"}],"wp:attachment":[{"href":"https:\/\/www.europesays.com\/fr\/wp-json\/wp\/v2\/media?parent=483750"}],"wp:term":[{"taxonomy":"category","embeddable":true,"href":"https:\/\/www.europesays.com\/fr\/wp-json\/wp\/v2\/categories?post=483750"},{"taxonomy":"post_tag","embeddable":true,"href":"https:\/\/www.europesays.com\/fr\/wp-json\/wp\/v2\/tags?post=483750"}],"curies":[{"name":"wp","href":"https:\/\/api.w.org\/{rel}","templated":true}]}}