{"id":483767,"date":"2025-10-23T07:05:12","date_gmt":"2025-10-23T07:05:12","guid":{"rendered":"https:\/\/www.europesays.com\/fr\/483767\/"},"modified":"2025-10-23T07:05:12","modified_gmt":"2025-10-23T07:05:12","slug":"les-valeurs-a-suivre-a-paris-et-en-europe-actualise-23-10-2025-a-0858","status":"publish","type":"post","link":"https:\/\/www.europesays.com\/fr\/483767\/","title":{"rendered":"Les valeurs \u00e0 suivre \u00e0 Paris et en Europe (actualis\u00e9) &#8211; 23\/10\/2025 \u00e0 08:58"},"content":{"rendered":"<p>\n *\n<\/p>\n<p>\n Variation des futures sur indice CAC 40  0#FCE:\n<\/p>\n<p>\n *\n<\/p>\n<p>\n Variation des futures sur indice Stoxx 600  0#FXXP:\n<\/p>\n<p>\n *\n<\/p>\n<p>\n Valeurs qui se traitent ex-dividende  .EX.PA\n<\/p>\n<p>\n *\n<\/p>\n<p>\n Le point sur les march\u00e9s europ\u00e9ens  .EUFR\n<\/p>\n<p>\n (Actualis\u00e9 Unilever, Galderma, Beiersdorf, Kuehne und Nagel,<br \/>\nDSV, pr\u00e9cisions sur Roche)\n<\/p>\n<p>\n Les valeurs \u00e0 suivre jeudi<br \/>\n\u00e0 la Bourse de Paris et en Europe :\n<\/p>\n<p>\n * KERING<br \/>\n <a href=\"https:\/\/www.boursorama.com\/cours\/1rPKER\/\" rel=\"nofollow noopener\" target=\"_blank\"><br \/>\n  PRTP.PA<br \/>\n <\/a><br \/>\n a fait \u00e9tat mercredi d&rsquo;un chiffre<br \/>\nd&rsquo;affaires en baisse de 5% au troisi\u00e8me trimestre en donn\u00e9es<br \/>\ncomparables, dont un recul de 14% pour sa marque phare Gucci,<br \/>\ndes r\u00e9sultats meilleurs que pr\u00e9vu.\n<\/p>\n<p>\n * RENAULT GROUP<br \/>\n <a href=\"https:\/\/www.boursorama.com\/cours\/1rPRNO\/\" rel=\"nofollow noopener\" target=\"_blank\"><br \/>\n  RENA.PA<br \/>\n <\/a><br \/>\n a fait \u00e9tat jeudi d&rsquo;une<br \/>\nacc\u00e9l\u00e9ration de son chiffre d&rsquo;affaires au troisi\u00e8me trimestre<br \/>\ngr\u00e2ce \u00e0 des nouveaut\u00e9s comme le Dacia Bigster ainsi qu&rsquo;\u00e0 son<br \/>\nactivit\u00e9 de services financiers, venues compenser la faiblesse<br \/>\npersistante du march\u00e9 des v\u00e9hicules utilitaires \u00e0 cause du<br \/>\ncontexte \u00e9conomique morose en Europe.\n<\/p>\n<p>\n * MICHELIN<br \/>\n <a href=\"https:\/\/www.boursorama.com\/cours\/1rPML\/\" rel=\"nofollow noopener\" target=\"_blank\"><br \/>\n  MICP.PA<br \/>\n <\/a><br \/>\n a fait \u00e9tat comme pr\u00e9vu mercredi d&rsquo;une<br \/>\nbaisse de son chiffre d&rsquo;affaires trimestriel imputable \u00e0 une<br \/>\nchute du march\u00e9 nord-am\u00e9ricain du poids lourd qui l&rsquo;a conduit la<br \/>\nsemaine derni\u00e8re \u00e0 revoir en baisse ses pr\u00e9visions de r\u00e9sultats<br \/>\nannuels.\n<\/p>\n<p>\n * THALES<br \/>\n <a href=\"https:\/\/www.boursorama.com\/cours\/1rPHO\/\" rel=\"nofollow noopener\" target=\"_blank\"><br \/>\n  TCFP.PA<br \/>\n <\/a><br \/>\n &#8211; Le groupe a\u00e9rospatial a r\u00e9affirm\u00e9 jeudi<br \/>\nses objectifs financiers annuels, faisant \u00e9tat de ventes et de<br \/>\nnouvelles commandes sup\u00e9rieures aux attentes pour les neuf<br \/>\npremiers mois de l&rsquo;ann\u00e9e, stimul\u00e9s par les d\u00e9penses<br \/>\nmilitaires et la demande en mati\u00e8re d&rsquo;avionique.\n<\/p>\n<p>\n * CARREFOUR<br \/>\n <a href=\"https:\/\/www.boursorama.com\/cours\/1rPCA\/\" rel=\"nofollow noopener\" target=\"_blank\"><br \/>\n  CARR.PA<br \/>\n <\/a><br \/>\n a fait \u00e9tat mercredi d&rsquo;une hausse de<br \/>\n2,1% \u00e0 donn\u00e9es comparables de son chiffre d&rsquo;affaires au<br \/>\ntroisi\u00e8me trimestre, conform\u00e9ment aux attentes, et a confirm\u00e9<br \/>\nses objectifs 2025, citant la bonne dynamique commerciale en<br \/>\nEurope, l&rsquo;ex\u00e9cution du plan d\u2019\u00e9conomies et la discipline<br \/>\nfinanci\u00e8re.\n<\/p>\n<p>\n * DASSAULT SYST\u00c8MES<br \/>\n <a href=\"https:\/\/www.boursorama.com\/cours\/1rPDSY\/\" rel=\"nofollow noopener\" target=\"_blank\"><br \/>\n  DAST.PA<br \/>\n <\/a><br \/>\n a abaiss\u00e9 jeudi ses pr\u00e9visions<br \/>\nde chiffre d\u2019affaires annuel \u00e0 une fourchette de 4 \u00e0 6%, contre<br \/>\n6 \u00e0 8% pr\u00e9c\u00e9demment, citant la trajectoire de croissance \u00e0<br \/>\nl\u2019issue des neuf premiers mois de l\u2019ann\u00e9e.\n<\/p>\n<p>\n * ORANGE<br \/>\n <a href=\"https:\/\/www.boursorama.com\/cours\/1rPORA\/\" rel=\"nofollow noopener\" target=\"_blank\"><br \/>\n  ORAN.PA<br \/>\n <\/a><br \/>\n a relev\u00e9 jeudi son objectif annuel<br \/>\nd&rsquo;EBITDAaL pour 2025, l&rsquo;op\u00e9rateur de t\u00e9l\u00e9communications faisant<br \/>\n\u00e9tat d&rsquo;un chiffre d&rsquo;affaires l\u00e9g\u00e8rement au-dessus des attentes<br \/>\nau troisi\u00e8me trimestre.\n<\/p>\n<p>\n * STMICROELECTRONICS<br \/>\n <a href=\"https:\/\/www.boursorama.com\/cours\/1rPSTMPA\/\" rel=\"nofollow noopener\" target=\"_blank\"><br \/>\n  STMPA.PA<br \/>\n <\/a><br \/>\n a annonc\u00e9 jeudi anticiper un<br \/>\nchiffre d&rsquo;affaires net de 3,28 milliards de dollars (2,81<br \/>\nmilliards d&rsquo;euros) au quatri\u00e8me trimestre et une marge brute de<br \/>\n35,0%.\n<\/p>\n<p>\n * NEXANS<br \/>\n <a href=\"https:\/\/www.boursorama.com\/cours\/1rPNEX\/\" rel=\"nofollow noopener\" target=\"_blank\"><br \/>\n  NEXS.PA<br \/>\n <\/a><br \/>\n &#8211; Le sp\u00e9cialiste des c\u00e2bles industriels a<br \/>\nfait \u00e9tat mercredi d&rsquo;une hausse organique de 7,7% de son chiffre<br \/>\nd&rsquo;affaires au troisi\u00e8me trimestre, au-dessus des attentes, et a<br \/>\nconfirm\u00e9 ses objectifs.\n<\/p>\n<p>\n * WIZZ AIR HOLDINGS<br \/>\n <a href=\"https:\/\/www.boursorama.com\/cours\/1uWIZZ.L\/\" rel=\"nofollow noopener\" target=\"_blank\"><br \/>\n  WIZZ.L<br \/>\n <\/a><br \/>\n est en discussions pour<br \/>\nreporter la livraison d&rsquo;environ 100 avions AIRBUS<br \/>\n <a href=\"https:\/\/www.boursorama.com\/cours\/1rPAIR\/\" rel=\"nofollow noopener\" target=\"_blank\"><br \/>\n  AIR.PA<br \/>\n <\/a><br \/>\n \u00e0 la<br \/>\nprochaine d\u00e9cennie, rapporte jeudi l&rsquo;agence Bloomberg, citant<br \/>\ndes sources proches du dossier.\n<\/p>\n<p>\n * AIRBUS<br \/>\n <a href=\"https:\/\/www.boursorama.com\/cours\/1rPAIR\/\" rel=\"nofollow noopener\" target=\"_blank\"><br \/>\n  AIR.PA<br \/>\n <\/a><br \/>\n , LEONARDO<br \/>\n <a href=\"https:\/\/www.boursorama.com\/cours\/1gLDO\/\" rel=\"nofollow noopener\" target=\"_blank\"><br \/>\n  LDOF.MI<br \/>\n <\/a><br \/>\n et THALES<br \/>\n <a href=\"https:\/\/www.boursorama.com\/cours\/1rPHO\/\" rel=\"nofollow noopener\" target=\"_blank\"><br \/>\n  TCFP.PA<br \/>\n <\/a><br \/>\n ont sign\u00e9 un protocole d\u2019accord (MoU) en vue de cr\u00e9er un groupe<br \/>\nde satellites europ\u00e9ens qui pourrait \u00eatre op\u00e9rationnel en 2027,<br \/>\nont d\u00e9clar\u00e9 les trois groupes jeudi.\n<\/p>\n<p>\n * AIR FRANCE-KLM<br \/>\n <a href=\"https:\/\/www.boursorama.com\/cours\/1rPAF\/\" rel=\"nofollow noopener\" target=\"_blank\"><br \/>\n  AIRF.PA<br \/>\n <\/a><br \/>\n a annonc\u00e9 jeudi avoir finalis\u00e9<br \/>\nl&rsquo;acquisition d&rsquo;une participation de 2,3% au capital de la<br \/>\ncompagnie a\u00e9rienne Westjet.\n<\/p>\n<p>\n * SODEXO<br \/>\n <a href=\"https:\/\/www.boursorama.com\/cours\/1rPSW\/\" rel=\"nofollow noopener\" target=\"_blank\"><br \/>\n  EXHO.PA<br \/>\n <\/a><br \/>\n a annonc\u00e9 jeudi pr\u00e9voir une croissance du<br \/>\nchiffre d&rsquo;affaires comprise entre 1,5 et 2,5% en 2026, apr\u00e8s<br \/>\navoir fait \u00e9tat d&rsquo;un chiffre d&rsquo;affaires en hausse de 3,3% sur<br \/>\n2025.\n<\/p>\n<p>\n * EIFFAGE<br \/>\n <a href=\"https:\/\/www.boursorama.com\/cours\/1rPFGR\/\" rel=\"nofollow noopener\" target=\"_blank\"><br \/>\n  FOUG.PA<br \/>\n <\/a><br \/>\n &#8211; Le groupe de BTP a annonc\u00e9 jeudi se<br \/>\nrenforcer au capital de l&rsquo;op\u00e9rateur du tunnel sous la Manche<br \/>\nGetlink<br \/>\n <a href=\"https:\/\/www.boursorama.com\/cours\/1rPGET\/\" rel=\"nofollow noopener\" target=\"_blank\"><br \/>\n  GETP.PA<br \/>\n <\/a><br \/>\n dont il d\u00e9tient d\u00e9sormais 27,6%.\n<\/p>\n<p>\n * ROCHE<br \/>\n <a href=\"https:\/\/www.boursorama.com\/cours\/2aROG\/\" rel=\"nofollow noopener\" target=\"_blank\"><br \/>\n  ROG.S<br \/>\n <\/a><br \/>\n &#8211; Le groupe pharmaceutique suisse a relev\u00e9<br \/>\njeudi sa pr\u00e9vision annuelle de b\u00e9n\u00e9fice, malgr\u00e9 des ventes<br \/>\ninf\u00e9rieures aux attentes sur les neuf premiers mois, p\u00e9nalis\u00e9es<br \/>\npar les effets de change. Le laboratoire s&rsquo;est \u00e9galement dit<br \/>\nconfiant sur la croissance du march\u00e9 des m\u00e9dicaments<br \/>\namaigrissants.\n<\/p>\n<p>\n * GALDERMA<br \/>\n <a href=\"https:\/\/www.boursorama.com\/cours\/2aGALD\/\" rel=\"nofollow noopener\" target=\"_blank\"><br \/>\n  GALD.S<br \/>\n <\/a><br \/>\n avance de 5,6% en avant-Bourse, le<br \/>\ngroupe suisse de soins de la peau ayant fait \u00e9tat de ventes au<br \/>\ntitre du troisi\u00e8me trimestre sup\u00e9rieures aux attentes et de<br \/>\nperspectives revues \u00e0 la hausse.\n<\/p>\n<p>\n * LONZA<br \/>\n <a href=\"https:\/\/www.boursorama.com\/cours\/2aLONN\/\" rel=\"nofollow noopener\" target=\"_blank\"><br \/>\n  LONN.S<br \/>\n <\/a><br \/>\n &#8211; Le fabricant suisse de m\u00e9dicaments sous<br \/>\ncontrat a confirm\u00e9 jeudi ses pr\u00e9visions pour l&rsquo;ensemble de<br \/>\nl&rsquo;ann\u00e9e apr\u00e8s un troisi\u00e8me trimestre solide dans sa principale<br \/>\nactivit\u00e9 de d\u00e9veloppement et de fabrication sous contrat.\n<\/p>\n<p>\n * BEIERSDORF<br \/>\n <a href=\"https:\/\/www.boursorama.com\/cours\/1zBEI\/\" rel=\"nofollow noopener\" target=\"_blank\"><br \/>\n  BEIG.DE<br \/>\n <\/a><br \/>\n &#8211; Le fabricant allemand de biens<br \/>\nde consommation a r\u00e9duit jeudi pour la deuxi\u00e8me fois de l&rsquo;ann\u00e9e<br \/>\nses pr\u00e9visions pour 2025, notant un ralentissement du march\u00e9 des<br \/>\nsoins de la peau au troisi\u00e8me trimestre, en particulier sur les<br \/>\nmarch\u00e9s \u00e9mergents.\n<\/p>\n<p>\n * HEINEKEN<br \/>\n <a href=\"https:\/\/www.boursorama.com\/cours\/1rAHEIA\/\" rel=\"nofollow noopener\" target=\"_blank\"><br \/>\n  HEIN.AS<br \/>\n <\/a><br \/>\n &#8211; Le brasseur n\u00e9erlandais a annonc\u00e9<br \/>\njeudi viser une croissance organique de ses ventes nettes \u00e0 un<br \/>\nseul chiffre dans le cadre du plan strat\u00e9gique \u00ab\u00a0EverGreen 2030\u00a0\u00bb<br \/>\nen amont d&rsquo;une journ\u00e9e investisseurs. Le groupe estime que cette<br \/>\nstrat\u00e9gie lui permettra de naviguer dans un monde en \u00e9volution<br \/>\nrapide, qui pr\u00e9sente \u00e0 la fois des d\u00e9fis et des opportunit\u00e9s.\n<\/p>\n<p>\n *\n<\/p>\n<p>\n UNILEVER\n<\/p>\n<p>\n <a href=\"https:\/\/www.boursorama.com\/cours\/1uULVR.L\/\" rel=\"nofollow noopener\" target=\"_blank\"><br \/>\n  ULVR.L<br \/>\n <\/a><br \/>\n a d\u00e9pass\u00e9 les pr\u00e9visions de ventes sous-jacentes<br \/>\ndu troisi\u00e8me trimestre jeudi, port\u00e9 par la vigueur de ses<br \/>\nproduits de beaut\u00e9 en Am\u00e9rique du Nord et sur les march\u00e9s<br \/>\n\u00e9mergents.\n<\/p>\n<p>\n * INTERCONTINENTAL HOTELS GROUP<br \/>\n <a href=\"https:\/\/www.boursorama.com\/cours\/1uIHG.L\/\" rel=\"nofollow noopener\" target=\"_blank\"><br \/>\n  IHG.L<br \/>\n <\/a><br \/>\n (IHG) &#8211; Le<br \/>\npropri\u00e9taire de Holiday Inn a surpris jeudi le march\u00e9 avec une<br \/>\nhausse de 0,1% de son chiffre d&rsquo;affaires mondial par chambre<br \/>\ndisponible (RevPAR) au titre du troisi\u00e8me trimestre, la<br \/>\ncroissance en Europe et au Moyen-Orient ayant compens\u00e9 la<br \/>\nfaiblesse enregistr\u00e9e aux Etats-Unis, son principal march\u00e9.\n<\/p>\n<p>\n * SHELL<br \/>\n <a href=\"https:\/\/www.boursorama.com\/cours\/1uSHEL.L\/\" rel=\"nofollow noopener\" target=\"_blank\"><br \/>\n  SHEL.L<br \/>\n <\/a><br \/>\n a demand\u00e9 le droit de faire appel de la<br \/>\nd\u00e9cision d&rsquo;un tribunal sud-africain de bloquer l&rsquo;exploration<br \/>\ndans le bloc offshore 5\/6\/7, a d\u00e9clar\u00e9 mercredi un porte-parole<br \/>\ndu groupe.\n<\/p>\n<p>\n * NOKIA  NOKIA.HE  &#8211; Le fabricant finlandais d&rsquo;\u00e9quipements<br \/>\nt\u00e9l\u00e9coms a fait \u00e9tat jeudi d&rsquo;un b\u00e9n\u00e9fice nettement sup\u00e9rieur aux<br \/>\nattentes au titre du troisi\u00e8me trimestre, tout en annon\u00e7ant<br \/>\nqu&rsquo;il allait r\u00e9duire ses investissements passifs dans des fonds<br \/>\nde capital-risque.\n<\/p>\n<p>\n * TELIA<br \/>\n <a href=\"https:\/\/www.boursorama.com\/cours\/2aTLSN\/\" rel=\"nofollow noopener\" target=\"_blank\"><br \/>\n  TELIA.ST<br \/>\n <\/a><br \/>\n &#8211; L&rsquo;op\u00e9rateur t\u00e9l\u00e9coms su\u00e9dois a publi\u00e9<br \/>\njeudi un b\u00e9n\u00e9fice d&rsquo;exploitation au titre du troisi\u00e8me trimestre<br \/>\nl\u00e9g\u00e8rement sup\u00e9rieur aux attentes du march\u00e9, gr\u00e2ce \u00e0 une<br \/>\ncroissance des revenus tir\u00e9s des services et une baisse des<br \/>\nd\u00e9penses.\n<\/p>\n<p>\n * VOLVO CARS  VOLCARb.ST  a fait \u00e9tat jeudi d&rsquo;une l\u00e9g\u00e8re<br \/>\nhausse de son b\u00e9n\u00e9fice d&rsquo;exploitation au titre du troisi\u00e8me<br \/>\ntrimestre et a pr\u00e9venu que la concurrence et l&rsquo;impact des droits<br \/>\nde douane am\u00e9ricains continuaient de peser sur le groupe.\n<\/p>\n<p>\n * SEB<br \/>\n <a href=\"https:\/\/www.boursorama.com\/cours\/2u0HBY.LQ\/\" rel=\"nofollow noopener\" target=\"_blank\"><br \/>\n  SEBa.ST<br \/>\n <\/a><br \/>\n &#8211; Le groupe bancaire su\u00e9dois a annonc\u00e9 jeudi<br \/>\nune baisse plus marqu\u00e9e que pr\u00e9vu de son b\u00e9n\u00e9fice net au titre<br \/>\ndu troisi\u00e8me trimestre, mais a indiqu\u00e9 que les perspectives<br \/>\n\u00e9conomiques de son principal march\u00e9, la Su\u00e8de, s&rsquo;\u00e9taient<br \/>\nam\u00e9lior\u00e9es.\n<\/p>\n<p>\n * SWEDBANK<br \/>\n <a href=\"https:\/\/www.boursorama.com\/cours\/2u0H6T.LQ\/\" rel=\"nofollow noopener\" target=\"_blank\"><br \/>\n  SWEDa.ST<br \/>\n <\/a><br \/>\n &#8211; Le groupe bancaire su\u00e9dois a publi\u00e9<br \/>\njeudi un b\u00e9n\u00e9fice net au titre du troisi\u00e8me trimestre sup\u00e9rieur<br \/>\naux attentes du march\u00e9 mais a pr\u00e9venu que l&rsquo;\u00e9conomie su\u00e9doise<br \/>\nrestait faible m\u00eame des signes d&rsquo;am\u00e9lioration se font sentir.\n<\/p>\n<p>\n * DSV<br \/>\n <a href=\"https:\/\/www.boursorama.com\/cours\/2u0JN9.LQ\/\" rel=\"nofollow noopener\" target=\"_blank\"><br \/>\n  DSV.CO<br \/>\n <\/a><br \/>\n &#8211; La compagnie danoise de fret a publi\u00e9<br \/>\njeudi un b\u00e9n\u00e9fice au titre du troisi\u00e8me trimestre l\u00e9g\u00e8rement<br \/>\nmeilleur que pr\u00e9vu, mais a r\u00e9duit ses pr\u00e9visions pour l&rsquo;ensemble<br \/>\nde l&rsquo;ann\u00e9e, invoquant un impact significatif du taux de change<br \/>\net une demande plus faible dans un contexte d&rsquo;incertitude<br \/>\npersistante du march\u00e9.\n<\/p>\n<p>\n * KUEHNE UND NAGEL<br \/>\n <a href=\"https:\/\/www.boursorama.com\/cours\/2aKNIN\/\" rel=\"nofollow noopener\" target=\"_blank\"><br \/>\n  KNIN.S<br \/>\n <\/a><br \/>\n recule de 3,5% en<br \/>\navant-Bourse, le groupe suisse ayant publi\u00e9 un b\u00e9n\u00e9fice<br \/>\nd&rsquo;exploitation en baisse de 34% au titre du troisi\u00e8me trimestre.<br \/>\nLa soci\u00e9t\u00e9 a \u00e9galement annonc\u00e9 le lancement d&rsquo;un programme de<br \/>\nr\u00e9duction des co\u00fbts, comprenant des suppressions d&#8217;emplois, face<br \/>\n\u00e0 la pression sur ses marges et aux surcapacit\u00e9s du march\u00e9.\n<\/p>\n<p>\n * STORA ENSO<br \/>\n <a href=\"https:\/\/www.boursorama.com\/cours\/2u0CXC.LQ\/\" rel=\"nofollow noopener\" target=\"_blank\"><br \/>\n  STERV.HE<br \/>\n <\/a><br \/>\n &#8211; Le groupe forestier finlandais a<br \/>\npubli\u00e9 jeudi un b\u00e9n\u00e9fice d&rsquo;exploitation ajust\u00e9 au troisi\u00e8me<br \/>\ntrimestre meilleur que pr\u00e9vu, \u00e0 la faveur de mesures de<br \/>\nr\u00e9duction des co\u00fbts.\n<\/p>\n<p>\n * BE SEMICONDUCTOR INDUSTRIES (Besi)<br \/>\n <a href=\"https:\/\/www.boursorama.com\/cours\/1rABESI\/\" rel=\"nofollow noopener\" target=\"_blank\"><br \/>\n  BESI.AS<br \/>\n <\/a><br \/>\n a annonc\u00e9<br \/>\njeudi anticiper un chiffre d&rsquo;affaires pour le trimestre en cours<br \/>\nen hausse par rapport au pr\u00e9c\u00e9dent en raison d&rsquo;une augmentation<br \/>\ndes r\u00e9servations.\n<\/p>\n<p>\n * BUREAU VERITAS<br \/>\n <a href=\"https:\/\/www.boursorama.com\/cours\/1rPBVI\/\" rel=\"nofollow noopener\" target=\"_blank\"><br \/>\n  BVI.PA<br \/>\n <\/a><br \/>\n a fait \u00e9tat jeudi d&rsquo;un chiffre<br \/>\nd&rsquo;affaires en hausse de 2,3% au troisi\u00e8me trimestre, \u00e0 1,58<br \/>\nmilliards d&rsquo;euros, et a confirm\u00e9 ses perspectives pour<br \/>\nl&rsquo;exercice en cours.\n<\/p>\n<p>\n * KL\u00c9PIERRE<br \/>\n <a href=\"https:\/\/www.boursorama.com\/cours\/1rPLI\/\" rel=\"nofollow noopener\" target=\"_blank\"><br \/>\n  LOIM.PA<br \/>\n <\/a><br \/>\n a relev\u00e9 mercredi ses objectifs<br \/>\nfinanciers et a d\u00e9clar\u00e9 viser une hausse de 5,5% de son exc\u00e9dent<br \/>\nbrut d\u2019exploitation (EBE) en 2025, contre un objectif pr\u00e9c\u00e9dent<br \/>\nde +3,3% annonc\u00e9 en janvier, le groupe fran\u00e7ais citant la<br \/>\ndynamique de croissance des neuf premiers mois de l\u2019ann\u00e9e.\n<\/p>\n<p>\n * IPSOS<br \/>\n <a href=\"https:\/\/www.boursorama.com\/cours\/1rPIPS\/\" rel=\"nofollow noopener\" target=\"_blank\"><br \/>\n  ISOS.PA<br \/>\n <\/a><br \/>\n a r\u00e9vis\u00e9 jeudi \u00e0 la baisse son objectif de<br \/>\ncroissance organique annuel \u00e0 environ 0,7%, le groupe fran\u00e7ais<br \/>\nde sondages citant les contraintes budg\u00e9taires des Etats et<br \/>\nl\u2019instabilit\u00e9 politique dans de nombreux pays qui p\u00e8sent sur les<br \/>\nd\u00e9penses gouvernementales et retardent les commandes.\n<\/p>\n<p>\n * EXAIL TECHNOLOGIES<br \/>\n <a href=\"https:\/\/www.boursorama.com\/cours\/1rPEXA\/\" rel=\"nofollow noopener\" target=\"_blank\"><br \/>\n  EXA.PA<br \/>\n <\/a><br \/>\n a fait \u00e9tat mercredi d&rsquo;une<br \/>\nhausse de 18% de son chiffre d&rsquo;affaires au troisi\u00e8me trimestre,<br \/>\n\u00e0 105 millions d&rsquo;euros, citant la dynamique soutenue des<br \/>\nactivit\u00e9s de navigation ainsi que le calendrier des<br \/>\nnotifications de programmes en robotique maritime.\n<\/p>\n<p>\n * VUSIONGROUP<br \/>\n <a href=\"https:\/\/www.boursorama.com\/cours\/1rPVU\/\" rel=\"nofollow noopener\" target=\"_blank\"><br \/>\n  VU.PA<br \/>\n <\/a><br \/>\n a fait \u00e9tat mercredi d&rsquo;un bond de 59%<br \/>\nde son chiffre d&rsquo;affaires au troisi\u00e8me trimestre, \u00e0 347,8<br \/>\nmillions d&rsquo;euros en normes IFRS, le groupe citant les Etats-Unis<br \/>\net le retour d\u2019une l\u00e9g\u00e8re croissance en Europe.\n<\/p>\n<p>\n * ID LOGISTICS<br \/>\n <a href=\"https:\/\/www.boursorama.com\/cours\/1rPIDL\/\" rel=\"nofollow noopener\" target=\"_blank\"><br \/>\n  IDLA.PA<br \/>\n <\/a><br \/>\n a fait \u00e9tat mercredi d&rsquo;un chiffre<br \/>\nd&rsquo;affaires de 937,8 millions d&rsquo;euros sur juillet-septembre, en<br \/>\nhausse de 15,4% \u00e0 donn\u00e9es comparables.\n<\/p>\n<p>\n * COVIVIO<br \/>\n <a href=\"https:\/\/www.boursorama.com\/cours\/1rPCOV\/\" rel=\"nofollow noopener\" target=\"_blank\"><br \/>\n  CVO.PA<br \/>\n <\/a><br \/>\n a annonc\u00e9 mercredi une hausse de 4,8% \u00e0<br \/>\np\u00e9rim\u00e8tre courant de son revenu part du groupe sur les neuf<br \/>\npremiers mois de 2025, atteignant 533,0 millions d\u2019euros, et a<br \/>\nconfirm\u00e9 ses perspectives annuelles.\n<\/p>\n<p>\n * ICADE<br \/>\n <a href=\"https:\/\/www.boursorama.com\/cours\/1rPICAD\/\" rel=\"nofollow noopener\" target=\"_blank\"><br \/>\n  ICAD.PA<br \/>\n <\/a><br \/>\n a fait \u00e9tat mercredi d&rsquo;une baisse de 9%<br \/>\nsur un an de ses revenus consolid\u00e9s IFRS pour les neuf premiers<br \/>\nmois de l&rsquo;ann\u00e9e, \u00e0 923 millions d&rsquo;euros, citant une baisse des<br \/>\nrevenus locatifs et un volume d\u2019activit\u00e9 promotionnel encore<br \/>\nlimit\u00e9.\n<\/p>\n<p>\n * VERALLIA<br \/>\n <a href=\"https:\/\/www.boursorama.com\/cours\/1rPVRLA\/\" rel=\"nofollow noopener\" target=\"_blank\"><br \/>\n  VRLA.PA<br \/>\n <\/a><br \/>\n a abaiss\u00e9 mercredi ses perspectives<br \/>\npour l\u2019ann\u00e9e 2025, visant d\u00e9sormais un Ebitda ajust\u00e9 d\u2019environ<br \/>\n700 millions d\u2019euros, contre environ 800 millions initialement,<br \/>\nen raison du \u00ab\u00a0d\u00e9calage dans l\u2019am\u00e9lioration des conditions de<br \/>\nmarch\u00e9\u00a0\u00bb.\n<\/p>\n<p>\n L&rsquo;AGENDA FRANCE &amp; INTERNATIONAL \u00c0 7 JOURS:<br \/>\n nL5N3VY162\n<\/p>\n<p>\n (R\u00e9dig\u00e9 par Mara V\u00eelcu et Claude Chendjou, \u00e9dit\u00e9 par Augustin<br \/>\nTurpin)<\/p>\n","protected":false},"excerpt":{"rendered":"* Variation des futures sur indice CAC 40 0#FCE: * Variation des futures sur indice Stoxx 600 0#FXXP:&hellip;\n","protected":false},"author":2,"featured_media":64038,"comment_status":"","ping_status":"","sticky":false,"template":"","format":"standard","meta":{"footnotes":""},"categories":[1888],"tags":[400,11,398,408,405,1777,674,1011,27,403,402,399,404,12,626,25,401,406,407],"class_list":{"0":"post-483767","1":"post","2":"type-post","3":"status-publish","4":"format-standard","5":"has-post-thumbnail","7":"category-paris","8":"tag-action-cac-40","9":"tag-actualites","10":"tag-bourse-de-paris","11":"tag-boursorama","12":"tag-cotations","13":"tag-eu","14":"tag-europe","15":"tag-fr","16":"tag-france","17":"tag-indices-devises","18":"tag-investir","19":"tag-investissement","20":"tag-marche-boursier","21":"tag-news","22":"tag-paris","23":"tag-republique-francaise","24":"tag-sicav","25":"tag-trackers","26":"tag-warrants"},"share_on_mastodon":{"url":"https:\/\/pubeurope.com\/@fr\/115422214459315689","error":""},"_links":{"self":[{"href":"https:\/\/www.europesays.com\/fr\/wp-json\/wp\/v2\/posts\/483767","targetHints":{"allow":["GET"]}}],"collection":[{"href":"https:\/\/www.europesays.com\/fr\/wp-json\/wp\/v2\/posts"}],"about":[{"href":"https:\/\/www.europesays.com\/fr\/wp-json\/wp\/v2\/types\/post"}],"author":[{"embeddable":true,"href":"https:\/\/www.europesays.com\/fr\/wp-json\/wp\/v2\/users\/2"}],"replies":[{"embeddable":true,"href":"https:\/\/www.europesays.com\/fr\/wp-json\/wp\/v2\/comments?post=483767"}],"version-history":[{"count":0,"href":"https:\/\/www.europesays.com\/fr\/wp-json\/wp\/v2\/posts\/483767\/revisions"}],"wp:featuredmedia":[{"embeddable":true,"href":"https:\/\/www.europesays.com\/fr\/wp-json\/wp\/v2\/media\/64038"}],"wp:attachment":[{"href":"https:\/\/www.europesays.com\/fr\/wp-json\/wp\/v2\/media?parent=483767"}],"wp:term":[{"taxonomy":"category","embeddable":true,"href":"https:\/\/www.europesays.com\/fr\/wp-json\/wp\/v2\/categories?post=483767"},{"taxonomy":"post_tag","embeddable":true,"href":"https:\/\/www.europesays.com\/fr\/wp-json\/wp\/v2\/tags?post=483767"}],"curies":[{"name":"wp","href":"https:\/\/api.w.org\/{rel}","templated":true}]}}