{"id":483772,"date":"2025-10-23T07:08:21","date_gmt":"2025-10-23T07:08:21","guid":{"rendered":"https:\/\/www.europesays.com\/fr\/483772\/"},"modified":"2025-10-23T07:08:21","modified_gmt":"2025-10-23T07:08:21","slug":"apres-lechec-de-milei-trump-menace-le-peuple-argentin","status":"publish","type":"post","link":"https:\/\/www.europesays.com\/fr\/483772\/","title":{"rendered":"Apr\u00e8s l&rsquo;\u00e9chec de Milei, Trump menace le peuple argentin"},"content":{"rendered":"<p class=\"has-text-align-center\"><strong>L\u2019Argentine de Milei \u00e9tait pr\u00e9sent\u00e9e il y a encore quelques semaines comme un exemple de politique n\u00e9olib\u00e9rale r\u00e9ussie, un pays qui serait parvenu \u00e0 \u00abr\u00e9duire sa dette\u00bb en appliquant des coupes brutales dans les d\u00e9penses publiques. Aujourd\u2019hui, le pays est en banqueroute. Et c\u2019est une colonie des USA, d\u00e9sormais totalement d\u00e9pendante de l\u2019aide financi\u00e8re de Donald Trump. Le pr\u00e9sident des USA se permet m\u00eame de faire du chantage \u00e9lectoral \u00e0 la population de l\u2019Argentine, pour montrer que c\u2019est lui le patron.<\/strong><\/p>\n<p><img loading=\"lazy\" decoding=\"async\" width=\"1000\" height=\"1000\" data-attachment-id=\"96992\" data-permalink=\"https:\/\/contre-attaque.net\/2025\/10\/23\/argentine-apres-lechec-de-la-politique-du-liberal-fasciste-milei-trump-menace-le-peuple-argentin\/signal-2025-10-22-233231\/\" data-orig-file=\"https:\/\/www.europesays.com\/fr\/wp-content\/uploads\/2025\/10\/signal-2025-10-22-233231.jpeg\" data-orig-size=\"1000,1000\" data-comments-opened=\"0\" data-image-meta=\"{&quot;aperture&quot;:&quot;0&quot;,&quot;credit&quot;:&quot;&quot;,&quot;camera&quot;:&quot;&quot;,&quot;caption&quot;:&quot;&quot;,&quot;created_timestamp&quot;:&quot;0&quot;,&quot;copyright&quot;:&quot;&quot;,&quot;focal_length&quot;:&quot;0&quot;,&quot;iso&quot;:&quot;0&quot;,&quot;shutter_speed&quot;:&quot;0&quot;,&quot;title&quot;:&quot;&quot;,&quot;orientation&quot;:&quot;0&quot;}\" data-image-title=\"signal-2025-10-22-233231\" data-image-description=\"\" data-image-caption=\"\" data-medium-file=\"https:\/\/contre-attaque.net\/wp-content\/uploads\/2025\/10\/signal-2025-10-22-233231-300x300.jpeg\" data-large-file=\"https:\/\/www.europesays.com\/fr\/wp-content\/uploads\/2025\/10\/signal-2025-10-22-233231.jpeg\" src=\"https:\/\/www.europesays.com\/fr\/wp-content\/uploads\/2025\/10\/signal-2025-10-22-233231.jpeg\" alt=\"Trump et Milei posant c\u00f4te \u00e0 c\u00f4te, tout sourire.\" class=\"wp-image-96992\"  \/><\/p>\n<p>Acheter la classe politique argentine<\/p>\n<p>La relation entre le pr\u00e9sident argentin d\u2019extr\u00eame droite et celui des USA a toujours sembl\u00e9 au beau fixe. Mais l\u2019idylle entre les deux dirigeants semble quelque peu troubl\u00e9e. Javier Milei pensait revenir de son dernier voyage \u00e0 Washington avec des nouvelles rassurantes, avant les \u00e9lections de mi-mandat qui auront lieu le 26 novembre. Mais \u00e0 la surprise g\u00e9n\u00e9rale, cela ne s\u2019est pas pass\u00e9 exactement comme il l\u2019entendait. Trump a tr\u00e8s clairement conditionn\u00e9 son aide financi\u00e8re \u00e0 une victoire \u00e9lectorale de Milei : \u00abS\u2019il ne gagne pas, nous partons\u00bb. En d\u2019autres termes\u00a0: votez Milei ou on coupe les vivres. Cela a eu des cons\u00e9quences imm\u00e9diates puisque la bourse argentine a chut\u00e9 de 7% dans les heures qui ont suivi.<\/p>\n<p>Les deux pr\u00e9sidents se retrouvaient pour parler d\u2019un \u00e9change de devises \u2013 un \u00abswap\u00bb, un m\u00e9canisme qui permet \u00e0 l\u2019Argentine, en pleine crise mon\u00e9taire, d\u2019obtenir des liquidit\u00e9s en monnaie \u00e9trang\u00e8re sans avoir \u00e0 recourir \u00e0 un pr\u00eat \u2013 de 20 milliards de dollars. Il s\u2019agit l\u00e0 d\u2019une aide exceptionnelle des USA.<\/p>\n<p>Le pr\u00e9sident argentin a d\u00e9j\u00e0 b\u00e9n\u00e9fici\u00e9 de l\u2019aide du FMI \u00e0 hauteur de 20 milliards, \u00e0 condition d\u2019acc\u00e9l\u00e9rer <a href=\"https:\/\/contre-attaque.net\/2024\/03\/13\/trois-mois-dextreme-droite-capitaliste-en-argentine-carnage-social\/\" rel=\"nofollow noopener\" target=\"_blank\">le processus de destruction des services publics \u00e0 la tron\u00e7onneuse<\/a>. Le minist\u00e8re des finances \u00e9tasunien avait \u00e9galement donn\u00e9 un coup de pouce \u00e0 l\u2019Argentine en achetant du peso \u2013 la monnaie argentine \u2013 pour stabiliser son taux de change, mais cela n\u2019a pas \u00e9t\u00e9 suffisant.<\/p>\n<p>Le retour de Milei aux USA pour qu\u00e9mander une nouvelle aide d\u00e9montre l\u2019\u00e9chec de sa politique ultra-lib\u00e9rale. Il vient d\u2019ailleurs de perdre les \u00e9lections locales de la province de Buenos Aires, en plus d\u2019\u00eatre au c\u0153ur de scandales de corruption, <a href=\"https:\/\/contre-attaque.net\/2025\/08\/28\/argentine-le-president-dextreme-droite-se-fait-bolosser\/\" rel=\"nofollow noopener\" target=\"_blank\">d\u2019\u00eatre contest\u00e9 dans la rue<\/a> et de subir une forte baisse de popularit\u00e9.<\/p>\n<p>Milei\u00a0: l\u2019\u00e9chec d\u2019une politique libertarienne<\/p>\n<p>Tout semblait pourtant bien parti pour le champion des m\u00e9dias bourgeois, \u00e9rig\u00e9 en nouveau mod\u00e8le de l\u2019extr\u00eame-droite fran\u00e7aise, notamment par Marion Mar\u00e9chal Le Pen. Le \u00abmiracle argentin\u00bb, comme les m\u00e9dias fran\u00e7ais aiment \u00e0 l\u2019appeler, \u00e9tait en marche : l\u2019inflation annuelle \u00e9tait pass\u00e9e de 211% en 2023 \u00e0 117% en 2024. M\u00eame la pauvret\u00e9 aurait baiss\u00e9, passant de 53% \u00e0 37% de la population, ce qui reste \u00e9norme, mais une diminution tout de m\u00eame. Il faut pr\u00e9ciser que ce chiffre est \u00e0 nuancer, car la pauvret\u00e9 est mesur\u00e9e en fonction de l\u2019inflation en Argentine. D\u2019ailleurs, la consommation diminue \u2013 ce qui indique que les m\u00e9nages ont moins d\u2019argent pour faire leurs achats de base.<\/p>\n<p>Quand bien m\u00eame\u00a0: pour arriver \u00e0 ce r\u00e9sultat, Milei a d\u00fb appliquer une politique drastique d\u2019aust\u00e9rit\u00e9, notamment en r\u00e9duisant les d\u00e9penses publiques de 20%, en supprimant des minist\u00e8res entiers et en virant 35.000 fonctionnaires. Il a \u00e9galement utilis\u00e9 massivement les r\u00e9serves de la Banque centrale pour stabiliser son taux de change. Surtout, il a \u00abdollaris\u00e9\u00bb l\u2019\u00e9conomie argentine, permettant \u00e0 une monnaie \u00e9trang\u00e8re forte, le dollar, d\u2019\u00eatre utilis\u00e9e sur son territoire comme monnaie d\u2019\u00e9change. Mais cela n\u2019a pas \u00e9t\u00e9 suffisant puisque la valeur du peso ne cesse de d\u00e9gringoler par rapport au billet vert. De plus, les r\u00e9serves de la Banque Centrale ne sont pas infinies.<\/p>\n<p>Sous perfusion de dollars, et avec une mise sous tutelle des USA, Milei a un temps r\u00e9ussi \u00e0 faire illusion, en redressant quelques indices \u00e9conomiques. Pour autant, le pays reste en profonde difficult\u00e9, avec un risque de retour d\u2019une inflation incontr\u00f4lable. Pire encore, cela cr\u00e9e un cercle vicieux puisqu\u2019en cas de crise, la population privil\u00e9gie l\u2019utilisation du dollar, ce qui a pour effet d\u2019accentuer encore plus l\u2019inflation. De plus les cons\u00e9quences de la destruction des services publics ne se sont pas encore toutes faites ressentir, et risquent de creuser les in\u00e9galit\u00e9s. Les lendemains s\u2019annoncent difficiles pour le peuple argentin.<\/p>\n<p>Les cons\u00e9quences de cette politique ultra-lib\u00e9rale se font d\u00e9j\u00e0 ressentir durement dans la population. Le taux de ch\u00f4mage reste tr\u00e8s \u00e9lev\u00e9 et on assiste \u00e0 l\u2019augmentation du ph\u00e9nom\u00e8ne du pluri-emploi car c\u2019est d\u00e9sormais 12% de la population qui combine plusieurs emplois contre 10% en 2019 \u00e0 la fin du mandat de Macri, dont les politiques \u00e9taient d\u00e9j\u00e0 catastrophiques. D\u2019autre part, la diff\u00e9rence de niveau de vie entre les personnes ayant un emploi pay\u00e9 en dollar et ceux en peso ne cessent de cro\u00eetre, et le travail non-d\u00e9clar\u00e9 progresse \u00e9galement.<\/p>\n<p>Malgr\u00e9 la propagande des m\u00e9dias mainstream, il est donc \u00e9vident que l\u2019Argentine nous donne un avant-go\u00fbt terrifiant de ce qui nous attend si l\u2019extr\u00eame-droite ultra-lib\u00e9rale, se r\u00e9clamant de la m\u00eame politique que Milei, venait \u00e0 prendre le pouvoir en France. Entre augmentation de la pr\u00e9carit\u00e9, gestion autoritaire et ing\u00e9rence des USA, l\u2019avenir semble sombre pour le peuple argentin.<\/p>\n<p>L\u2019imp\u00e9rialisme \u00e9tasunien en Am\u00e9rique du sud<\/p>\n<p>L\u2019objectif des \u00c9tats-Unis est clair : faire des pays d\u2019Am\u00e9rique du sud des colonies qu\u2019ils peuvent contr\u00f4ler. C\u2019est ce que fait Trump lorsqu\u2019il menace directement les Argentins de leur couper les vivres, mais il ne s\u2019arr\u00eate pas l\u00e0. Marco Rubio, secr\u00e9taire d\u2019\u00c9tat et conseiller \u00e0 la s\u00e9curit\u00e9 nationale, s\u2019est f\u00e9licit\u00e9 de la soumission de nombreux pays. \u00abIl y a tellement de pays qui viennent vers nous [\u2026] huit ou neuf, dix pays, l\u2019Argentine en t\u00eate, qui se sont align\u00e9s sur les \u00c9tats-Unis sur un sujet apr\u00e8s l\u2019autre lors d\u2019\u00e9v\u00e9nements internationaux\u00bb. Et malheur \u00e0 ceux qui r\u00e9sisteraient.<\/p>\n<p>Le pr\u00e9sident Trump indiquait le 19 octobre avoir autoris\u00e9 des op\u00e9rations de la CIA sur le territoire v\u00e9n\u00e9zu\u00e9lien. Nicolas Maduro est pr\u00e9sent\u00e9 comme un narcotrafiquant \u00e0 la t\u00eate d\u2019un cartel de drogue, et des attaques ont eu lieu contre des navires v\u00e9n\u00e9zu\u00e9liens. Il accusait \u00e9galement Gustavo Petro, le pr\u00e9sident colombien, d\u2019\u00eatre un \u00abbaron de la drogue qui encourage fortement la production massive de stup\u00e9fiants\u00bb. Venant d\u2019un \u00c9tat imp\u00e9rial, mafieux et militaire comme les USA, c\u2019est le monde \u00e0 l\u2019envers.<\/p>\n<p>Au Venezuela, 27 personnes sont mortes depuis le d\u00e9but du mois de septembre dans la guerre de basse intensit\u00e9 que m\u00e8ne Donald Trump. Les USA veulent dominer, par le dollar ou la violence arm\u00e9e, tout le sous-continent.<\/p>\n","protected":false},"excerpt":{"rendered":"L\u2019Argentine de Milei \u00e9tait pr\u00e9sent\u00e9e il y a encore quelques semaines comme un exemple de politique n\u00e9olib\u00e9rale r\u00e9ussie,&hellip;\n","protected":false},"author":2,"featured_media":483773,"comment_status":"","ping_status":"","sticky":false,"template":"","format":"standard","meta":{"footnotes":""},"categories":[1589],"tags":[11,6715,312,33,73,1866,41179,5924,38033,12,467,1864,1865,1863,308],"class_list":{"0":"post-483772","1":"post","2":"type-post","3":"status-publish","4":"format-standard","5":"has-post-thumbnail","7":"category-etats-unis","8":"tag-actualites","9":"tag-argentine","10":"tag-diplomatie","11":"tag-economie","12":"tag-etats-unis","13":"tag-etats-unis-damerique","14":"tag-imperialisme","15":"tag-javier-milei","16":"tag-liberalisme","17":"tag-news","18":"tag-trump","19":"tag-united-states","20":"tag-united-states-of-america","21":"tag-us","22":"tag-usa"},"share_on_mastodon":{"url":"https:\/\/pubeurope.com\/@fr\/115422226602124168","error":""},"_links":{"self":[{"href":"https:\/\/www.europesays.com\/fr\/wp-json\/wp\/v2\/posts\/483772","targetHints":{"allow":["GET"]}}],"collection":[{"href":"https:\/\/www.europesays.com\/fr\/wp-json\/wp\/v2\/posts"}],"about":[{"href":"https:\/\/www.europesays.com\/fr\/wp-json\/wp\/v2\/types\/post"}],"author":[{"embeddable":true,"href":"https:\/\/www.europesays.com\/fr\/wp-json\/wp\/v2\/users\/2"}],"replies":[{"embeddable":true,"href":"https:\/\/www.europesays.com\/fr\/wp-json\/wp\/v2\/comments?post=483772"}],"version-history":[{"count":0,"href":"https:\/\/www.europesays.com\/fr\/wp-json\/wp\/v2\/posts\/483772\/revisions"}],"wp:featuredmedia":[{"embeddable":true,"href":"https:\/\/www.europesays.com\/fr\/wp-json\/wp\/v2\/media\/483773"}],"wp:attachment":[{"href":"https:\/\/www.europesays.com\/fr\/wp-json\/wp\/v2\/media?parent=483772"}],"wp:term":[{"taxonomy":"category","embeddable":true,"href":"https:\/\/www.europesays.com\/fr\/wp-json\/wp\/v2\/categories?post=483772"},{"taxonomy":"post_tag","embeddable":true,"href":"https:\/\/www.europesays.com\/fr\/wp-json\/wp\/v2\/tags?post=483772"}],"curies":[{"name":"wp","href":"https:\/\/api.w.org\/{rel}","templated":true}]}}