{"id":483774,"date":"2025-10-23T07:09:19","date_gmt":"2025-10-23T07:09:19","guid":{"rendered":"https:\/\/www.europesays.com\/fr\/483774\/"},"modified":"2025-10-23T07:09:19","modified_gmt":"2025-10-23T07:09:19","slug":"decryptage-italie-allemagne-royaume-uni-comment-nos-voisins-assurent-la-securite-de-leurs-musees","status":"publish","type":"post","link":"https:\/\/www.europesays.com\/fr\/483774\/","title":{"rendered":"D\u00e9cryptage. Italie, Allemagne, Royaume-Uni&#8230; comment nos voisins assurent la s\u00e9curit\u00e9 de leurs mus\u00e9es"},"content":{"rendered":"<p>\u00ab\u00a0La s\u00e9curit\u00e9 du patrimoine culturel est d\u00e9sormais une priorit\u00e9 majeure\u00a0\u00bb, a fait savoir le minist\u00e8re italien de la Culture lundi dans un communiqu\u00e9. Si le <a href=\"https:\/\/www.ledauphine.com\/faits-divers-justice\/2025\/10\/21\/cambriolage-au-louvre-le-prejudice-evalue-a-88-millions-d-euros-apres-le-vol-de-huit-bijoux\" target=\"_blank\" rel=\"nofollow noopener\">vol survenu au mus\u00e9e du Louvre<\/a> n\u2019est pas mentionn\u00e9, le timing de l\u2019annonce n\u2019est pas anodin. La direction des mus\u00e9es du minist\u00e8re a annonc\u00e9 le d\u00e9veloppement de \u00ab\u00a0deux projets exp\u00e9rimentaux ax\u00e9s sp\u00e9cifiquement sur le patrimoine arch\u00e9ologique\u00a0\u00bb financ\u00e9 par des fonds europ\u00e9ens pour plus de 70\u00a0millions d\u2019euros. Le programme utilise l\u2019intelligence artificielle (IA) pour \u00ab\u00a0d\u00e9tecter les comportements anormaux et les mouvements suspects\u00a0\u00bb de sorte \u00e0 \u00ab\u00a0d\u00e9clencher des alertes en temps opportun\u00a0\u00bb, assure le minist\u00e8re.<\/p>\n<p>Le d\u00e9veloppement de ces nouveaux outils n\u2019a rien d\u2019\u00e9tonnant tant les pays europ\u00e9ens ont \u00e9t\u00e9 <a href=\"https:\/\/www.ledauphine.com\/culture-loisirs\/2025\/10\/20\/cinq-grands-musees-eux-aussi-victimes-de-cambriolages-dans-le-monde\" target=\"_blank\" rel=\"nofollow noopener\">touch\u00e9s par de nombreux cambriolages<\/a>. Au Royaume-Uni, la Tour de Londres &#8211; o\u00f9 sont expos\u00e9s les joyaux de la Couronne &#8211; n\u2019a connu aucun vol depuis 1671 et peut notamment compter sur son architecture. \u00ab\u00a0La Tour de Londres a un \u00e9norme avantage. C\u2019est une forteresse du XIe\u00a0si\u00e8cle. Les murs sont tr\u00e8s \u00e9pais, donc d\u00e9j\u00e0, \u00e7a la rend s\u00fbre\u00a0\u00bb, pr\u00e9cise le sp\u00e9cialiste en s\u00e9curit\u00e9 des mus\u00e9es David Bilson sur <a href=\"https:\/\/www.franceinfo.fr\/faits-divers\/cambriolage-au-musee-du-louvre\/tour-de-londres-comment-sont-proteges-les-joyaux-de-la-couronne-britannique_7564849.html\" target=\"_blank\" rel=\"nofollow noopener\">franceinfo<\/a>.<\/p>\n<p>Expos\u00e9s des copies\u00a0?<\/p>\n<p>En revanche le British Museum peut difficilement revendiquer le <a href=\"https:\/\/www.ledauphine.com\/societe\/2025\/10\/20\/videosurveillance-obsolete-ou-inexistante-manque-de-gardiens-apres-le-vol-au-louvre-la-securite-des-musees-en-question\" target=\"_blank\" rel=\"nofollow noopener\">titre de forteresse imp\u00e9n\u00e9trable<\/a>. Ces derni\u00e8res ann\u00e9es, plus de 2 000 objets y ont \u00e9t\u00e9 d\u00e9rob\u00e9s, notamment des bijoux en or, des pierres pr\u00e9cieuses ou de la verrerie datant XVe\u00a0si\u00e8cle avant J.-C. au XIXe\u00a0si\u00e8cle apr\u00e8s J.-C. Le voleur pr\u00e9sum\u00e9 &#8211; un conservateur du mus\u00e9e qui clame toujours son innocence &#8211; est suspect\u00e9 de s\u2019\u00eatre servi dans les r\u00e9serves du mus\u00e9e en profitant du mauvais recensement des pi\u00e8ces. En r\u00e9ponse, le British Museum a lanc\u00e9 un chantier de s\u00e9curisation de ses collections. Cela passe d\u2019abord par cataloguer de fa\u00e7on plus pr\u00e9cise les \u0153uvres, via la num\u00e9risation. Mais \u00e9galement par le scan en 3D de certaines pi\u00e8ces.<\/p>\n<p>Concr\u00e8tement, des robots peuvent aujourd\u2019hui sculpter ou dupliquer des \u0153uvres \u00e0 l\u2019identique permettant ainsi d\u2019exposer au public des copies afin d\u2019\u00e9viter le vandalisme. \u00ab\u00a0On peut faire des copies, \u00e7a a \u00e9t\u00e9 exp\u00e9riment\u00e9. Mais imaginez si l\u2019on devait faire \u00e7a pour chaque \u0153uvre\u00a0? C\u2019est gigantesque et \u00e7a va co\u00fbter une fortune\u00a0\u00bb, temp\u00e8re Philippe Durant, auteur de Cambriolages au mus\u00e9e\u00a0: 10 vols, 10 pays. \u00ab\u00a0Si on pousse la logique autant que les gens restent chez eux et regardent les \u0153uvres sur leur ordinateur. Visiter des mus\u00e9es implique l\u2019interaction d\u2019humains, et l\u2019humain est forc\u00e9ment faillible\u00a0\u00bb, ajoute-t-il.<\/p>\n<p>  Le recours aux sous-traitants<\/p>\n<p>Outre-Rhin, le vol survenu au mus\u00e9e de Gr\u00fcnes Gew\u00f6lbe \u00e0 Dresde en 2019 fut surnomm\u00e9 \u00ab\u00a0le casse du si\u00e8cle\u00a0\u00bb. Des cambrioleurs \u00e9taient parvenus \u00e0 voler des bijoux du XVIIIe\u00a0si\u00e8cle compos\u00e9s de 4\u00a0300 diamants pour une valeur de plus de 110\u00a0millions d\u2019euros. Un butin qui a \u00e9t\u00e9 en grande partie retrouv\u00e9. Depuis, le land de Saxe a d\u00e9cid\u00e9 d\u2019investir 20\u00a0millions d\u2019euros suppl\u00e9mentaires pour renforcer la s\u00e9curit\u00e9 de ses mus\u00e9es, notamment celles des Collections nationales de Dresde. Des mesures structurelles, techniques, organisationnelles et en mati\u00e8re de personnel ont \u00e9t\u00e9 mises en \u0153uvre, assure le mus\u00e9e, sans toutefois rentrer dans les d\u00e9tails.<\/p>\n<p>L\u2019historien de l\u2019art et expert en s\u00e9curisation et assurance d\u2019\u0153uvres d\u2019art chez Allianz Franz Oliver Class met en avant une diff\u00e9rence importante entre les mod\u00e8les fran\u00e7ais et suisse. \u00ab\u00a0En Suisse, les \u0153uvres d\u2019art sont g\u00e9n\u00e9ralement assur\u00e9es par des compagnies priv\u00e9es. Ces assureurs ont bien s\u00fbr un grand int\u00e9r\u00eat \u00e0 ce que les \u0153uvres soient prot\u00e9g\u00e9es de la meilleure fa\u00e7on possible\u00a0\u00bb, explique-t-il \u00e0 <a href=\"https:\/\/www.20min.ch\/fr\/story\/cambriolage-du-louvre-les-musees-suisses-se-distinguent-sur-un-point-des-francais-103437262\" target=\"_blank\" rel=\"nofollow noopener\">20 minutes Suisse<\/a>.<\/p>\n<p>Plus globalement, les mus\u00e9es europ\u00e9ens font souvent appel \u00e0 des sous-traitants pour assurer leur s\u00e9curit\u00e9. C\u2019est notamment le cas \u00e0 la National Gallery de Londres, au Prado \u00e0 Madrid ou dans\u00a0les 16 mus\u00e9es et biblioth\u00e8ques d\u2019\u00c9tat de Florence. Dario Furnari, le dirigeant syndical de l\u2019entreprise dont d\u00e9pendent les mus\u00e9es florentins, assure \u00e0 <a href=\"https:\/\/www.liberation.fr\/societe\/les-offices-la-national-gallery-le-prado-le-rijksmuseum-dans-les-musees-europeens-une-securite-souvent-sous-traitee-20251021_6KNO4R247FF6NAFLU5736J23NE\/\" target=\"_blank\" rel=\"nofollow noopener\">Lib\u00e9ration<\/a> que les conditions de travail qui y sont pratiqu\u00e9es fragilisent la s\u00e9curit\u00e9 des \u0153uvres et des visiteurs. \u00ab\u00a0Il y a une grave carence de personnel pour assurer l\u2019ouverture et la surveillance des mus\u00e9es\u00a0\u00bb, alerte-t-il. Philippe Durant pointe aussi la nature m\u00eame du travail de gardien de mus\u00e9e. \u00ab\u00a0Vous \u00eates souvent statique \u00e0 surveiller les gens, ce qu\u2019ils font ou non. Au bout d\u2019une heure, deux heures, un an vous pouvez vous lasser. Je ne les critique pas du tout mais c\u2019est humain\u00a0\u00bb, observe-t-il.<\/p>\n","protected":false},"excerpt":{"rendered":"\u00ab\u00a0La s\u00e9curit\u00e9 du patrimoine culturel est d\u00e9sormais une priorit\u00e9 majeure\u00a0\u00bb, a fait savoir le minist\u00e8re italien de la&hellip;\n","protected":false},"author":2,"featured_media":483775,"comment_status":"","ping_status":"","sticky":false,"template":"","format":"standard","meta":{"footnotes":""},"categories":[1588],"tags":[11,1687,1777,674,2271,107,329,12,2661,473,1853,1851,1850,1852],"class_list":{"0":"post-483774","1":"post","2":"type-post","3":"status-publish","4":"format-standard","5":"has-post-thumbnail","7":"category-royaume-uni","8":"tag-actualites","9":"tag-culture-loisirs","10":"tag-eu","11":"tag-europe","12":"tag-exposition-arts-plastiques","13":"tag-fil-info","14":"tag-france-monde","15":"tag-news","16":"tag-patrimoine-culturel","17":"tag-royaume-uni","18":"tag-royaume-uni-de-grande-bretagne-et-dirlande-du-nord","19":"tag-uk","20":"tag-united-kingdom","21":"tag-united-kingdom-of-great-britain-and-northern-ireland"},"share_on_mastodon":{"url":"https:\/\/pubeurope.com\/@fr\/115422230327882606","error":""},"_links":{"self":[{"href":"https:\/\/www.europesays.com\/fr\/wp-json\/wp\/v2\/posts\/483774","targetHints":{"allow":["GET"]}}],"collection":[{"href":"https:\/\/www.europesays.com\/fr\/wp-json\/wp\/v2\/posts"}],"about":[{"href":"https:\/\/www.europesays.com\/fr\/wp-json\/wp\/v2\/types\/post"}],"author":[{"embeddable":true,"href":"https:\/\/www.europesays.com\/fr\/wp-json\/wp\/v2\/users\/2"}],"replies":[{"embeddable":true,"href":"https:\/\/www.europesays.com\/fr\/wp-json\/wp\/v2\/comments?post=483774"}],"version-history":[{"count":0,"href":"https:\/\/www.europesays.com\/fr\/wp-json\/wp\/v2\/posts\/483774\/revisions"}],"wp:featuredmedia":[{"embeddable":true,"href":"https:\/\/www.europesays.com\/fr\/wp-json\/wp\/v2\/media\/483775"}],"wp:attachment":[{"href":"https:\/\/www.europesays.com\/fr\/wp-json\/wp\/v2\/media?parent=483774"}],"wp:term":[{"taxonomy":"category","embeddable":true,"href":"https:\/\/www.europesays.com\/fr\/wp-json\/wp\/v2\/categories?post=483774"},{"taxonomy":"post_tag","embeddable":true,"href":"https:\/\/www.europesays.com\/fr\/wp-json\/wp\/v2\/tags?post=483774"}],"curies":[{"name":"wp","href":"https:\/\/api.w.org\/{rel}","templated":true}]}}