{"id":48378,"date":"2025-04-24T05:27:09","date_gmt":"2025-04-24T05:27:09","guid":{"rendered":"https:\/\/www.europesays.com\/fr\/48378\/"},"modified":"2025-04-24T05:27:09","modified_gmt":"2025-04-24T05:27:09","slug":"18-mois-de-prison-avec-sursis-requis-contre-lancien-consul-de-libye-a-marseille","status":"publish","type":"post","link":"https:\/\/www.europesays.com\/fr\/48378\/","title":{"rendered":"18 mois de prison avec sursis requis contre l&rsquo;ancien consul de Libye \u00e0 Marseille"},"content":{"rendered":"<p>Pacte de corruption ou extorsion\u00a0? Ce mercredi 23\u00a0avril, la repr\u00e9sentante du minist\u00e8re public Anne-Sophie Iarrouy a requis dix-huit mois de prison avec sursis, 10\u00a0000\u00a0\u20ac d\u2019amende et une interdiction de territoire fran\u00e7ais pendant dix ans \u00e0 l\u2019encontre de<a href=\"https:\/\/www.laprovence.com\/article\/region\/4148563159734815\/terribles-inondations-en-libye-le-consul-libyen-impressionne-par-le-soutien-spontane-dont-marseille-fait-preuve\" target=\"_blank\" rel=\"noopener\"> Samir Altawill, <\/a>ancien consul honoraire de Libye \u00e0 Marseille. Absent lors des d\u00e9bats et non repr\u00e9sent\u00e9, le haut fonctionnaire, qui avait contest\u00e9 les faits devant les enqu\u00eateurs, est soup\u00e7onn\u00e9 d\u2019avoir re\u00e7u des pots-de-vin de la part d\u2019un entrepreneur r\u00e9fugi\u00e9 syrien dans le cadre du chantier de r\u00e9novation du consulat situ\u00e9 dans le 8e arrondissement marseillais. Seul pr\u00e9sent \u00e0 l\u2019audience, l\u2019artisan \u00e2g\u00e9 de 33\u00a0ans encourt douze mois de prison avec sursis, 5\u00a0000\u00a0\u20ac d\u2019amende dont la moiti\u00e9 avec sursis et une interdiction d\u2019exercice pendant cinq ans.<\/p>\n<p>\u00ab\u00a0Je n\u2019avais pas le choix sinon il me tuait\u00a0\u00bb<\/p>\n<p>L\u2019histoire commence d\u00e9but\u00a02021 quand le ma\u00e7on syrien est contact\u00e9 par le chauffeur du consul pour postuler \u00e0 un appel d\u2019offres portant sur les travaux du consulat de Libye. Son dossier est retenu, le contrat sign\u00e9, le chantier d\u00e9marre le 15\u00a0mars. \u00ab\u00a0Tout se fait en trois mois, r\u00e9sume la procureure Anne-Sophie Iarrouy. Tout roule mais c\u2019\u00e9tait sans compter les promesses non tenues, les peurs, les angoisses\u2026\u00a0\u00bb Celles-ci se traduisent, en fin d\u2019ann\u00e9e, par un d\u00e9p\u00f4t de plainte de l\u2019entrepreneur portant sur des menaces prof\u00e9r\u00e9es par le consul exigeant, selon ses dires, le versement d\u2019une r\u00e9trocommission. \u00ab\u00a0Je lui ai donn\u00e9 5\u00a0700\u00a0euros en esp\u00e8ce, avoue l\u2019artisan \u00e0 la barre, sur questions de la juge Lola Vandermaesen. Je savais que c\u2019\u00e9tait ill\u00e9gal mais je n\u2019avais pas le choix sinon, il me tuait.\u00a0\u00bb\u00a0Le ma\u00e7on affirme avoir \u00e9t\u00e9 menac\u00e9 de mort par le comptable du consulat et le consul lui-m\u00eame, qui lui auraient rappel\u00e9 qu\u00a0\u00bbils pouvaient (lui) faire comme on a fait au journaliste saoudien\u00a0\u00bb, en \u00e9voquant le cas de <a href=\"https:\/\/www.laprovence.com\/actu\/en-direct\/5742423\/jamal-khashoggi-sa-fiancee-appelle-le-g20-a-agir-pour-la-liberte-de-la-presse.html\" target=\"_blank\" rel=\"noopener\">Jamal Kashoggi, tu\u00e9 au consulat d\u2019Arabie saoudite<\/a> \u00e0 Istanbul en\u00a02018.<\/p>\n<p>Toujours d\u2019apr\u00e8s ses d\u00e9clarations, les pressions ont continu\u00e9 apr\u00e8s son d\u00e9p\u00f4t de plainte, \u00ab\u00a0quand il a su, il m\u2019a dit qu\u2019il allait payer quelqu\u2019un un million d\u2019euros pour me tuer\u00a0\u00bb, poursuit le trentenaire qui explique avoir \u00e9galement \u00e9t\u00e9 contraint de fournir trois ch\u00e8ques d\u2019un montant total de 40\u00a0000\u00a0euros, auxquels il a fait opposition. \u00ab\u00a0J\u2019ai quitt\u00e9 le chantier puis j\u2019ai repris, il disait qu\u2019il m\u2019attaquerait pour non-ex\u00e9cution du contrat, qu\u2019il \u00e9tait intouchable car il avait l\u2019immunit\u00e9 diplomatique\u00a0\u00bb, explique encore le pr\u00e9venu par la voix de son interpr\u00e8te.<\/p>\n","protected":false},"excerpt":{"rendered":"Pacte de corruption ou extorsion\u00a0? Ce mercredi 23\u00a0avril, la repr\u00e9sentante du minist\u00e8re public Anne-Sophie Iarrouy a requis dix-huit&hellip;\n","protected":false},"author":2,"featured_media":48379,"comment_status":"","ping_status":"","sticky":false,"template":"","format":"standard","meta":{"footnotes":""},"categories":[2814],"tags":[17,1111,11,3396,1444,1770,1777,674,274,1011,27,884,2561,12,806,882,25,13985,6252],"class_list":{"0":"post-48378","1":"post","2":"type-post","3":"status-publish","4":"format-standard","5":"has-post-thumbnail","7":"category-marseille","8":"tag-17","9":"tag-actu","10":"tag-actualites","11":"tag-avec","12":"tag-contre","13":"tag-corruption","14":"tag-eu","15":"tag-europe","16":"tag-faits-divers-justice","17":"tag-fr","18":"tag-france","19":"tag-marseille","20":"tag-mois","21":"tag-news","22":"tag-prison","23":"tag-provence-alpes-cote-dazur","24":"tag-republique-francaise","25":"tag-requis","26":"tag-sursis"},"share_on_mastodon":{"url":"https:\/\/pubeurope.com\/@fr\/114391288603382680","error":""},"_links":{"self":[{"href":"https:\/\/www.europesays.com\/fr\/wp-json\/wp\/v2\/posts\/48378","targetHints":{"allow":["GET"]}}],"collection":[{"href":"https:\/\/www.europesays.com\/fr\/wp-json\/wp\/v2\/posts"}],"about":[{"href":"https:\/\/www.europesays.com\/fr\/wp-json\/wp\/v2\/types\/post"}],"author":[{"embeddable":true,"href":"https:\/\/www.europesays.com\/fr\/wp-json\/wp\/v2\/users\/2"}],"replies":[{"embeddable":true,"href":"https:\/\/www.europesays.com\/fr\/wp-json\/wp\/v2\/comments?post=48378"}],"version-history":[{"count":0,"href":"https:\/\/www.europesays.com\/fr\/wp-json\/wp\/v2\/posts\/48378\/revisions"}],"wp:featuredmedia":[{"embeddable":true,"href":"https:\/\/www.europesays.com\/fr\/wp-json\/wp\/v2\/media\/48379"}],"wp:attachment":[{"href":"https:\/\/www.europesays.com\/fr\/wp-json\/wp\/v2\/media?parent=48378"}],"wp:term":[{"taxonomy":"category","embeddable":true,"href":"https:\/\/www.europesays.com\/fr\/wp-json\/wp\/v2\/categories?post=48378"},{"taxonomy":"post_tag","embeddable":true,"href":"https:\/\/www.europesays.com\/fr\/wp-json\/wp\/v2\/tags?post=48378"}],"curies":[{"name":"wp","href":"https:\/\/api.w.org\/{rel}","templated":true}]}}