{"id":483807,"date":"2025-10-23T07:27:15","date_gmt":"2025-10-23T07:27:15","guid":{"rendered":"https:\/\/www.europesays.com\/fr\/483807\/"},"modified":"2025-10-23T07:27:15","modified_gmt":"2025-10-23T07:27:15","slug":"participation-record-pour-la-13e-edition-du-prix-roman-des-etudiants-de-france-culture","status":"publish","type":"post","link":"https:\/\/www.europesays.com\/fr\/483807\/","title":{"rendered":"Participation record pour la 13e \u00e9dition du prix Roman des \u00e9tudiants de France Culture"},"content":{"rendered":"<p>Les inscriptions pour participer au jury de la 13e \u00e9dition du prix Roman des \u00e9tudiants France culture se sont cl\u00f4tur\u00e9es avec plus de 3\u00a0000 \u00e9tudiants inscrits. \u00ab\u00a0C&rsquo;est un record pour ce prix et une grande joie pour France Culture qu&rsquo;autant d&rsquo;\u00e9tudiants s&#8217;emparent de cette aventure\u00a0!\u00a0\u00bb, indique un communiqu\u00e9. L&rsquo;ann\u00e9e derni\u00e8re, 2\u00a0500 \u00e9tudiants avaient particip\u00e9, chiffre d\u00e9j\u00e0 en hausse par rapport \u00e0 l&rsquo;\u00e9dition 2023.<\/p>\n<p>Tous les \u00e9tudiants, quelle que soit leur fili\u00e8re, ont pu int\u00e9grer le jury avec une simple inscription, \u00e0 partir du 25\u00a0septembre. D&rsquo;octobre \u00e0 d\u00e9cembre, les jur\u00e9s participent \u00e0 une aventure collective\u00a0: ils lisent les cinq romans en version num\u00e9rique, rencontrent les autrices et auteurs, d\u00e9battent sur une plateforme d\u00e9di\u00e9e et votent pour remettre le prix.<\/p>\n<p>La s\u00e9lection\u00a0:<\/p>\n<ul>\n<li class=\"x_elementToProof\"><strong>Jakuta Alikavazovic,<\/strong> Au grand jamais (Gallimard)<\/li>\n<li class=\"x_elementToProof\"><strong>Thibault Daelman<\/strong>, L\u2019Entroubli (Le Tripode)<\/li>\n<li class=\"x_elementToProof\"><strong>Gr\u00e9gory Le Floch<\/strong>, Peau d\u2019ourse (Seuil)<\/li>\n<li class=\"x_elementToProof\"><strong>S\u00e9phora Pondi,<\/strong> Avale (Grasset)<\/li>\n<li class=\"x_elementToProof\"><strong>Laura Vazquez<\/strong>, Les Forces (\u00c9ditions du Sous-sol)<\/li>\n<\/ul>\n<p class=\"x_elementToProof\">\u00a0<\/p>\n<p>L\u2019annonce du laur\u00e9at aura lieu en d\u00e9cembre avec une remise de prix et une \u00e9mission sp\u00e9ciale \u00e0 l\u2019antenne de France Culture, \u00e0 laquelle seront convi\u00e9s des membres du jury des \u00e9tudiants.<\/p>\n","protected":false},"excerpt":{"rendered":"Les inscriptions pour participer au jury de la 13e \u00e9dition du prix Roman des \u00e9tudiants France culture se&hellip;\n","protected":false},"author":2,"featured_media":483808,"comment_status":"","ping_status":"","sticky":false,"template":"","format":"standard","meta":{"footnotes":""},"categories":[1357],"tags":[1379,58,59,1011,27,1380],"class_list":{"0":"post-483807","1":"post","2":"type-post","3":"status-publish","4":"format-standard","5":"has-post-thumbnail","7":"category-livres","8":"tag-books","9":"tag-divertissement","10":"tag-entertainment","11":"tag-fr","12":"tag-france","13":"tag-livres"},"share_on_mastodon":{"url":"https:\/\/pubeurope.com\/@fr\/115422301063460419","error":""},"_links":{"self":[{"href":"https:\/\/www.europesays.com\/fr\/wp-json\/wp\/v2\/posts\/483807","targetHints":{"allow":["GET"]}}],"collection":[{"href":"https:\/\/www.europesays.com\/fr\/wp-json\/wp\/v2\/posts"}],"about":[{"href":"https:\/\/www.europesays.com\/fr\/wp-json\/wp\/v2\/types\/post"}],"author":[{"embeddable":true,"href":"https:\/\/www.europesays.com\/fr\/wp-json\/wp\/v2\/users\/2"}],"replies":[{"embeddable":true,"href":"https:\/\/www.europesays.com\/fr\/wp-json\/wp\/v2\/comments?post=483807"}],"version-history":[{"count":0,"href":"https:\/\/www.europesays.com\/fr\/wp-json\/wp\/v2\/posts\/483807\/revisions"}],"wp:featuredmedia":[{"embeddable":true,"href":"https:\/\/www.europesays.com\/fr\/wp-json\/wp\/v2\/media\/483808"}],"wp:attachment":[{"href":"https:\/\/www.europesays.com\/fr\/wp-json\/wp\/v2\/media?parent=483807"}],"wp:term":[{"taxonomy":"category","embeddable":true,"href":"https:\/\/www.europesays.com\/fr\/wp-json\/wp\/v2\/categories?post=483807"},{"taxonomy":"post_tag","embeddable":true,"href":"https:\/\/www.europesays.com\/fr\/wp-json\/wp\/v2\/tags?post=483807"}],"curies":[{"name":"wp","href":"https:\/\/api.w.org\/{rel}","templated":true}]}}