{"id":483824,"date":"2025-10-23T07:36:13","date_gmt":"2025-10-23T07:36:13","guid":{"rendered":"https:\/\/www.europesays.com\/fr\/483824\/"},"modified":"2025-10-23T07:36:13","modified_gmt":"2025-10-23T07:36:13","slug":"face-a-la-paralysie-budgetaire-larmee-californienne-se-charge-de-distribuer-laide-alimentaire","status":"publish","type":"post","link":"https:\/\/www.europesays.com\/fr\/483824\/","title":{"rendered":"Face \u00e0 la paralysie budg\u00e9taire, l\u2019arm\u00e9e californienne se charge de distribuer l\u2019aide alimentaire"},"content":{"rendered":"<p>Aux grands besoins, les grands moyens. Face \u00e0 la paralysie budg\u00e9taire prolong\u00e9e aux <a href=\"https:\/\/www.20minutes.fr\/monde\/etats-unis\/\" target=\"_blank\" class=\"c-link c-link--is-underlined\" rel=\"noopener\">Etats-Unis<\/a>, le gouverneur de <a href=\"https:\/\/www.20minutes.fr\/dossier\/californie\" target=\"_blank\" class=\"c-link c-link--is-underlined\" rel=\"noopener\">Californie<\/a> a annonc\u00e9 mercredi le d\u00e9ploiement de la Garde nationale pour distribuer l\u2019aide alimentaire.<\/p>\n<p>Des centaines de milliers d\u2019agents de l\u2019Etat f\u00e9d\u00e9ral \u00e0 travers tout le pays ne sont pas pay\u00e9s en raison du \u00ab\u00a0<a href=\"https:\/\/www.20minutes.fr\/monde\/etats-unis\/4179827-20251020-shutdown-etats-unis-revit-cauchemar-2018-temoigne-fonctionnaire-paye-depuis-15-jours\" target=\"_blank\" class=\"c-link c-link--is-underlined\" rel=\"noopener\">shutdown<\/a>\u00a0\u00bb, cons\u00e9quence du d\u00e9saccord entre la majorit\u00e9 r\u00e9publicaine du pr\u00e9sident <a href=\"https:\/\/www.20minutes.fr\/dossier\/donald_trump\" target=\"_blank\" class=\"c-link c-link--is-underlined\" rel=\"noopener\">Donald Trump<\/a> et les opposants d\u00e9mocrates, qui campent respectivement sur leurs positions au Congr\u00e8s autour du vote du budget.<\/p>\n<\/p>\n<p>\u00ab\u00a0L\u2019\u00e9chec de Trump n\u2019est pas abstrait, il enl\u00e8ve litt\u00e9ralement le pain de la bouche des gens\u00a0\u00bb, a d\u00e9nonc\u00e9 le gouverneur d\u00e9mocrate de Californie <a href=\"https:\/\/www.20minutes.fr\/monde\/etats-unis\/4157711-20250610-etats-unis-gouverneur-californie-gavin-newsom-engage-bras-fer-donald-trump\" target=\"_blank\" class=\"c-link c-link--is-underlined\" rel=\"noopener\">Gavin Newsom<\/a>. \u00ab\u00a0Des millions d\u2019Am\u00e9ricains d\u00e9pendent des aides alimentaires pour nourrir leur famille\u00a0\u00bb, a insist\u00e9 celui qui reste l\u2019un des candidats d\u00e9mocrates potentiels les plus en vue pour la pr\u00e9sidentielle de\u00a02028.<\/p>\n<p>Le plus long shutdown de l\u2019histoire<\/p>\n<p>Les aides vers\u00e9es \u00e0 certaines des personnes les plus pauvres des Etats-Unis, notamment dans le cadre d\u2019un programme de coupons alimentaires (Snap), devraient prendre fin dans les prochains jours si aucun accord n\u2019est trouv\u00e9 entre r\u00e9publicains et d\u00e9mocrates.<\/p>\n<p><a href=\"https:\/\/www.20minutes.fr\/monde\/etats-unis\/\" target=\"_blank\" class=\"c-link c-btn c-btn--primary\" rel=\"noopener\">Notre dossier sur les Etats-Unis<\/a><\/p>\n<p>Entr\u00e9 dans sa quatri\u00e8me semaine, ce \u00ab\u00a0shutdown\u00a0\u00bb est devenu mercredi le deuxi\u00e8me plus long de l\u2019histoire des Etats-Unis. Au c\u0153ur du d\u00e9bat, un d\u00e9saccord entre r\u00e9publicains, souhaitant prolonger le budget actuel, et d\u00e9mocrates, qui r\u00e9clament une prolongation de subventions pour des programmes d\u2019assurance sant\u00e9 \u00e0 destination de foyers \u00e0 bas revenus.<\/p>\n","protected":false},"excerpt":{"rendered":"Aux grands besoins, les grands moyens. Face \u00e0 la paralysie budg\u00e9taire prolong\u00e9e aux Etats-Unis, le gouverneur de Californie&hellip;\n","protected":false},"author":2,"featured_media":483825,"comment_status":"","ping_status":"","sticky":false,"template":"","format":"standard","meta":{"footnotes":""},"categories":[5],"tags":[47,11,1003,2139,75,73,1011,27,14,6116,74,12,23893,23892,28],"class_list":{"0":"post-483824","1":"post","2":"type-post","3":"status-publish","4":"format-standard","5":"has-post-thumbnail","7":"category-international","8":"tag-actualite","9":"tag-actualites","10":"tag-budget","11":"tag-californie","12":"tag-donald-trump","13":"tag-etats-unis","14":"tag-fr","15":"tag-france","16":"tag-international","17":"tag-los-angeles","18":"tag-monde","19":"tag-news","20":"tag-parti-democrate-usa","21":"tag-parti-republicain-usa","22":"tag-world"},"share_on_mastodon":{"url":"https:\/\/pubeurope.com\/@fr\/115422336755802319","error":""},"_links":{"self":[{"href":"https:\/\/www.europesays.com\/fr\/wp-json\/wp\/v2\/posts\/483824","targetHints":{"allow":["GET"]}}],"collection":[{"href":"https:\/\/www.europesays.com\/fr\/wp-json\/wp\/v2\/posts"}],"about":[{"href":"https:\/\/www.europesays.com\/fr\/wp-json\/wp\/v2\/types\/post"}],"author":[{"embeddable":true,"href":"https:\/\/www.europesays.com\/fr\/wp-json\/wp\/v2\/users\/2"}],"replies":[{"embeddable":true,"href":"https:\/\/www.europesays.com\/fr\/wp-json\/wp\/v2\/comments?post=483824"}],"version-history":[{"count":0,"href":"https:\/\/www.europesays.com\/fr\/wp-json\/wp\/v2\/posts\/483824\/revisions"}],"wp:featuredmedia":[{"embeddable":true,"href":"https:\/\/www.europesays.com\/fr\/wp-json\/wp\/v2\/media\/483825"}],"wp:attachment":[{"href":"https:\/\/www.europesays.com\/fr\/wp-json\/wp\/v2\/media?parent=483824"}],"wp:term":[{"taxonomy":"category","embeddable":true,"href":"https:\/\/www.europesays.com\/fr\/wp-json\/wp\/v2\/categories?post=483824"},{"taxonomy":"post_tag","embeddable":true,"href":"https:\/\/www.europesays.com\/fr\/wp-json\/wp\/v2\/tags?post=483824"}],"curies":[{"name":"wp","href":"https:\/\/api.w.org\/{rel}","templated":true}]}}