{"id":483826,"date":"2025-10-23T07:37:12","date_gmt":"2025-10-23T07:37:12","guid":{"rendered":"https:\/\/www.europesays.com\/fr\/483826\/"},"modified":"2025-10-23T07:37:12","modified_gmt":"2025-10-23T07:37:12","slug":"le-rn-presente-son-contre-budget-mais-son-plus-gros-deficit-reste-celui-de-sa-credibilite","status":"publish","type":"post","link":"https:\/\/www.europesays.com\/fr\/483826\/","title":{"rendered":"Le RN pr\u00e9sente son contre-budget mais son plus gros d\u00e9ficit reste celui de sa cr\u00e9dibilit\u00e9"},"content":{"rendered":"<p>        <img decoding=\"async\" loading=\"lazy\" src=\"https:\/\/www.europesays.com\/fr\/wp-content\/uploads\/2025\/10\/028fdeb_upload-1-sw62krysui3n-afp-20251015-78vm8hv-v1-highres-francepoliticsgovernmentparliament.jpg\"  width=\"728\" height=\"410\" alt=\"Marine Le Pen et Jean-Philippe Tanguy photographi\u00e9s \u00e0 l\u2019Assembl\u00e9e nationale le 15\u00a0octobre (illustration)\"\/>  <\/p>\n<p>ALAIN JOCARD \/ AFP<\/p>\n<p>Marine Le Pen et Jean-Philippe Tanguy photographi\u00e9s \u00e0 l\u2019Assembl\u00e9e nationale le 15\u00a0octobre (illustration)<\/p>\n<p class=\"asset asset-text\">POLITIQUE &#8211; Les lep\u00e9nistes le savent. Pour acc\u00e9der au pouvoir, la cr\u00e9dibilit\u00e9 \u00e9conomique n\u2019est pas une option. Et ce n\u2019est pas <a href=\"https:\/\/www.huffingtonpost.fr\/politique\/article\/marine-le-pen-deboutee-par-le-conseil-d-etat-sur-son-ineligibilite_256030.html\" target=\"_blank\" rel=\"noopener\">Marine Le\u00a0Pen<\/a>, qui est pass\u00e9e de la fantasque sortie de l\u2019euro en 2017\u00a0\u00e0 <a href=\"https:\/\/www.huffingtonpost.fr\/politique\/article\/marine-le-pen-a-du-mal-a-assumer-le-changement-de-doctrine-du-rn-sur-le-deficit_251240.html\" target=\"_blank\" rel=\"noopener\">l\u2019orthodoxie budg\u00e9taire honteuse<\/a> en 2025, qui dira le contraire. Ce jeudi 23\u00a0octobre, le RN pr\u00e9sente donc son contre-budget, comme <a href=\"https:\/\/www.huffingtonpost.fr\/politique\/article\/budget-2025-celui-propose-par-le-rassemblement-national-dit-beaucoup-de-ses-obsessions-clx1_241003.html\" target=\"_blank\" rel=\"noopener\">c\u2019\u00e9tait d\u00e9j\u00e0 le cas l\u2019an pass\u00e9 \u00e0 la m\u00eame p\u00e9riode<\/a>.<\/p>\n<p class=\"asset asset-text\">L\u2019occasion pour le parti d\u2019extr\u00eame droite de chasser, autant que possible, la mauvaise r\u00e9putation dont il souffre sur le plan \u00e9conomique. Sur le fond, les principales orientations du RN en la mati\u00e8re sont connues. Il s\u2019agirait d\u2019aller chercher 100\u00a0milliards\u00a0d\u2019euros d\u2019\u00e9conomie (oui oui) en cinq ans, avec l\u2019objectif de faire passer, \u00e0 terme, le d\u00e9ficit sous la barre des 3\u00a0% du PIB. Un seuil fix\u00e9 par nos engagements avec l\u2019Union europ\u00e9enne et que Marine Le\u00a0Pen qualifiait de \u00ab\u00a0<a href=\"https:\/\/www.lefigaro.fr\/economie\/le-scan-eco\/dessous-chiffres\/2017\/03\/24\/29006-20170324ARTFIG00126-presidentielle-faut-il-remettre-en-cause-les-3-de-deficit-public.php\" target=\"_blank\" rel=\"noopener\" title=\"Nouvelle fen\u00eatre\">viol d\u00e9mocratique<\/a>\u00a0\u00bb en 2012.<\/p>\n<p class=\"asset asset-text\">Sur le fond, le RN entend faire porter l\u2019effort prioritairement sur les d\u00e9penses publiques. Comment\u00a0? En supprimant 80\u00a0agences ou op\u00e9rateurs de l\u2019\u00c9tat, en baissant le nombre de fonctionnaires ou instaurant la pr\u00e9f\u00e9rence nationale, notamment du c\u00f4t\u00e9 de certaines aides sociales b\u00e9n\u00e9ficiant aux immigr\u00e9s. Selon <a href=\"https:\/\/www.lemonde.fr\/politique\/article\/2025\/10\/19\/le-programme-budgetaire-du-rassemblement-national-ou-le-mystere-des-100-milliards-d-economies_6648097_823448.html\" target=\"_blank\" rel=\"noopener\" title=\"Nouvelle fen\u00eatre\">Le Monde<\/a>, le RN estime \u00e0 25\u00a0milliards les \u00e9conomies qui pourraient \u00eatre r\u00e9alis\u00e9es en actionnant le seul levier \u00ab\u00a0immigration\u00a0\u00bb de son plan.<\/p>\n<p>    Des \u00e9conomies sur\u00e9valu\u00e9es    <\/p>\n<p class=\"asset asset-text\">La baisse de la contribution fran\u00e7aise \u00e0 l\u2019Union europ\u00e9enne\u00a0? 10\u00a0milliards. La lutte contre la fraude sociale et fiscale\u00a0? 15\u00a0milliards. Une meilleure organisation de l\u2019\u00c9tat\u00a0? Entre 10\u00a0et 30\u00a0milliards d\u2019\u00e9conomies. Sur le papier, le parti lep\u00e9niste dit avoir trouv\u00e9 la formule permettant \u00e0 la France de sortir de la spirale du d\u00e9ficit. Et en y regardant de plus pr\u00e8s\u00a0? Pas vraiment. Et pour deux raisons.<\/p>\n<p class=\"asset asset-text\">La premi\u00e8re, assez g\u00eanante pour le s\u00e9rieux revendiqu\u00e9, est que les \u00e9conomies envisag\u00e9es par le RN apparaissent largement sur\u00e9valu\u00e9es. \u00ab\u00a0Plusieurs \u00e9valuations ne me semblent pas raisonnables. En mati\u00e8re d\u2019immigration, un rapport du Conseil d\u2019analyse \u00e9conomique avait estim\u00e9 en 2021\u00a0que l\u2019impact de l\u2019immigration sur les finances publiques se situait entre une perte de 0,5\u00a0% du PIB (\u2013 15\u00a0milliards d\u2019euros) et un gain de 0,5\u00a0% du PIB (+ 15\u00a0milliards d\u2019euros). M\u00eame en retenant l\u2019analyse la plus pessimiste (un co\u00fbt net de 15\u00a0milliards), je ne vois pas comment arriver \u00e0 un gain net de 25\u00a0milliards d\u2019euros\u00a0\u00bb, juge dans une interview au <a href=\"https:\/\/www.lemonde.fr\/politique\/article\/2025\/10\/19\/le-projet-de-budget-du-rn-est-aussi-difficile-a-chiffrer-qu-a-qualifier_6648113_823448.html\" target=\"_blank\" rel=\"noopener\" title=\"Nouvelle fen\u00eatre\">Monde<\/a> Fran\u00e7ois Ecalle, ancien magistrat \u00e0 la Cour des comptes et fondateur de\u00a0<a href=\"https:\/\/fipeco.fr\/\" target=\"_blank\" rel=\"noopener\" title=\"Nouvelle fen\u00eatre\">Fipeco.fr<\/a>, un site d\u2019information sur les finances publiques.<\/p>\n<p class=\"asset asset-text\">Autre probl\u00e8me, certaines mesures pr\u00e9conis\u00e9es, comme la pr\u00e9f\u00e9rence nationale pour certaines prestations sociales se heurtent \u00e0 la Constitution. Les Sages se sont d\u00e9j\u00e0 prononc\u00e9s <a href=\"https:\/\/www.huffingtonpost.fr\/politique\/article\/le-conseil-constitutionnel-refuse-le-referendum-sur-l-immigration-demande-par-lr_232512.html\" target=\"_blank\" rel=\"noopener\">sur le fond de ces mesures<\/a>, qui figuraient initialement dans la Loi immigration de 2023\u00a0(laquelle a \u00e9t\u00e9 largement retoqu\u00e9e par le Conseil constitutionnel). On peut aussi citer le rendement (tr\u00e8s) incertain de la baisse de la contribution de la France \u00e0 l\u2019UE. Si effectivement un gouvernement arrivait apr\u00e8s d\u2019\u00e2pres n\u00e9gociations \u00e0 obtenir \u00e0 un rabais (ce qui est loin d\u2019\u00eatre \u00e9vident), difficile d\u2019affirmer \u00e0 l\u2019avance que les \u00e9conomies r\u00e9alis\u00e9es seraient de l\u2019ordre de 10\u00a0milliards. Et qu\u2019il faudrait donc les compter comme acquises pour b\u00e2tir un budget.<\/p>\n<p>    \u00ab\u00a0L\u2019ensemble para\u00eet peu soutenable\u00a0\u00bb    <\/p>\n<p class=\"asset asset-text\">Au-del\u00e0 des \u00e9conomies, la partie recettes fait \u00e9galement tiquer. Car le RN propose des baisses de TVA, que ce soit sur l\u2019\u00e9nergie ou les produits de premi\u00e8re n\u00e9cessit\u00e9, afin de relancer la consommation. Soit pr\u00e8s de 20\u00a0milliards de manques \u00e0 gagner pour l\u2019\u00c9tat en termes de recettes, qui ne seraient compens\u00e9s par aucune entr\u00e9e fiscale, puisque le RN entend pr\u00e9server (voir acc\u00e9l\u00e9rer) une politique de l\u2019offre, en baissant certaines contributions pour les entreprises. Un positionnement visant \u00e0 draguer les milieux patronaux assum\u00e9 au RN. \u00ab\u00a0Il faut d\u2019abord r\u00e9duire les d\u00e9penses, avant de penser \u00e0 relever les recettes. On a aussi besoin de donner des signes encourageants aux entrepreneurs et acteurs, qui pensent de plus en plus \u00e0 partir\u00a0\u00bb, explique \u00e0 <a href=\"https:\/\/www.publicsenat.fr\/actualites\/economie\/budget-2026-le-rn-seloigne-de-la-gauche-sur-la-fiscalite\" target=\"_blank\" rel=\"noopener\" title=\"Nouvelle fen\u00eatre\">Public S\u00e9nat<\/a> le s\u00e9nateur RN Christopher Szczurek.<\/p>\n<p class=\"asset asset-text\">Certes, le RN envisage un semblant de \u00ab\u00a0justice fiscale\u00a0\u00bb, qui passerait par l\u2019instauration d\u2019un imp\u00f4t sur la fortune financi\u00e8re, dont le rendement est estim\u00e9 \u00e0 4\u00a0milliards. M\u00eame si, en l\u2019\u00e9tat, les intentions du parti lep\u00e9niste sont difficiles \u00e0 suivre. Alors que Jean-Philippe Tanguy a l\u2019air de tenir \u00e0 la mesure, Laure Lavalette a eu du mal \u00e0 dire du bien de la taxation des plus riches. \u00ab\u00a0Moins de riches, \u00e7a ne fait pas moins de pauvres. \u00c7a, pour le coup, c\u2019est le logiciel de la gauche\u00a0\u00bb, d\u00e9fendait\u00a0<a href=\"https:\/\/www.youtube.com\/watch?v=X7iUde_M-GY&amp;t=985s\" target=\"_blank\" rel=\"noopener\" title=\"Nouvelle fen\u00eatre\">sur franceinfo <\/a>celle qui est pourtant porte-parole du RN. Sur les plus hauts revenus, le parti de Jordan Bardella est n\u00e9anmoins s\u00fbr d\u2019une chose\u00a0: l\u2019hostilit\u00e9 \u00e0 la taxe Zucman.<\/p>\n<p class=\"asset asset-text\">\u00ab\u00a0La position de Marine Le\u00a0Pen, et du Rassemblement national plus g\u00e9n\u00e9ralement, est la m\u00eame que celle d\u2019Emmanuel Macron\u00a0\u00bb, expliquait r\u00e9cemment au HuffPost l\u2019\u00e9conomiste Gabriel Zucman, rappelant que l\u2019argument consistant \u00e0 \u00e9pargner \u00ab\u00a0les biens professionnels\u00a0\u00bb est le m\u00eame que celui utilis\u00e9 par S\u00e9bastien Lecornu pour contester l\u2019instauration de cet imp\u00f4t plancher. Cit\u00e9 par le site (lib\u00e9ral) <a href=\"https:\/\/atlantico.fr\/article\/decryptage\/mais-au-fait-a-quoi-ressemblerait-vraiment-un-budget-rn-frederic-mas-bertrand-martinot\" target=\"_blank\" rel=\"noopener\" title=\"Nouvelle fen\u00eatre\">Atlantico<\/a>, l\u2019\u00e9conomiste Bertrand Martinot (expert associ\u00e9 \u00e0 l\u2019institut Montaigne) juge ainsi la copie globale tr\u00e8s faible\u00a0: \u00ab\u00a0Au fond, le contre-budget du RN combine des baisses d\u2019imp\u00f4ts co\u00fbteuses comme celle sur la TVA, de nouvelles taxes sur les grandes entreprises et quatorze milliards d\u2019\u00e9conomies non document\u00e9es. L\u2019ensemble para\u00eet peu soutenable\u00a0\u00bb. Le d\u00e9ficit de cr\u00e9dibilit\u00e9 semble (encore) loin d\u2019\u00eatre combl\u00e9.<\/p>\n","protected":false},"excerpt":{"rendered":"ALAIN JOCARD \/ AFP Marine Le Pen et Jean-Philippe Tanguy photographi\u00e9s \u00e0 l\u2019Assembl\u00e9e nationale le 15\u00a0octobre (illustration) POLITIQUE&hellip;\n","protected":false},"author":2,"featured_media":483827,"comment_status":"","ping_status":"","sticky":false,"template":"","format":"standard","meta":{"footnotes":""},"categories":[4],"tags":[11,1003,1011,27,1077,430,12,316,1078,25],"class_list":{"0":"post-483826","1":"post","2":"type-post","3":"status-publish","4":"format-standard","5":"has-post-thumbnail","7":"category-france","8":"tag-actualites","9":"tag-budget","10":"tag-fr","11":"tag-france","12":"tag-jordan-bardella","13":"tag-marine-le-pen","14":"tag-news","15":"tag-politique","16":"tag-rassemblement-national","17":"tag-republique-francaise"},"share_on_mastodon":{"url":"https:\/\/pubeurope.com\/@fr\/115422340729338353","error":""},"_links":{"self":[{"href":"https:\/\/www.europesays.com\/fr\/wp-json\/wp\/v2\/posts\/483826","targetHints":{"allow":["GET"]}}],"collection":[{"href":"https:\/\/www.europesays.com\/fr\/wp-json\/wp\/v2\/posts"}],"about":[{"href":"https:\/\/www.europesays.com\/fr\/wp-json\/wp\/v2\/types\/post"}],"author":[{"embeddable":true,"href":"https:\/\/www.europesays.com\/fr\/wp-json\/wp\/v2\/users\/2"}],"replies":[{"embeddable":true,"href":"https:\/\/www.europesays.com\/fr\/wp-json\/wp\/v2\/comments?post=483826"}],"version-history":[{"count":0,"href":"https:\/\/www.europesays.com\/fr\/wp-json\/wp\/v2\/posts\/483826\/revisions"}],"wp:featuredmedia":[{"embeddable":true,"href":"https:\/\/www.europesays.com\/fr\/wp-json\/wp\/v2\/media\/483827"}],"wp:attachment":[{"href":"https:\/\/www.europesays.com\/fr\/wp-json\/wp\/v2\/media?parent=483826"}],"wp:term":[{"taxonomy":"category","embeddable":true,"href":"https:\/\/www.europesays.com\/fr\/wp-json\/wp\/v2\/categories?post=483826"},{"taxonomy":"post_tag","embeddable":true,"href":"https:\/\/www.europesays.com\/fr\/wp-json\/wp\/v2\/tags?post=483826"}],"curies":[{"name":"wp","href":"https:\/\/api.w.org\/{rel}","templated":true}]}}