{"id":483852,"date":"2025-10-23T07:52:31","date_gmt":"2025-10-23T07:52:31","guid":{"rendered":"https:\/\/www.europesays.com\/fr\/483852\/"},"modified":"2025-10-23T07:52:31","modified_gmt":"2025-10-23T07:52:31","slug":"evacuation-en-cours-des-personnes-migrantes-du-parc-de-maurepas-la-police-sur-place","status":"publish","type":"post","link":"https:\/\/www.europesays.com\/fr\/483852\/","title":{"rendered":"\u00e9vacuation en cours des personnes migrantes du parc de Maurepas, la police sur place"},"content":{"rendered":"<p>            Par<br \/>\n        <strong><br \/>\n            <a href=\"https:\/\/actu.fr\/auteur\/laurene-fertin\" title=\"Consulter tous les articles de Laur\u00e8ne Fertin\" target=\"_blank\" rel=\"noopener\">Laur\u00e8ne Fertin<\/a><br \/>\n        <\/strong><\/p>\n<p>        Publi\u00e9 le<\/p>\n<p>            23 oct. 2025 \u00e0 8h02        <\/p>\n<p>Ce jeudi 23\u00a0octobre 2025, <strong>les forces de l\u2019ordre<\/strong> proc\u00e8dent \u00e0 l\u2019expulsion des personnes migrantes install\u00e9es dans le parc de Maurepas, \u00e0 Rennes.<\/p>\n<p class=\" wall-content\">L\u2019op\u00e9ration a d\u00e9but\u00e9 <strong>aux environs de 7h<\/strong>, ce matin. La r\u00e9daction d\u2019actu Rennes n\u2019a pas \u00e9t\u00e9 autoris\u00e9e \u00e0 entrer dans le parc. Pour le moment,<strong> la circulation est coup\u00e9e<\/strong> au niveau du boulevard Paul-Painlev\u00e9. <strong>Police<\/strong> et <strong>CRS<\/strong> sont sur place.<\/p>\n<p>260\u00a0personnes dont 77\u00a0enfants<\/p>\n<p class=\" wall-content\">\u00ab\u2009Cette \u00e9vacuation concerne <strong>260\u00a0personnes<\/strong>, dont <strong>77\u00a0enfants<\/strong> et <strong>une quarantaine de mineurs non accompagn\u00e9s\u2009\u00bb,<\/strong> indique Suzanne Mamet, salari\u00e9e et coordinatrice d\u2019Utopia 56 Rennes. Un repr\u00e9sentant de la pr\u00e9fecture est sur place.<\/p>\n<p class=\" wall-content\">Certaines familles ont re\u00e7u des <strong>SMS<\/strong> pour<strong> des propositions d\u2019h\u00e9bergement,<\/strong> \u00ab\u2009notamment vers la ville de Foug\u00e8res\u2009\u00bb, poursuit Suzanne, \u00ab\u2009via le dispositif hospitalit\u00e9 de la Ville de Rennes. Pour le moment, aucune solution n\u2019a \u00e9t\u00e9 trouv\u00e9e pour les mineurs non accompagn\u00e9s\u2009\u00bb.<\/p>\n<p class=\" wall-content\">Plus d\u2019informations \u00e0 venir\u2026<\/p>\n<p class=\" wall-content\">Personnalisez votre actualit\u00e9 en ajoutant vos villes et m\u00e9dias en favori avec <a href=\"https:\/\/moncompte.actu.fr\" title=\"D\u00e9couvez Mon Actu\" rel=\"nofollow noopener\" data-trk=\"{&quot;cta&quot;:{&quot;action&quot;:&quot;https:\\\/\\\/moncompte.actu.fr&quot;,&quot;category&quot;:&quot;mon compte&quot;,&quot;from&quot;:&quot;article footer&quot;,&quot;name&quot;:&quot;Mon actu&quot;,&quot;type&quot;:&quot;cta&quot;}}\" target=\"_blank\">Mon Actu<\/a>.<\/p>\n","protected":false},"excerpt":{"rendered":"Par Laur\u00e8ne Fertin Publi\u00e9 le 23 oct. 2025 \u00e0 8h02 Ce jeudi 23\u00a0octobre 2025, les forces de l\u2019ordre&hellip;\n","protected":false},"author":2,"featured_media":483853,"comment_status":"","ping_status":"","sticky":false,"template":"","format":"standard","meta":{"footnotes":""},"categories":[2821],"tags":[1111,11,829,1777,674,1011,27,22320,1251,12,1072,584,25,104],"class_list":{"0":"post-483852","1":"post","2":"type-post","3":"status-publish","4":"format-standard","5":"has-post-thumbnail","7":"category-rennes","8":"tag-actu","9":"tag-actualites","10":"tag-bretagne","11":"tag-eu","12":"tag-europe","13":"tag-fr","14":"tag-france","15":"tag-maurepas","16":"tag-migrants","17":"tag-news","18":"tag-police","19":"tag-rennes","20":"tag-republique-francaise","21":"tag-societe"},"share_on_mastodon":{"url":"https:\/\/pubeurope.com\/@fr\/115422399393786975","error":""},"_links":{"self":[{"href":"https:\/\/www.europesays.com\/fr\/wp-json\/wp\/v2\/posts\/483852","targetHints":{"allow":["GET"]}}],"collection":[{"href":"https:\/\/www.europesays.com\/fr\/wp-json\/wp\/v2\/posts"}],"about":[{"href":"https:\/\/www.europesays.com\/fr\/wp-json\/wp\/v2\/types\/post"}],"author":[{"embeddable":true,"href":"https:\/\/www.europesays.com\/fr\/wp-json\/wp\/v2\/users\/2"}],"replies":[{"embeddable":true,"href":"https:\/\/www.europesays.com\/fr\/wp-json\/wp\/v2\/comments?post=483852"}],"version-history":[{"count":0,"href":"https:\/\/www.europesays.com\/fr\/wp-json\/wp\/v2\/posts\/483852\/revisions"}],"wp:featuredmedia":[{"embeddable":true,"href":"https:\/\/www.europesays.com\/fr\/wp-json\/wp\/v2\/media\/483853"}],"wp:attachment":[{"href":"https:\/\/www.europesays.com\/fr\/wp-json\/wp\/v2\/media?parent=483852"}],"wp:term":[{"taxonomy":"category","embeddable":true,"href":"https:\/\/www.europesays.com\/fr\/wp-json\/wp\/v2\/categories?post=483852"},{"taxonomy":"post_tag","embeddable":true,"href":"https:\/\/www.europesays.com\/fr\/wp-json\/wp\/v2\/tags?post=483852"}],"curies":[{"name":"wp","href":"https:\/\/api.w.org\/{rel}","templated":true}]}}