{"id":483862,"date":"2025-10-23T07:57:14","date_gmt":"2025-10-23T07:57:14","guid":{"rendered":"https:\/\/www.europesays.com\/fr\/483862\/"},"modified":"2025-10-23T07:57:14","modified_gmt":"2025-10-23T07:57:14","slug":"les-parcs-et-jardin-fermes","status":"publish","type":"post","link":"https:\/\/www.europesays.com\/fr\/483862\/","title":{"rendered":"les parcs et jardin ferm\u00e9s"},"content":{"rendered":"<p>            Par<br \/>\n        <strong><br \/>\n            <a href=\"https:\/\/actu.fr\/auteur\/ugo-maillard\" title=\"Consulter tous les articles de Ugo Maillard\" target=\"_blank\" rel=\"noopener\">Ugo Maillard<\/a><br \/>\n        <\/strong><\/p>\n<p>        Publi\u00e9 le<\/p>\n<p>            23 oct. 2025 \u00e0 9h16        <\/p>\n<p>Aucun risque ne sera pris. La ville de <a href=\"https:\/\/actu.fr\/nice\/\" target=\"_blank\" rel=\"noopener\">Nice<\/a>, \u00e0 l\u2019instar du reste de la France, va \u00eatre balay\u00e9e par le passage de la temp\u00eate Benjamin, ce jeudi 23\u00a0octobre 2025. Selon les donn\u00e9es de M\u00e9t\u00e9o France, des rafales de vent pouvant<strong> atteindre les 90\u00a0km\/h<\/strong> sont attendues \u00e0 Nice.<\/p>\n<p class=\" wall-content\">Avec ces donn\u00e9es, la Ville a pris la d\u00e9cision de fermer tous les parcs et jardins <strong>\u00e0 partir de 12h<\/strong>. Est concern\u00e9, l\u2019ensemble des parcs, jardins et cimeti\u00e8res, la promenade du Paillon entre le belv\u00e9d\u00e8re de la Bourgada, le sentier du littoral et le Palais des expositions. La fermeture est en vigueur jusqu\u2019\u00e0 la fin de la journ\u00e9e.<\/p>\n<p class=\" wall-content\">\u00c0 noter que le Maire de Nice activera \u00e0 12\u00a0heures, le Poste de Commandement Communal et M\u00e9tropolitain \u00e0 l\u2019h\u00f4tel de Ville de Nice afin de suivre l\u2019\u00e9volution de la situation m\u00e9t\u00e9orologique.<\/p>\n<p>Vigilance orange pour vents forts<\/p>\n<p class=\" wall-content\">Le d\u00e9partement des <a href=\"https:\/\/actu.fr\/provence-alpes-cote-d-azur\/alpes-maritimes_06\" target=\"_blank\" rel=\"noopener\">Alpes-Maritimes<\/a> est plac\u00e9 en <strong>vigilance orange pour un risque de vents fort<\/strong>, d\u00e8s 14h. Selon les derni\u00e8res pr\u00e9visions m\u00e9t\u00e9orologiques, le secteur de Grasse et de Th\u00e9oule-sur-Mer sera balay\u00e9 par les bourrasques les plus fortes avec des pics \u00e0 110\u00a0km\/h.<\/p>\n<p class=\" wall-content\">Une vigilance jaune est \u00e9galement en vigueur dans le d\u00e9partement pour un risque d\u2019orages.<\/p>\n<p class=\" wall-content\">Personnalisez votre actualit\u00e9 en ajoutant vos villes et m\u00e9dias en favori avec <a href=\"https:\/\/moncompte.actu.fr\" title=\"D\u00e9couvez Mon Actu\" rel=\"nofollow noopener\" data-trk=\"{&quot;cta&quot;:{&quot;action&quot;:&quot;https:\\\/\\\/moncompte.actu.fr&quot;,&quot;category&quot;:&quot;mon compte&quot;,&quot;from&quot;:&quot;article footer&quot;,&quot;name&quot;:&quot;Mon actu&quot;,&quot;type&quot;:&quot;cta&quot;}}\" target=\"_blank\">Mon Actu<\/a>.<\/p>\n","protected":false},"excerpt":{"rendered":"Par Ugo Maillard Publi\u00e9 le 23 oct. 2025 \u00e0 9h16 Aucun risque ne sera pris. La ville de&hellip;\n","protected":false},"author":2,"featured_media":483863,"comment_status":"","ping_status":"","sticky":false,"template":"","format":"standard","meta":{"footnotes":""},"categories":[2819],"tags":[1111,11,1777,674,1011,27,3059,2487,2357,12,2401,882,25],"class_list":{"0":"post-483862","1":"post","2":"type-post","3":"status-publish","4":"format-standard","5":"has-post-thumbnail","7":"category-nice","8":"tag-actu","9":"tag-actualites","10":"tag-eu","11":"tag-europe","12":"tag-fr","13":"tag-france","14":"tag-intemperies","15":"tag-meteo","16":"tag-meteo-france","17":"tag-news","18":"tag-nice","19":"tag-provence-alpes-cote-dazur","20":"tag-republique-francaise"},"share_on_mastodon":{"url":"https:\/\/pubeurope.com\/@fr\/115422419006172810","error":""},"_links":{"self":[{"href":"https:\/\/www.europesays.com\/fr\/wp-json\/wp\/v2\/posts\/483862","targetHints":{"allow":["GET"]}}],"collection":[{"href":"https:\/\/www.europesays.com\/fr\/wp-json\/wp\/v2\/posts"}],"about":[{"href":"https:\/\/www.europesays.com\/fr\/wp-json\/wp\/v2\/types\/post"}],"author":[{"embeddable":true,"href":"https:\/\/www.europesays.com\/fr\/wp-json\/wp\/v2\/users\/2"}],"replies":[{"embeddable":true,"href":"https:\/\/www.europesays.com\/fr\/wp-json\/wp\/v2\/comments?post=483862"}],"version-history":[{"count":0,"href":"https:\/\/www.europesays.com\/fr\/wp-json\/wp\/v2\/posts\/483862\/revisions"}],"wp:featuredmedia":[{"embeddable":true,"href":"https:\/\/www.europesays.com\/fr\/wp-json\/wp\/v2\/media\/483863"}],"wp:attachment":[{"href":"https:\/\/www.europesays.com\/fr\/wp-json\/wp\/v2\/media?parent=483862"}],"wp:term":[{"taxonomy":"category","embeddable":true,"href":"https:\/\/www.europesays.com\/fr\/wp-json\/wp\/v2\/categories?post=483862"},{"taxonomy":"post_tag","embeddable":true,"href":"https:\/\/www.europesays.com\/fr\/wp-json\/wp\/v2\/tags?post=483862"}],"curies":[{"name":"wp","href":"https:\/\/api.w.org\/{rel}","templated":true}]}}