{"id":483865,"date":"2025-10-23T07:59:18","date_gmt":"2025-10-23T07:59:18","guid":{"rendered":"https:\/\/www.europesays.com\/fr\/483865\/"},"modified":"2025-10-23T07:59:18","modified_gmt":"2025-10-23T07:59:18","slug":"coup-darret-pour-nantes-en-ligue-des-champions","status":"publish","type":"post","link":"https:\/\/www.europesays.com\/fr\/483865\/","title":{"rendered":"coup d\u2019arr\u00eat pour Nantes en Ligue des Champions"},"content":{"rendered":"<p>\n    Le club fran\u00e7ais n\u2019a pas r\u00e9ussi \u00e0 d\u00e9crocher un 4e succ\u00e8s cons\u00e9cutif sur la sc\u00e8ne europ\u00e9enne en s\u2019inclinant \u00e0 domicile contre Aalborg (27-28).<\/p>\n<p class=\"fig-paragraph\">La s\u00e9rie de trois victoires de suite en Ligue des champions du Handball Club de Nantes a pris fin mercredi \u00e0 domicile contre les Danois d\u2019Aalborg (27-28), malgr\u00e9 la balle du match nul dans les derni\u00e8res secondes. Apr\u00e8s un \u00e9ni\u00e8me arr\u00eat d\u2019Ignacio Biosca, le \u00abH\u00bb a eu l\u2019occasion d\u2019arracher un point, en vain malgr\u00e9 deux tentatives dans les 30 derni\u00e8res secondes\u00a0: sur la seconde, Aymeric Minne n\u2019a pas r\u00e9ussi \u00e0 trouver Thibaud Briet.<\/p>\n<p class=\"fig-paragraph\">Alors qu\u2019il pouvait rejoindre les Danois \u00e0 la deuxi\u00e8me place du groupe A en cas de succ\u00e8s, ou maintenir l\u2019\u00e9cart \u00e0 deux points avec le nul, il est rel\u00e9gu\u00e9 \u00e0 quatre longueurs au bout de six journ\u00e9es. Les deux premi\u00e8res places, directement qualificatives pour les quarts, s\u2019\u00e9loignent, et les Nantais (4e, 6 pts) pourraient \u00eatre d\u00e9pass\u00e9s par Veszprem (6 pts). Ils pourront regretter cette fin de match non ma\u00eetris\u00e9e avec, avant cette ultime possession, deux balles de +1 (25-25) manqu\u00e9es en sup\u00e9riorit\u00e9 num\u00e9rique, par les ailiers Noam Leopold (3\/8) et Kauldi Odriozola (6\/9).<\/p>\n<p>                                    <a class=\"fig-a11y-skip a11y-hidden\" href=\"#fig-a11y-skip-main-inarticle\"><br \/>\n        Passer la publicit\u00e9<br \/>\n    <\/a><\/p>\n<p>Un arbitrage contestable et contest\u00e9<\/p>\n<p class=\"fig-paragraph\">Derri\u00e8re, Aalborg n\u2019a pas manqu\u00e9 l\u2019occasion pour reprendre l\u2019avantage \u00e0 un peu plus de 3\u201930\u2019\u2019 de la fin, par un tir puissant de Thomas Arnoldsen (6 buts sur 10 tentatives), imit\u00e9 par Mads Hoxer avec un but dans la lucarne (27-25, 58e). Briet (5\/8) aura beau ramener l\u2019\u00e9cart \u00e0 un but \u00e0 deux reprises, il ne sera pas parvenu \u00e0 capter l\u2019ultime passe de Minne. Les Nantais pourront aussi pester contre ces deux minutes tendues et importantes (38-40e), marqu\u00e9es par deux d\u00e9cisions arbitrales qu\u2019ils ont contest\u00e9es.<\/p>\n<p class=\"fig-paragraph\">D\u2019abord un carton rouge contre le d\u00e9fenseur Matej Gaber alors que Simon Jansen n\u2019a r\u00e9colt\u00e9 qu\u2019une exclusion temporaire dans la foul\u00e9e pour un geste similaire (main dans le visage). Puis deux minutes de suspension contre Odriozola pour un tir dans la t\u00eate de Niklas Landin mais apr\u00e8s avoir \u00e9t\u00e9 d\u00e9s\u00e9quilibr\u00e9 dans sa course par Arnoldsen, non sanctionn\u00e9. Alors qu\u2019ils avaient eu, avant cette s\u00e9quence, une balle de +3 (19-17), ils en sont ressortis men\u00e9s de deux longueurs (19-21, 42e).<\/p>\n","protected":false},"excerpt":{"rendered":"Le club fran\u00e7ais n\u2019a pas r\u00e9ussi \u00e0 d\u00e9crocher un 4e succ\u00e8s cons\u00e9cutif sur la sc\u00e8ne europ\u00e9enne en s\u2019inclinant&hellip;\n","protected":false},"author":2,"featured_media":483866,"comment_status":"","ping_status":"","sticky":false,"template":"","format":"standard","meta":{"footnotes":""},"categories":[2818],"tags":[1111,11,2207,69,525,2211,2212,2210,1981,2206,64,1777,674,1011,27,1792,2209,447,2208,766,12,2636,25,1980],"class_list":{"0":"post-483865","1":"post","2":"type-post","3":"status-publish","4":"format-standard","5":"has-post-thumbnail","7":"category-nantes","8":"tag-actu","9":"tag-actualites","10":"tag-bleus","11":"tag-bundesliga","12":"tag-calendrier","13":"tag-championnat-deurope","14":"tag-championnat-du-monde","15":"tag-ciudad-real","16":"tag-classement","17":"tag-division-1","18":"tag-equipe-de-france","19":"tag-eu","20":"tag-europe","21":"tag-fr","22":"tag-france","23":"tag-handball","24":"tag-kiel","25":"tag-ligue-des-champions","26":"tag-montpellier","27":"tag-nantes","28":"tag-news","29":"tag-pays-de-la-loire","30":"tag-republique-francaise","31":"tag-resultats"},"share_on_mastodon":{"url":"https:\/\/pubeurope.com\/@fr\/115422426962667362","error":""},"_links":{"self":[{"href":"https:\/\/www.europesays.com\/fr\/wp-json\/wp\/v2\/posts\/483865","targetHints":{"allow":["GET"]}}],"collection":[{"href":"https:\/\/www.europesays.com\/fr\/wp-json\/wp\/v2\/posts"}],"about":[{"href":"https:\/\/www.europesays.com\/fr\/wp-json\/wp\/v2\/types\/post"}],"author":[{"embeddable":true,"href":"https:\/\/www.europesays.com\/fr\/wp-json\/wp\/v2\/users\/2"}],"replies":[{"embeddable":true,"href":"https:\/\/www.europesays.com\/fr\/wp-json\/wp\/v2\/comments?post=483865"}],"version-history":[{"count":0,"href":"https:\/\/www.europesays.com\/fr\/wp-json\/wp\/v2\/posts\/483865\/revisions"}],"wp:featuredmedia":[{"embeddable":true,"href":"https:\/\/www.europesays.com\/fr\/wp-json\/wp\/v2\/media\/483866"}],"wp:attachment":[{"href":"https:\/\/www.europesays.com\/fr\/wp-json\/wp\/v2\/media?parent=483865"}],"wp:term":[{"taxonomy":"category","embeddable":true,"href":"https:\/\/www.europesays.com\/fr\/wp-json\/wp\/v2\/categories?post=483865"},{"taxonomy":"post_tag","embeddable":true,"href":"https:\/\/www.europesays.com\/fr\/wp-json\/wp\/v2\/tags?post=483865"}],"curies":[{"name":"wp","href":"https:\/\/api.w.org\/{rel}","templated":true}]}}