{"id":483867,"date":"2025-10-23T08:00:13","date_gmt":"2025-10-23T08:00:13","guid":{"rendered":"https:\/\/www.europesays.com\/fr\/483867\/"},"modified":"2025-10-23T08:00:13","modified_gmt":"2025-10-23T08:00:13","slug":"quatre-villes-de-la-metropole-bordelaise-unies-pour-lhebergement-des-victimes-de-violences-intrafamiliales","status":"publish","type":"post","link":"https:\/\/www.europesays.com\/fr\/483867\/","title":{"rendered":"Quatre villes de la m\u00e9tropole bordelaise unies pour l&rsquo;h\u00e9bergement des victimes de violences intrafamiliales"},"content":{"rendered":"<p class=\"wp-block-post-excerpt__excerpt\">Un partenariat a \u00e9t\u00e9 nou\u00e9e entre Le Haillan, Saint-M\u00e9dard-en-Jalles, Eysines et M\u00e9rignac pour mettre en commun une quarantaine de logements et renforcer l\u2019accueil et l\u2019h\u00e9bergement d\u2019urgence des victimes de violences intrafamiliales. Par ailleurs, un nouveau dispositif permet de masquer la nouvelle adresse sur les documents fiscaux. <\/p>\n<p class=\"font-sans\">\n\t\t\tCet article est en acc\u00e8s libre. Pour soutenir Rue89Bordeaux,<br \/>\n\t\t\t<a class=\"underline\" href=\"https:\/\/rue89bordeaux.com\/abonnement\/\" target=\"_blank\" rel=\"noopener\">abonnez-vous<\/a>.\n\t\t<\/p>\n<p>Margaux B\u00e9gards et Morgane Bourgeois<\/p>\n<p>Publi\u00e9 le 23 octobre 2025\u00a0\u00a0\u00b7\u00a0\u00a0<\/p>\n<p>Imprim\u00e9 le 23 octobre 2025 \u00e0 10h00\u00a0\u00a0\u00b7\u00a0\u00a0<\/p>\n<p>\t\t\t\t\t4\u00a0minutes\n<\/p>\n<p>C\u2019est une mise en commun qui tombait sous le sens. \u00ab\u00a0Au d\u00e9part on avait d\u00e9marr\u00e9 \u00e0 deux\u00a0\u00bb, relate la maire du Haillan Andr\u00e9a Kiss en se tournant vers Christine Bost, la maire d\u2019Eysines, \u00ab\u00a0et puis nous avons trouv\u00e9 au fur et \u00e0 mesure des partenaires\u00a0dans les villes autour pour pouvoir h\u00e9berger les personnes qui faisaient l\u2019objet de violences intrafamiliales\u00a0\u00bb. C\u2019est ainsi qu\u2019\u00e0 ces deux communes, s\u2019associent aujourd\u2019hui Saint-M\u00e9dard-en-Jalles et M\u00e9rignac.<\/p>\n<p>La signature de ce partenariat a \u00e9t\u00e9 officialis\u00e9e ce mercredi 22 octobre \u00e0 la Mairie du Haillan, en pr\u00e9sence des quatre \u00e9lus \u00e0 la t\u00eate des communes prenant part \u00e0 cette convention et des pr\u00e9sidents des CCAS concern\u00e9s. Fix\u00e9 pour une dur\u00e9e de 3 ans renouvelables, avec un bilan intercommunal pr\u00e9vu tous les ans, le document acte la mise en commun de logements d\u2019urgence pour les victimes de violences intrafamiliales.<\/p>\n<p>Une dynamique que Thierry Trijoulet, le maire de M\u00e9rignac, se dit \u00ab\u00a0tr\u00e8s heureux de rejoindre\u00a0\u00bb, ne manquant pas de rappeler <a href=\"https:\/\/rue89bordeaux.com\/2021\/05\/un-feminicide-barbare-a-merignac-declenche-emotion-et-indignation-generales\/\" target=\"_blank\" rel=\"noreferrer noopener\">le drame du f\u00e9minicide de Chahinez Daoud<\/a>, br\u00fbl\u00e9e vive par son ex-\u00e9poux en 2021 \u00e0 M\u00e9rignac, et la n\u00e9cessit\u00e9 \u00ab\u00a0d\u2019\u00eatre le plus performant possible pour la protection des victimes\u00a0\u00bb. <\/p>\n<blockquote class=\"wp-block-quote is-layout-flow wp-block-quote-is-layout-flow\">\n<p>\u00ab\u00a0On n\u2019a pas toujours le niveau d\u2019accueil qui correspond malheureusement \u00e0 la demande\u00a0\u00bb reconna\u00eet de son c\u00f4t\u00e9 St\u00e9phane Delpeyrat-Vincent, l\u2019\u00e9dile de Saint-M\u00e9dard-en-Jalles. [\u2026] On va essayer dans un avenir qu\u2019on esp\u00e8re le plus proche possible d\u2019\u00e9toffer notre offre de logements.\u00a0\u00bb<\/p>\n<\/blockquote>\n<p>\t\tConjuguer \u00e9loignement et proximit\u00e9<\/p>\n<p>En tout, 41 places sont mutualis\u00e9es : 20 places r\u00e9parties sur plusieurs logements \u00e0 M\u00e9rignac, 4 places dans des studios ou des chalets \u00e0 Saint-M\u00e9dard-en-Jalles, 7 places (un T5 et une colocation pour 3 foyers d\u2019une ou deux personnes) au Haillan, et 10 places r\u00e9parties sur 3 logements en habitats partag\u00e9s \u00e0 Eysines. <\/p>\n<p>Un nombre \u00ab\u00a0au dessus du besoin\u00a0\u00bb, souligne Christine Bost, ce qui permet alors d\u2019accueillir des victimes venant de communes un peu plus lointaines, et qui trouvent ici un lieu pour se reconstruire. C\u2019est le cas de Nathalie* (pr\u00e9nom modifi\u00e9). Originaire d\u2019une commune \u00e0 l\u2019est de Bordeaux, elle a b\u00e9n\u00e9fici\u00e9 d\u2019un h\u00e9bergement d\u2019urgence au Haillan.<\/p>\n<blockquote class=\"wp-block-quote is-layout-flow wp-block-quote-is-layout-flow\">\n<p>\u00ab\u00a0Le CIDFF [Centre Information sur les Droits des Femmes et des Familles, NDLR] a contact\u00e9 le CCAS parce qu\u2019ils savaient qu\u2019il leur restait des places. J\u2019y suis arriv\u00e9e en avril et j\u2019y suis rest\u00e9e huit mois\u00a0\u00bb, confie-t-elle. <\/p>\n<\/blockquote>\n<p>Le CCAS du Haillan l\u2019a par la suite accompagn\u00e9e dans sa demande de logement social, qu\u2019elle a obtenu.<\/p>\n<p><img loading=\"lazy\" decoding=\"async\" width=\"792\" height=\"528\" src=\"https:\/\/www.europesays.com\/fr\/wp-content\/uploads\/2025\/10\/convention-violences-intrafa-haillan-22-10-25-2-792x528.jpg\" alt=\"\" class=\"wp-image-172117\"  \/> Ce partenariat vise \u00e0 mutualiser 41 logements d\u2019urgence pour les victimes de violences intrafamiliales Photo\u00a0: MB\/Rue89 Bordeaux<\/p>\n<p>Chaque logement d\u2019urgence fait l\u2019objet d\u2019un bail pr\u00e9caire entre le CCAS et l\u2019occupant, \u00ab\u00a0garantissant un cadre l\u00e9gal clair et s\u00e9curis\u00e9 pour les b\u00e9n\u00e9ficiaires comme pour les collectivit\u00e9s\u00a0\u00bb. Et la proximit\u00e9 de ces communes n\u2019a rien d\u2019anodin, c\u2019est m\u00eame le fil rouge de cette convention multipartite :<\/p>\n<blockquote class=\"wp-block-quote is-layout-flow wp-block-quote-is-layout-flow\">\n<p>\u00ab\u00a0La plupart du temps les victimes sont des femmes, et tr\u00e8s souvent elles ont des enfants. L\u2019enjeu\u00a0pour nous c\u2019\u00e9tait \u00e0 la fois de pouvoir les sortir de leur commune d\u2019origine pour qu\u2019elles\u00a0ne soient pas \u00e0 proximit\u00e9 de leur bourreau, ou en tout cas de la personne qui les maltraite, mais de ne pas trop s\u2019\u00e9loigner non plus pour les enfants qui sont scolaris\u00e9s\u00a0car c\u2019est important aussi de garder une certaine forme de stabilit\u00e9 pour ces\u00a0familles\u00a0\u00bb, justifie Andr\u00e9a Kiss.<\/p>\n<\/blockquote>\n<p>\t\tUn suivi social coordonn\u00e9<\/p>\n<p>D\u00e9j\u00e0 en contact avec les structures voisines dans le cadre de partenariats bilat\u00e9raux pr\u00e9existants, Lysiane Bernier, la directrice du CCAS du Haillan, se f\u00e9licite du sens de cette mise en r\u00e9seau sur un \u00ab\u00a0territoire restreint\u00a0\u00bb<\/p>\n<p>Elle salue \u00e9galement  une \u00ab\u00a0plus value\u00a0\u00bb \u00e9vidente pour le suivi des victimes, qui repose alors sur le bin\u00f4me CCAS d\u2019origine \/ CCAS d\u2019accueil.<\/p>\n<blockquote class=\"wp-block-quote is-layout-flow wp-block-quote-is-layout-flow\">\n<p>\u00ab\u00a0Chacune des villes qui accueillent traite la question du logement, se charge du parcours locatif et de la sortie du dispositif. L\u2019accompagnement social, lui, reste au niveau de la structure accompagnante au d\u00e9part\u00a0\u00bb, d\u00e9taille la directrice.<\/p>\n<\/blockquote>\n<p>Les victimes sont orient\u00e9es vers une commune en fonction de la capacit\u00e9 d\u2019accueil de cette derni\u00e8re. M\u00e9rignac poss\u00e8de l\u00e0 un tr\u00e8s grand avantage, que ce soit en nombre de places, mais \u00e9galement en terme d\u2019implication sur le sujet des violences conjugales notamment gr\u00e2ce \u00e0 sa <a href=\"https:\/\/www.merignac.com\/maison-des-femmes\" target=\"_blank\" rel=\"noreferrer noopener\">Maison des femmes<\/a>. Inaugur\u00e9 en 2023, un an et demi apr\u00e8s le f\u00e9minicide de Chahinez Daoud, le lieu am\u00e9nag\u00e9 pour l\u2019\u00e9coute et l\u2019orientation dispose d\u2019une psychologue d\u2019un point justice.<\/p>\n<p><img loading=\"lazy\" decoding=\"async\" width=\"792\" height=\"446\" src=\"https:\/\/www.europesays.com\/fr\/wp-content\/uploads\/2025\/10\/violencesconjugales-2-792x446.png\" alt=\"\" class=\"wp-image-172030\"  \/><\/p>\n<p>Masquer sa nouvelle adresse<\/p>\n<p>Lundi 20 octobre 2025, \u00e0 Bordeaux, la pr\u00e9sidente du tribunal judiciaire Emmanuelle Perreux, le procureur de la R\u00e9publique Renaud Gaudeul et le directeur r\u00e9gional des finances publiques Samuel Barreault ont sign\u00e9 une convention destin\u00e9e \u00e0 renforcer la protection des victimes de violences intrafamiliales. Ce dispositif permettra \u00e0 toute personne concern\u00e9e de rendre confidentielle sa nouvelle adresse.<\/p>\n<p>Jusqu\u2019ici, les couples s\u00e9par\u00e9s \u2013 mari\u00e9s ou pacs\u00e9s \u2013 partageant un m\u00eame foyer fiscal pouvaient acc\u00e9der facilement \u00e0 l\u2019adresse de leur ex-conjoint\u00b7e. D\u00e9sormais, en cas de s\u00e9paration apr\u00e8s des violences, une personne peut, sur simple demande et sans justificatif, faire masquer son adresse dans les registres fiscaux.<\/p>\n<p>Exp\u00e9riment\u00e9 en 2024 dans plusieurs autres d\u00e9partements fran\u00e7ais, le dispositif a enregistr\u00e9 en Gironde une cinquantaine de demandes de confidentialit\u00e9. Il est d\u00e9sormais g\u00e9n\u00e9ralis\u00e9. La d\u00e9marche peut \u00eatre effectu\u00e9e directement sur <a href=\"https:\/\/www.impots.gouv.fr\" target=\"_blank\" rel=\"noopener\">impots.gouv.fr<\/a> ou par t\u00e9l\u00e9phone au 0 809 401 401. La Direction g\u00e9n\u00e9rale des Finances publiques (DGFiP) enregistre la demande dans un d\u00e9lai de 48 heures.<\/p>\n<blockquote class=\"wp-block-quote is-layout-flow wp-block-quote-is-layout-flow\">\n<p>\u00ab\u00a0Cela fait des ann\u00e9es que je travaille sur cette question, confie Renaud Gaudeul. A chaque nouvelle affaire, on d\u00e9couvre un trou dans la raquette. C\u2019est petit \u00e0 petit qu\u2019on arrive \u00e0 progresser dans la lutte contre ce type de violences.\u00a0\u00bb<\/p>\n<\/blockquote>\n<p>Num\u00e9ros utiles <\/p>\n<p><strong>Maison des femmes (M\u00e9rignac) : 05 56 55 66 25<\/strong><\/p>\n<p><strong>APAFED (Cenon) : 05 56 40 93 66<\/strong><\/p>\n<p><strong>Maison d\u2019Ella (Bordeaux) : 05 57 09 25 77 \/ 06 31 05 85 78<\/strong><\/p>\n<p><strong>Dispositif AVA : 06 84 63 80 34<\/strong><\/p>\n<p><strong>Planning Familial : 05 56 44 00 04<\/strong><\/p>\n<p><strong>Num\u00e9ro d\u2019\u00e9coute national destin\u00e9 aux femmes victimes de violences (appel gratuit) : 3919<\/strong><\/p>\n<p><strong>Num\u00e9ro d\u2019alerte par sms (police et gendarmerie) : 114<\/strong><\/p>\n","protected":false},"excerpt":{"rendered":"Un partenariat a \u00e9t\u00e9 nou\u00e9e entre Le Haillan, Saint-M\u00e9dard-en-Jalles, Eysines et M\u00e9rignac pour mettre en commun une quarantaine&hellip;\n","protected":false},"author":2,"featured_media":483868,"comment_status":"","ping_status":"","sticky":false,"template":"","format":"standard","meta":{"footnotes":""},"categories":[2817],"tags":[1111,11,1997,1777,674,60720,1011,27,60721,12304,12,2219,25,30420,798],"class_list":{"0":"post-483867","1":"post","2":"type-post","3":"status-publish","4":"format-standard","5":"has-post-thumbnail","7":"category-bordeaux","8":"tag-actu","9":"tag-actualites","10":"tag-bordeaux","11":"tag-eu","12":"tag-europe","13":"tag-eysines","14":"tag-fr","15":"tag-france","16":"tag-le-haillan","17":"tag-merignac","18":"tag-news","19":"tag-nouvelle-aquitaine","20":"tag-republique-francaise","21":"tag-saint-medard-en-jalles","22":"tag-violences-conjugales"},"share_on_mastodon":{"url":"https:\/\/pubeurope.com\/@fr\/115422431308954360","error":""},"_links":{"self":[{"href":"https:\/\/www.europesays.com\/fr\/wp-json\/wp\/v2\/posts\/483867","targetHints":{"allow":["GET"]}}],"collection":[{"href":"https:\/\/www.europesays.com\/fr\/wp-json\/wp\/v2\/posts"}],"about":[{"href":"https:\/\/www.europesays.com\/fr\/wp-json\/wp\/v2\/types\/post"}],"author":[{"embeddable":true,"href":"https:\/\/www.europesays.com\/fr\/wp-json\/wp\/v2\/users\/2"}],"replies":[{"embeddable":true,"href":"https:\/\/www.europesays.com\/fr\/wp-json\/wp\/v2\/comments?post=483867"}],"version-history":[{"count":0,"href":"https:\/\/www.europesays.com\/fr\/wp-json\/wp\/v2\/posts\/483867\/revisions"}],"wp:featuredmedia":[{"embeddable":true,"href":"https:\/\/www.europesays.com\/fr\/wp-json\/wp\/v2\/media\/483868"}],"wp:attachment":[{"href":"https:\/\/www.europesays.com\/fr\/wp-json\/wp\/v2\/media?parent=483867"}],"wp:term":[{"taxonomy":"category","embeddable":true,"href":"https:\/\/www.europesays.com\/fr\/wp-json\/wp\/v2\/categories?post=483867"},{"taxonomy":"post_tag","embeddable":true,"href":"https:\/\/www.europesays.com\/fr\/wp-json\/wp\/v2\/tags?post=483867"}],"curies":[{"name":"wp","href":"https:\/\/api.w.org\/{rel}","templated":true}]}}