{"id":483875,"date":"2025-10-23T08:04:17","date_gmt":"2025-10-23T08:04:17","guid":{"rendered":"https:\/\/www.europesays.com\/fr\/483875\/"},"modified":"2025-10-23T08:04:17","modified_gmt":"2025-10-23T08:04:17","slug":"mairie-de-quartiers-centre-fermeture-exceptionnelle-du-guichet-numerique-fin-octobre","status":"publish","type":"post","link":"https:\/\/www.europesays.com\/fr\/483875\/","title":{"rendered":"Mairie de Quartiers Centre : fermeture exceptionnelle du guichet num\u00e9rique fin octobre"},"content":{"rendered":"<p class=\"introduction\">Le guichet des m\u00e9diateurs num\u00e9riques de la Mairie de Quartiers Centre sera exceptionnellement ferm\u00e9 les jeudi 30 et vendredi 31 octobre 2025. Le service rouvrira d\u00e8s le mardi 4 novembre, aux horaires habituels.<\/p>\n<p>\ud83d\udc65 Un service d\u00e9di\u00e9 \u00e0 l\u2019accompagnement num\u00e9rique des Roubaisiens<\/p>\n<p data-start=\"1752\" data-end=\"2120\">Les m\u00e9diateurs num\u00e9riques accompagnent les habitants dans leurs d\u00e9marches en ligne : cr\u00e9ation de compte, demande de documents administratifs, utilisation des services num\u00e9riques de la Ville ou d\u2019autres plateformes publiques.<br data-start=\"1976\" data-end=\"1979\"\/>Ils aident \u00e9galement \u00e0 la prise en main des outils informatiques et smartphones, et proposent des ateliers pratiques tout au long de l\u2019ann\u00e9e.<\/p>\n<p>\ud83d\udccd Bon \u00e0 savoir<\/p>\n<ul data-start=\"2144\" data-end=\"2509\">\n<li data-start=\"2144\" data-end=\"2235\">\n<p data-start=\"2146\" data-end=\"2235\">L\u2019accueil g\u00e9n\u00e9ral de la Mairie de Quartiers Centre reste ouvert pendant ces deux jours.<\/p>\n<\/li>\n<li data-start=\"2236\" data-end=\"2361\">\n<p data-start=\"2238\" data-end=\"2361\">En cas de besoin, les usagers peuvent consulter les ressources en ligne sur le site <a class=\"decorated-link cursor-pointer\" href=\"https:\/\/www.ville-roubaix.fr\/\" target=\"_new\" rel=\"noopener\" data-start=\"2322\" data-end=\"2358\">roubaix.fr<\/a>.<\/p>\n<\/li>\n<li data-start=\"2362\" data-end=\"2509\">\n<p data-start=\"2364\" data-end=\"2509\">Pour toute question, il est possible de contacter le service \u00e0 sa r\u00e9ouverture ou d\u2019adresser un message via le <a href=\"https:\/\/www.ville-roubaix.fr\/contact\" target=\"_blank\" rel=\"noopener\"><strong data-start=\"2474\" data-end=\"2508\">formulaire de contact en ligne<\/strong><\/a>.<\/p>\n<\/li>\n<\/ul>\n","protected":false},"excerpt":{"rendered":"Le guichet des m\u00e9diateurs num\u00e9riques de la Mairie de Quartiers Centre sera exceptionnellement ferm\u00e9 les jeudi 30 et&hellip;\n","protected":false},"author":2,"featured_media":483876,"comment_status":"","ping_status":"","sticky":false,"template":"","format":"standard","meta":{"footnotes":""},"categories":[2815],"tags":[1111,11,1777,674,1011,27,811,23089,1307,60723,12,25],"class_list":{"0":"post-483875","1":"post","2":"type-post","3":"status-publish","4":"format-standard","5":"has-post-thumbnail","7":"category-lille","8":"tag-actu","9":"tag-actualites","10":"tag-eu","11":"tag-europe","12":"tag-fr","13":"tag-france","14":"tag-hauts-de-france","15":"tag-hotel-de-ville","16":"tag-lille","17":"tag-mediateurs-numeriques","18":"tag-news","19":"tag-republique-francaise"},"share_on_mastodon":{"url":"https:\/\/pubeurope.com\/@fr\/115422446519752645","error":""},"_links":{"self":[{"href":"https:\/\/www.europesays.com\/fr\/wp-json\/wp\/v2\/posts\/483875","targetHints":{"allow":["GET"]}}],"collection":[{"href":"https:\/\/www.europesays.com\/fr\/wp-json\/wp\/v2\/posts"}],"about":[{"href":"https:\/\/www.europesays.com\/fr\/wp-json\/wp\/v2\/types\/post"}],"author":[{"embeddable":true,"href":"https:\/\/www.europesays.com\/fr\/wp-json\/wp\/v2\/users\/2"}],"replies":[{"embeddable":true,"href":"https:\/\/www.europesays.com\/fr\/wp-json\/wp\/v2\/comments?post=483875"}],"version-history":[{"count":0,"href":"https:\/\/www.europesays.com\/fr\/wp-json\/wp\/v2\/posts\/483875\/revisions"}],"wp:featuredmedia":[{"embeddable":true,"href":"https:\/\/www.europesays.com\/fr\/wp-json\/wp\/v2\/media\/483876"}],"wp:attachment":[{"href":"https:\/\/www.europesays.com\/fr\/wp-json\/wp\/v2\/media?parent=483875"}],"wp:term":[{"taxonomy":"category","embeddable":true,"href":"https:\/\/www.europesays.com\/fr\/wp-json\/wp\/v2\/categories?post=483875"},{"taxonomy":"post_tag","embeddable":true,"href":"https:\/\/www.europesays.com\/fr\/wp-json\/wp\/v2\/tags?post=483875"}],"curies":[{"name":"wp","href":"https:\/\/api.w.org\/{rel}","templated":true}]}}