{"id":483877,"date":"2025-10-23T08:05:16","date_gmt":"2025-10-23T08:05:16","guid":{"rendered":"https:\/\/www.europesays.com\/fr\/483877\/"},"modified":"2025-10-23T08:05:16","modified_gmt":"2025-10-23T08:05:16","slug":"la-scpi-immorente-mise-sur-lille-et-surprend-avec-des-investissements-records","status":"publish","type":"post","link":"https:\/\/www.europesays.com\/fr\/483877\/","title":{"rendered":"La SCPI Immorente mise sur Lille et surprend avec des investissements records !"},"content":{"rendered":"<p><strong>L\u2019immobilier tertiaire<\/strong> continue d\u2019attirer l\u2019attention des investisseurs, notamment \u00e0 travers des op\u00e9rations strat\u00e9giques dans les grandes m\u00e9tropoles fran\u00e7aises. Lille, p\u00f4le \u00e9conomique majeur du nord de la France, se distingue par son dynamisme et son <strong>attractivit\u00e9 croissante aupr\u00e8s des acteurs institutionnels<\/strong>.<\/p>\n<p>\n\t\t\t  3 327\n\t\t\t<\/p>\n<p>m\u00b2 de bureaux acquis<\/p>\n<p class=\"stat-desc\">Un immeuble spacieux au c\u0153ur de Lille, symbole de l\u2019int\u00e9r\u00eat croissant des investisseurs pour le march\u00e9 tertiaire r\u00e9gional.<\/p>\n<p>Une r\u00e9cente transaction illustre parfaitement cette tendance, mettant en lumi\u00e8re l\u2019int\u00e9r\u00eat renouvel\u00e9 pour les <strong>actifs de bureaux<\/strong> id\u00e9alement situ\u00e9s et offrant des perspectives solides en mati\u00e8re de valorisation et de performance environnementale. Focus sur une acquisition embl\u00e9matique qui confirme l\u2019essor du <strong>march\u00e9 lillois en 2025<\/strong>.<\/p>\n<p>Nouvelle acquisition strat\u00e9gique de la SCPI Immorente \u00e0 Lille<\/p>\n<p>La <strong>SCPI Immorente<\/strong>, g\u00e9r\u00e9e par <strong>Sofidy<\/strong>, vient de renforcer son portefeuille avec l\u2019acquisition d\u2019un immeuble de bureaux id\u00e9alement situ\u00e9 place des Buisses, au c\u0153ur de Lille, face \u00e0 la gare Lille-Flandres et \u00e0 proximit\u00e9 imm\u00e9diate de Lille-Europe.<\/p>\n<p>D\u2019une surface de 3 327 m\u00b2, ce b\u00e2timent construit en 1995 s\u2019\u00e9l\u00e8ve sur cinq \u00e9tages et dispose d\u2019un parking souterrain de 43 places. L\u2019actif accueille notamment un office notarial, un organisme de formation aux m\u00e9tiers du num\u00e9rique et le Centre de M\u00e9tiers pour les f\u00e9d\u00e9rations bancaires.<\/p>\n<p>Cette op\u00e9ration marque l\u2019entr\u00e9e de la <a href=\"https:\/\/www.enquete-debat.fr\/immobilier\/scpi-2025-ces-placements-immobiliers-offrent-des-rendements-record-et-seduisent-les-investisseurs\/\" target=\"_blank\" rel=\"noopener\">SCPI<\/a> sur le march\u00e9 lillois des bureaux, dans un secteur dynamique et parfaitement desservi par les transports en commun.<\/p>\n<p>Atouts strat\u00e9giques de la localisation<\/p>\n<p><strong>L\u2019emplacement de l\u2019immeuble<\/strong> constitue un v\u00e9ritable atout pour ses occupants, b\u00e9n\u00e9ficiant d\u2019une accessibilit\u00e9 exceptionnelle gr\u00e2ce \u00e0 la proximit\u00e9 imm\u00e9diate des gares Lille-Flandres et Lille-Europe, facilitant les d\u00e9placements nationaux et internationaux, notamment vers Paris, <strong>Bruxelles ou Londres via l\u2019Eurostar<\/strong>.<\/p>\n<p>L\u2019offre de transports en commun est renforc\u00e9e par la pr\u00e9sence de stations de m\u00e9tro, de bus et de tramway \u00e0 quelques pas, garantissant une mobilit\u00e9 optimale au c\u0153ur de la m\u00e9tropole lilloise.<\/p>\n<p>Un salari\u00e9 travaillant place des Buisses peut rejoindre :<\/p>\n<ul>\n<li><strong>Paris<\/strong> en 1h par TGV<\/li>\n<li><strong>Bruxelles<\/strong> en 35 minutes<\/li>\n<li><strong>Londres<\/strong> en 1h20 via l\u2019Eurostar<\/li>\n<\/ul>\n<p>L\u2019environnement urbain, dynamique et vivant, propose <strong>un large \u00e9ventail de commodit\u00e9s<\/strong> : restaurants, commerces, services et le centre commercial Euralille, accessible en deux minutes \u00e0 pied, contribuent \u00e0 la qualit\u00e9 de vie et \u00e0 l\u2019attractivit\u00e9 du site pour les entreprises.<\/p>\n<p>Contexte financier et strat\u00e9gie d\u2019investissement de la SCPI<\/p>\n<p>Cette acquisition intervient dans un contexte financier favorable pour la <strong>SCPI Immorente<\/strong>, qui a r\u00e9cemment s\u00e9curis\u00e9 une ligne de cr\u00e9dit de 125 millions d\u2019euros. Ce financement renforce sa capacit\u00e9 \u00e0 saisir rapidement des opportunit\u00e9s sur des march\u00e9s porteurs.<\/p>\n<p>L\u2019op\u00e9ration s\u2019inscrit pleinement dans la strat\u00e9gie de diversification g\u00e9ographique et sectorielle de Sofidy, visant \u00e0 <strong>consolider la r\u00e9silience et la performance de son portefeuille<\/strong>. L\u2019implantation \u00e0 Lille, premi\u00e8re incursion d\u2019Immorente sur le march\u00e9 des bureaux de la m\u00e9tropole, illustre la volont\u00e9 de capter le potentiel de croissance des grandes villes r\u00e9gionales.<\/p>\n<p>Les piliers de la strat\u00e9gie Sofidy<\/p>\n<tr>\nObjectif<br \/>\nDescription<br \/>\n<\/tr>\n<tr>\n<td><strong>Diversification g\u00e9ographique<\/strong><\/td>\n<td>R\u00e9duire la d\u00e9pendance vis-\u00e0-vis des march\u00e9s parisiens<\/td>\n<\/tr>\n<tr>\n<td><strong>Performance durable<\/strong><\/td>\n<td>Cibler les immeubles \u00e0 haute efficacit\u00e9 \u00e9nerg\u00e9tique<\/td>\n<\/tr>\n<tr>\n<td><strong>Solidit\u00e9 locative<\/strong><\/td>\n<td>S\u00e9curiser les rendements via des locataires stables et vari\u00e9s<\/td>\n<\/tr>\n<tr>\n<td><strong>Valorisation \u00e0 long terme<\/strong><\/td>\n<td>Miser sur des zones urbaines en expansion<\/td>\n<\/tr>\n<p>Cette d\u00e9marche permet \u00e9galement de r\u00e9pondre \u00e0 la demande croissante d\u2019actifs bien situ\u00e9s, attractifs pour des locataires de qualit\u00e9 et soucieux de<strong> leur accessibilit\u00e9<\/strong>.<\/p>\n<p data-start=\"122\" data-end=\"299\"><strong data-start=\"125\" data-end=\"207\">Besoin d\u2019un accompagnement personnalis\u00e9 pour vos investissements immobiliers ?<\/strong><br data-start=\"207\" data-end=\"210\"\/>Fortuny Conseil vous aide \u00e0 d\u00e9finir une strat\u00e9gie adapt\u00e9e \u00e0 vos objectifs patrimoniaux.<\/p>\n<p data-start=\"301\" data-end=\"445\"><strong data-start=\"304\" data-end=\"352\">Remplissez le formulaire d\u00e8s maintenant<\/strong> pour \u00eatre recontact\u00e9 par un conseiller et d\u00e9couvrir les meilleures opportunit\u00e9s du moment gratuitement !<\/p>\n<p>Performance environnementale et partenaires de l\u2019op\u00e9ration<\/p>\n<p>L\u2019immeuble lillois acquis par Sofidy affiche d\u00e9j\u00e0 une conformit\u00e9 avec les exigences du d\u00e9cret tertiaire pour 2030 en mati\u00e8re de <strong>r\u00e9duction \u00e9nerg\u00e9tique<\/strong>.<\/p>\n<p>Afin d\u2019aller plus loin, des travaux de modernisation sont programm\u00e9s : r\u00e9novation des installations techniques, optimisation des \u00e9quipements et am\u00e9lioration des parties communes, dans une <strong>d\u00e9marche de performance environnementale accrue<\/strong>.<\/p>\n<p>Cette approche vise \u00e0 renforcer l\u2019attractivit\u00e9 de l\u2019actif tout <strong>en limitant son empreinte carbone<\/strong>. Pour mener \u00e0 bien cette op\u00e9ration, Sofidy s\u2019est entour\u00e9e de partenaires reconnus, dont le conseil en immobilier Arrow et l\u2019\u00e9tude notariale Monceau, qui ont accompagn\u00e9 chaque \u00e9tape de l\u2019acquisition, garantissant la rigueur et la transparence du processus.<\/p>\n","protected":false},"excerpt":{"rendered":"L\u2019immobilier tertiaire continue d\u2019attirer l\u2019attention des investisseurs, notamment \u00e0 travers des op\u00e9rations strat\u00e9giques dans les grandes m\u00e9tropoles fran\u00e7aises.&hellip;\n","protected":false},"author":2,"featured_media":483878,"comment_status":"","ping_status":"","sticky":false,"template":"","format":"standard","meta":{"footnotes":""},"categories":[2815],"tags":[1111,11,1777,674,1011,27,811,1116,1307,12,25,31281],"class_list":{"0":"post-483877","1":"post","2":"type-post","3":"status-publish","4":"format-standard","5":"has-post-thumbnail","7":"category-lille","8":"tag-actu","9":"tag-actualites","10":"tag-eu","11":"tag-europe","12":"tag-fr","13":"tag-france","14":"tag-hauts-de-france","15":"tag-immobilier","16":"tag-lille","17":"tag-news","18":"tag-republique-francaise","19":"tag-scpi"},"share_on_mastodon":{"url":"https:\/\/pubeurope.com\/@fr\/115422450506677733","error":""},"_links":{"self":[{"href":"https:\/\/www.europesays.com\/fr\/wp-json\/wp\/v2\/posts\/483877","targetHints":{"allow":["GET"]}}],"collection":[{"href":"https:\/\/www.europesays.com\/fr\/wp-json\/wp\/v2\/posts"}],"about":[{"href":"https:\/\/www.europesays.com\/fr\/wp-json\/wp\/v2\/types\/post"}],"author":[{"embeddable":true,"href":"https:\/\/www.europesays.com\/fr\/wp-json\/wp\/v2\/users\/2"}],"replies":[{"embeddable":true,"href":"https:\/\/www.europesays.com\/fr\/wp-json\/wp\/v2\/comments?post=483877"}],"version-history":[{"count":0,"href":"https:\/\/www.europesays.com\/fr\/wp-json\/wp\/v2\/posts\/483877\/revisions"}],"wp:featuredmedia":[{"embeddable":true,"href":"https:\/\/www.europesays.com\/fr\/wp-json\/wp\/v2\/media\/483878"}],"wp:attachment":[{"href":"https:\/\/www.europesays.com\/fr\/wp-json\/wp\/v2\/media?parent=483877"}],"wp:term":[{"taxonomy":"category","embeddable":true,"href":"https:\/\/www.europesays.com\/fr\/wp-json\/wp\/v2\/categories?post=483877"},{"taxonomy":"post_tag","embeddable":true,"href":"https:\/\/www.europesays.com\/fr\/wp-json\/wp\/v2\/tags?post=483877"}],"curies":[{"name":"wp","href":"https:\/\/api.w.org\/{rel}","templated":true}]}}