{"id":483881,"date":"2025-10-23T08:07:12","date_gmt":"2025-10-23T08:07:12","guid":{"rendered":"https:\/\/www.europesays.com\/fr\/483881\/"},"modified":"2025-10-23T08:07:12","modified_gmt":"2025-10-23T08:07:12","slug":"catholiques-le-maire-de-marseille-benoit-payan-a-interdit-hier-soir-en-derniere-minute-la-diffusion-du-film-sacre-coeur-provoquant-la-colere-des-realisateurs-et-de-lopposition","status":"publish","type":"post","link":"https:\/\/www.europesays.com\/fr\/483881\/","title":{"rendered":"Catholiques : Le Maire de Marseille, Beno\u00eet Payan, a interdit hier soir, en derni\u00e8re minute, la diffusion du film \u00ab\u00a0Sacr\u00e9 Coeur\u00a0\u00bb provoquant la col\u00e8re des r\u00e9alisateurs et de l&rsquo;opposition"},"content":{"rendered":"<p>Apr\u00e8s avoir \u00e9t\u00e9 interdit d&rsquo;affichage par dans les Gares et dans le m\u00e9tro Parisien, c&rsquo;est le Maire de Marseille qui s&rsquo;en prend \u00e0 un film sur la religion catholique. Beno\u00eet Payan, a interdit hier soir la diffusion du film \u00ab\u00a0Sacr\u00e9 Coeur\u00a0\u00bb, une heure seulement avant la projection pr\u00e9vue provoquant la col\u00e8re des r\u00e9alisateurs mais aussi de plusieurs \u00e9lus de l&rsquo;opposition.<\/p>\n<p>Cette interdiction est faite au nom de la la\u00efcit\u00e9 a affirme le Maire de la ville, un argument totalement surr\u00e9aliste qui ne tient pas !<\/p>\n<p>Steven James Gunnell, r\u00e9alisateur du film, a post\u00e9 d\u00e8s hier soir une vid\u00e9o pour faire part de sa col\u00e8re face \u00e0 cette d\u00e9cision et a demand\u00e9 aux Marseillais de r\u00e9agir et de ne pas se laisser faire, comme vous pouvez le voir sur la vid\u00e9o ci dessus.<\/p>\n<p>Le film Sacr\u00e9-C\u0153ur, r\u00e9alis\u00e9 par Sabrina et Steven Gunnell, propose une plong\u00e9e in\u00e9dite dans l\u2019histoire et le message du C\u0153ur de J\u00e9sus, l\u2019un des symboles les plus puissants du christianisme.<\/p>\n<p>Ce long-m\u00e9trage m\u00eale documentaire, reconstitution et t\u00e9moignages, pour raconter la naissance et la force intemporelle de cette d\u00e9votion apparue il y a 350 ans \u00e0 sainte Marguerite-Marie Alacoque, \u00e0 Paray-le-Monial.<\/p>\n<p>D\u2019une dur\u00e9e d\u2019une heure trente-deux, Sacr\u00e9-C\u0153ur s\u2019adresse aussi bien aux croyants qu\u2019\u00e0 ceux qui souhaitent comprendre comment une croyance ancienne peut encore influencer le monde moderne.<\/p>\n<p>Le film propose un regard \u00e0 la fois historique et intime, alternant entre r\u00e9cits personnels et \u00e9vocations des grandes \u00e9tapes de cette spiritualit\u00e9.<\/p>\n<p>Loin d\u2019un simple film religieux, Sacr\u00e9-C\u0153ur est avant tout une \u0153uvre humaine et universelle. \u00c0 travers de magnifiques images, des lieux embl\u00e9matiques et des t\u00e9moignages bouleversants, il invite \u00e0 une r\u00e9flexion sur l\u2019amour, la foi et la capacit\u00e9 du pardon \u00e0 transformer les existences.<\/p>\n<p>Port\u00e9 par une mise en sc\u00e8ne sobre et lumineuse, le film veut toucher le c\u0153ur du spectateur, croyant ou non, en montrant que ce message d\u2019amour divin continue de r\u00e9sonner avec force dans un monde en qu\u00eate de sens.<\/p>\n<p>Distribu\u00e9 par SAJE Distribution, Sacr\u00e9-C\u0153ur est sorti en salles le 1er octobre 2025. Il s\u2019impose comme un voyage spirituel et visuel qui relie pass\u00e9 et pr\u00e9sent, tradition et modernit\u00e9, et qui, surtout, rappelle qu\u2019au-del\u00e0 des si\u00e8cles, le c\u0153ur reste le lieu o\u00f9 tout commence.<\/p>\n<p>.<\/p>\n<p style=\"text-align: center;\"><img loading=\"lazy\" decoding=\"async\" src=\"https:\/\/www.europesays.com\/fr\/wp-content\/uploads\/2025\/10\/g35kby_waaazik_.jpg\" width=\"585\" height=\"760\"\/><\/p>\n<p>\u00a0<\/p>\n<blockquote class=\"twitter-tweet\">\n<p lang=\"fr\" dir=\"ltr\"><a href=\"https:\/\/twitter.com\/hashtag\/Marseille?src=hash&amp;ref_src=twsrc%5Etfw\" target=\"_blank\" rel=\"noopener\">#Marseille<\/a> a accueilli le Pape mais le Maire fait d\u00e9programmer le film <a href=\"https:\/\/twitter.com\/hashtag\/Sacr%C3%A9C%C5%93ur?src=hash&amp;ref_src=twsrc%5Etfw\" target=\"_blank\" rel=\"noopener\">#Sacr\u00e9C\u0153ur<\/a> au ch\u00e2teau de la Buzine au nom de la la\u00efcit\u00e9. Bient\u00f4t la suppression du march\u00e9 de No\u00ebl, des cr\u00e8ches, des croix, des expos proven\u00e7ales ou des livres parlant de J\u00e9sus dans les biblioth\u00e8ques ? <a href=\"https:\/\/t.co\/lY7JT6VG6v\">pic.twitter.com\/lY7JT6VG6v<\/a><\/p>\n<p>\u2014 Val\u00e9rie Boyer\ufe0f (@valerieboyer13) <a href=\"https:\/\/twitter.com\/valerieboyer13\/status\/1981089119616057478?ref_src=twsrc%5Etfw\" target=\"_blank\" rel=\"noopener\">October 22, 2025<\/a><\/p><\/blockquote>\n<blockquote class=\"twitter-tweet\">\n<p lang=\"fr\" dir=\"ltr\">Apr\u00e8s avoir pi\u00e9tin\u00e9 nos traditions proven\u00e7ales en chassant <a href=\"https:\/\/twitter.com\/hashtag\/Pagnol?src=hash&amp;ref_src=twsrc%5Etfw\" target=\"_blank\" rel=\"noopener\">#Pagnol<\/a> de la Buzine, <a href=\"https:\/\/twitter.com\/BenoitPayan?ref_src=twsrc%5Etfw\" target=\"_blank\" rel=\"noopener\">@BenoitPayan<\/a> y ordonne l\u2019annulation de la projection du film Sacr\u00e9-Coeur ! Jusqu\u2019o\u00f9 ira le maire non-\u00e9lu dans l\u2019effacement de nos racines, dans la n\u00e9gation de notre Histoire ? \u00c7a suffit ! <a href=\"https:\/\/t.co\/hDDt8uarhq\">pic.twitter.com\/hDDt8uarhq<\/a><\/p>\n<p>\u2014 Une Volont\u00e9 Pour Marseille (@UVPMarseille) <a href=\"https:\/\/twitter.com\/UVPMarseille\/status\/1981114061053186476?ref_src=twsrc%5Etfw\" target=\"_blank\" rel=\"noopener\">October 22, 2025<\/a><\/p><\/blockquote>\n<p>          <script async src=\"https:\/\/platform.twitter.com\/widgets.js\" charset=\"utf-8\"><\/script><\/p>\n","protected":false},"excerpt":{"rendered":"Apr\u00e8s avoir \u00e9t\u00e9 interdit d&rsquo;affichage par dans les Gares et dans le m\u00e9tro Parisien, c&rsquo;est le Maire de&hellip;\n","protected":false},"author":2,"featured_media":483882,"comment_status":"","ping_status":"","sticky":false,"template":"","format":"standard","meta":{"footnotes":""},"categories":[2814],"tags":[1111,11,45851,1777,674,2081,1011,27,884,12,882,25,60724],"class_list":{"0":"post-483881","1":"post","2":"type-post","3":"status-publish","4":"format-standard","5":"has-post-thumbnail","7":"category-marseille","8":"tag-actu","9":"tag-actualites","10":"tag-catholiques","11":"tag-eu","12":"tag-europe","13":"tag-film","14":"tag-fr","15":"tag-france","16":"tag-marseille","17":"tag-news","18":"tag-provence-alpes-cote-dazur","19":"tag-republique-francaise","20":"tag-steven"},"share_on_mastodon":{"url":"https:\/\/pubeurope.com\/@fr\/115422458425875876","error":""},"_links":{"self":[{"href":"https:\/\/www.europesays.com\/fr\/wp-json\/wp\/v2\/posts\/483881","targetHints":{"allow":["GET"]}}],"collection":[{"href":"https:\/\/www.europesays.com\/fr\/wp-json\/wp\/v2\/posts"}],"about":[{"href":"https:\/\/www.europesays.com\/fr\/wp-json\/wp\/v2\/types\/post"}],"author":[{"embeddable":true,"href":"https:\/\/www.europesays.com\/fr\/wp-json\/wp\/v2\/users\/2"}],"replies":[{"embeddable":true,"href":"https:\/\/www.europesays.com\/fr\/wp-json\/wp\/v2\/comments?post=483881"}],"version-history":[{"count":0,"href":"https:\/\/www.europesays.com\/fr\/wp-json\/wp\/v2\/posts\/483881\/revisions"}],"wp:featuredmedia":[{"embeddable":true,"href":"https:\/\/www.europesays.com\/fr\/wp-json\/wp\/v2\/media\/483882"}],"wp:attachment":[{"href":"https:\/\/www.europesays.com\/fr\/wp-json\/wp\/v2\/media?parent=483881"}],"wp:term":[{"taxonomy":"category","embeddable":true,"href":"https:\/\/www.europesays.com\/fr\/wp-json\/wp\/v2\/categories?post=483881"},{"taxonomy":"post_tag","embeddable":true,"href":"https:\/\/www.europesays.com\/fr\/wp-json\/wp\/v2\/tags?post=483881"}],"curies":[{"name":"wp","href":"https:\/\/api.w.org\/{rel}","templated":true}]}}