{"id":483883,"date":"2025-10-23T08:08:11","date_gmt":"2025-10-23T08:08:11","guid":{"rendered":"https:\/\/www.europesays.com\/fr\/483883\/"},"modified":"2025-10-23T08:08:11","modified_gmt":"2025-10-23T08:08:11","slug":"un-spectacle-de-lumiere-immersif-flow-sinstalle-au-palais-de-la-bourse-de-lyon","status":"publish","type":"post","link":"https:\/\/www.europesays.com\/fr\/483883\/","title":{"rendered":"Un spectacle de lumi\u00e8re immersif : \u00ab\u00a0Flow\u00a0\u00bb s&rsquo;installe au Palais de la Bourse de Lyon"},"content":{"rendered":"<p>                            <img loading=\"lazy\" width=\"1200\" height=\"800\" class=\"attachment-article size-article wp-post-image lazyload\" alt=\"\" decoding=\"async\" src=\"https:\/\/www.europesays.com\/fr\/wp-content\/uploads\/2025\/10\/612125-St-Georges-Hall-Flow-3-Large-21bddd-original-1757422981.jpeg\" data-eio-rwidth=\"1200\" data-eio-rheight=\"800\"\/><\/p>\n<p>Le spectacle s\u2019est install\u00e9 au St Georges Hall de Liverpool @flow<\/p>\n<p class=\"content\" style=\"font-size:1.2em;font-weight:700\">Apr\u00e8s avoir illumin\u00e9 l\u2019Europe, le spectacle \u00ab\u00a0Flow\u00a0\u00bb s\u2019installe au Palais de la Bourse d\u00e8s le 5 d\u00e9cembre. Imagin\u00e9 par le collectif zurichois Projektil, ce show associe projections lumineuses et musique symphonique pour une exp\u00e9rience sensorielle in\u00e9dite au c\u0153ur de Lyon.<\/p>\n<p>Quelle autre ville que Lyon pour accueillir un spectacle de lumi\u00e8res ? Con\u00e7u par le collectif zurichois Projektil, \u00ab\u00a0Flow\u00a0\u00bb d\u00e9barque dans la Capitale des Gaules \u00e0 partir du 5 d\u00e9cembre. Au menu, une immersion totale au sein du Palais de la Bourse entre lumi\u00e8re et musique. Dans le but de rassembler projection visuelle et univers musical, \u00ab\u00a0Flow\u00a0\u00bb r\u00e9interpr\u00e8te la c\u00e9l\u00e8bre \u00ab\u00a0la Moldau\u00a0\u00bb, oeuvre du compositeur tch\u00e8que Bed\u0159ich Smetana. <\/p>\n<p>Une prestation con\u00e7ue en partenariat avec l&rsquo;orchestre philharmonique de Prague qui ambitionne d&rsquo;offrir \u00ab\u00a0un v\u00e9ritable voyage sensoriel\u00a0\u00bb. A noter que \u00ab\u00a0Flow\u00a0\u00bb n&rsquo;en est pas \u00e0 son coup d&rsquo;essai. En effet, le spectacle a d\u00e9j\u00e0 conquis toute l&rsquo;Europe de Liverpool \u00e0 Gen\u00e8ve, en passant par Marseille \u00e0 partir du 26 octobre.<\/p>\n<p>Pour r\u00e9aliser cette performance, Projektil est ambitieux. En effet, les \u00e9quipes r\u00e9alisent un Scan 3D complet du lieu concern\u00e9. Une mod\u00e9lisation qui permet d&rsquo;exploiter chaque recoin de l&rsquo;espace, en ajustant la projection aux sp\u00e9cificit\u00e9s architecturales. Pour rappel, \u00ab\u00a0Flow\u00a0\u00bb est un projet co-produit avec Fever, sp\u00e9cialiste de l&rsquo;entertainment, notamment \u00e0 l&rsquo;origine <a href=\"https:\/\/www.aficia.info\/live\/nous-y-etions-le-festival-hypnotize-a-dream-devenu-realite\/257704\" target=\"_blank\" rel=\"noreferrer noopener nofollow\">du festival Hypnotize<\/a> pass\u00e9 par Lyon les 13 et 14 juin derniers.  <\/p>\n","protected":false},"excerpt":{"rendered":"Le spectacle s\u2019est install\u00e9 au St Georges Hall de Liverpool @flow Apr\u00e8s avoir illumin\u00e9 l\u2019Europe, le spectacle \u00ab\u00a0Flow\u00a0\u00bb&hellip;\n","protected":false},"author":2,"featured_media":483884,"comment_status":"","ping_status":"","sticky":false,"template":"","format":"standard","meta":{"footnotes":""},"categories":[1889],"tags":[1111,11,2430,1777,674,42694,1011,27,3490,2428,12,60725,25],"class_list":{"0":"post-483883","1":"post","2":"type-post","3":"status-publish","4":"format-standard","5":"has-post-thumbnail","7":"category-lyon","8":"tag-actu","9":"tag-actualites","10":"tag-auvergne-rhone-alpes","11":"tag-eu","12":"tag-europe","13":"tag-flow","14":"tag-fr","15":"tag-france","16":"tag-liverpool","17":"tag-lyon","18":"tag-news","19":"tag-projektil","20":"tag-republique-francaise"},"share_on_mastodon":{"url":"https:\/\/pubeurope.com\/@fr\/115422462308675972","error":""},"_links":{"self":[{"href":"https:\/\/www.europesays.com\/fr\/wp-json\/wp\/v2\/posts\/483883","targetHints":{"allow":["GET"]}}],"collection":[{"href":"https:\/\/www.europesays.com\/fr\/wp-json\/wp\/v2\/posts"}],"about":[{"href":"https:\/\/www.europesays.com\/fr\/wp-json\/wp\/v2\/types\/post"}],"author":[{"embeddable":true,"href":"https:\/\/www.europesays.com\/fr\/wp-json\/wp\/v2\/users\/2"}],"replies":[{"embeddable":true,"href":"https:\/\/www.europesays.com\/fr\/wp-json\/wp\/v2\/comments?post=483883"}],"version-history":[{"count":0,"href":"https:\/\/www.europesays.com\/fr\/wp-json\/wp\/v2\/posts\/483883\/revisions"}],"wp:featuredmedia":[{"embeddable":true,"href":"https:\/\/www.europesays.com\/fr\/wp-json\/wp\/v2\/media\/483884"}],"wp:attachment":[{"href":"https:\/\/www.europesays.com\/fr\/wp-json\/wp\/v2\/media?parent=483883"}],"wp:term":[{"taxonomy":"category","embeddable":true,"href":"https:\/\/www.europesays.com\/fr\/wp-json\/wp\/v2\/categories?post=483883"},{"taxonomy":"post_tag","embeddable":true,"href":"https:\/\/www.europesays.com\/fr\/wp-json\/wp\/v2\/tags?post=483883"}],"curies":[{"name":"wp","href":"https:\/\/api.w.org\/{rel}","templated":true}]}}