{"id":483891,"date":"2025-10-23T08:12:13","date_gmt":"2025-10-23T08:12:13","guid":{"rendered":"https:\/\/www.europesays.com\/fr\/483891\/"},"modified":"2025-10-23T08:12:13","modified_gmt":"2025-10-23T08:12:13","slug":"rer-et-transilien-retardes-trains-supprimes-les-transports-tres-perturbes-depuis-paris","status":"publish","type":"post","link":"https:\/\/www.europesays.com\/fr\/483891\/","title":{"rendered":"RER et Transilien retard\u00e9s, trains supprim\u00e9s&#8230; Les transports tr\u00e8s perturb\u00e9s depuis Paris"},"content":{"rendered":"<p>            Par<br \/>\n        <strong><br \/>\n            <a href=\"https:\/\/actu.fr\/auteur\/redaction-paris\" title=\"Consulter tous les articles de R\u00e9daction Paris\" rel=\"nofollow noopener\" target=\"_blank\">R\u00e9daction Paris<\/a><br \/>\n        <\/strong><\/p>\n<p>        Publi\u00e9 le<\/p>\n<p>            23 oct. 2025 \u00e0 9h55        <\/p>\n<p>La <a href=\"https:\/\/actu.fr\/meteo\/tempete-benjamin-face-a-son-intensite-meteo-france-place-paris-et-l-ile-de-france-en-vigilance_63334551.html\" rel=\"nofollow noopener\" target=\"_blank\">temp\u00eate Benjamin<\/a> est bien arriv\u00e9e en France. Des vents violents se sont lev\u00e9s dans la nuit de mercredi 22 \u00e0 jeudi 23 octobre 2025 sur une partie du littoral atlantique et de la Manche, plac\u00e9s en vigilance orange vagues-submersion et vent.\u00a0A Paris et en \u00cele-de-France, <a href=\"https:\/\/actu.fr\/tag\/meteo-france\" rel=\"nofollow noopener\" target=\"_blank\">M\u00e9t\u00e9o France<\/a> a d\u00e9clench\u00e9 une vigilance jaune en raison des rafales qui pourraient atteindre <strong>85 km\/h<\/strong>.<\/p>\n<p>Transilien et RER\u00a0<\/p>\n<p class=\" wall-content\">Les intemp\u00e9ries ont des cons\u00e9quences sur la circulation, notamment sur les rails. Dans les <a href=\"https:\/\/actu.fr\/tag\/transilien\" rel=\"nofollow noopener\" target=\"_blank\">Transilien<\/a>, les lignes J, N&amp;U sont perturb\u00e9es :<\/p>\n<p class=\" wall-content\"><strong>Ligne J<\/strong><\/p>\n<p class=\" wall-content\">Le trafic est ralenti entre Gisors et Pontoise dans les deux sens. Motif : cons\u00e9quences des conditions m\u00e9t\u00e9orologiques (limitation de vitesse dans le secteur).<\/p>\n<p class=\" wall-content\">\n<p class=\" wall-content\"><strong>Ligne N&amp;U<\/strong><\/p>\n<p class=\" wall-content\">Des perturbations sont \u00e0 pr\u00e9voir sur l\u2019ensemble de la ligne. Le trafic est ralenti de Plaisir Grignon vers Dreux. Cela est li\u00e9 aux conditions m\u00e9t\u00e9orologiques.<\/p>\n<p class=\" wall-content\">\n<p class=\" wall-content\">Les RER sont eux aussi impact\u00e9s, notamment sur les lignes C et D.\u00a0<\/p>\n<p class=\" wall-content\"><strong>RER C\u00a0<\/strong><\/p>\n<p class=\" wall-content\">Le trafic est perturb\u00e9 sur l\u2019ensemble de la ligne en raison d\u2019un obstacle sur la voie entre les gares d\u2019Ivry-sur-Seine et Biblioth\u00e8que-Fran\u00e7ois-Mitterrand. Plusieurs trains ayant \u00e9t\u00e9 impact\u00e9s par cet incident, des adaptations du plan de transport et des ralentissements restent \u00e0 pr\u00e9voir sur l\u2019ensemble de la ligne, pr\u00e9voit la <a href=\"https:\/\/actu.fr\/tag\/sncf\" rel=\"nofollow noopener\" target=\"_blank\">SNCF<\/a>.<\/p>\n<p class=\" wall-content\">\n<p class=\" wall-content\"><strong>RER D<\/strong><\/p>\n<p class=\" wall-content\">Le 23 octobre 2025 le passage de la Temp\u00eate Benjamin dans notre r\u00e9gion risque de perturber le trafic. Actuellement, la circulation est interrompue de Juvisy vers Corbeil-Essonnes dans ce sens, en raison d\u2019un obstacle sur les voies dans le secteur d\u2019Evry-Val-de-Seine (chute de branches sur les voies). Heure de reprise estim\u00e9e : 11 heures.<\/p>\n<p>Votre r\u00e9gion, votre actu !<\/p>\n<p>Recevez chaque jour les infos qui comptent pour vous.<\/p>\n<p>\t<a href=\"https:\/\/actu.fr\/newsletter\" class=\"ac-btn ac-btn--corner ac-btn--medium ac-btn--blue800\" rel=\"nofollow noopener\" target=\"_blank\">S&rsquo;incrire<\/a><\/p>\n<p class=\" wall-content\">\n<p>Trains<\/p>\n<p class=\" wall-content\">Les trains au d\u00e9part de Paris et en direction de l\u2019ouest de la France sont eux aussi tr\u00e8s impact\u00e9s. En <a href=\"https:\/\/actu.fr\/tag\/gare-montparnasse\" rel=\"nofollow noopener\" target=\"_blank\">gare Montparnasse<\/a>, certains affichent des retards de 40 minutes ou sont carr\u00e9ment <strong>supprim\u00e9s<\/strong> et d\u2019autres ont leur terminus modifi\u00e9.\u00a0<a href=\"https:\/\/actu.fr\/tag\/gare-du-nord\" rel=\"nofollow noopener\" target=\"_blank\">Gare du Nord<\/a>, les trains en direction de Dunkerque auront finalement pour terminus Lille Europe.\u00a0<\/p>\n<p class=\" wall-content\">Les voyageurs sont invit\u00e9s \u00e0 v\u00e9rifier l\u2019horaire de leur train en se rendant en gare ou sur le site de <a href=\"https:\/\/www.garesetconnexions.sncf\/fr\/gares-services\/paris-montparnasse\" rel=\"nofollow noopener\" target=\"_blank\">garesetconnexions.sncf<\/a> et <a href=\"https:\/\/www.garesetconnexions.sncf\/fr\/gares-services\/paris-gare-du-nord\" rel=\"nofollow noopener\" target=\"_blank\">garesetconnexions.sncf<\/a>.<\/p>\n<p class=\" wall-content\">Personnalisez votre actualit\u00e9 en ajoutant vos villes et m\u00e9dias en favori avec <a href=\"https:\/\/moncompte.actu.fr\" title=\"D\u00e9couvez Mon Actu\" rel=\"nofollow noopener\" data-trk=\"{&quot;cta&quot;:{&quot;action&quot;:&quot;https:\\\/\\\/moncompte.actu.fr&quot;,&quot;category&quot;:&quot;mon compte&quot;,&quot;from&quot;:&quot;article footer&quot;,&quot;name&quot;:&quot;Mon actu&quot;,&quot;type&quot;:&quot;cta&quot;}}\" target=\"_blank\">Mon Actu<\/a>.<\/p>\n","protected":false},"excerpt":{"rendered":"Par R\u00e9daction Paris Publi\u00e9 le 23 oct. 2025 \u00e0 9h55 La temp\u00eate Benjamin est bien arriv\u00e9e en France.&hellip;\n","protected":false},"author":2,"featured_media":483892,"comment_status":"","ping_status":"","sticky":false,"template":"","format":"standard","meta":{"footnotes":""},"categories":[1888],"tags":[1111,1928,11,1927,1777,674,1011,27,8037,2487,12,1926,626,1925,25,6561,12443],"class_list":{"0":"post-483891","1":"post","2":"type-post","3":"status-publish","4":"format-standard","5":"has-post-thumbnail","7":"category-paris","8":"tag-actu","9":"tag-actu-paris","10":"tag-actualites","11":"tag-actualites-paris","12":"tag-eu","13":"tag-europe","14":"tag-fr","15":"tag-france","16":"tag-gare-montparnasse","17":"tag-meteo","18":"tag-news","19":"tag-news-paris","20":"tag-paris","21":"tag-paris-news","22":"tag-republique-francaise","23":"tag-rer-c","24":"tag-transilien"},"share_on_mastodon":{"url":"https:\/\/pubeurope.com\/@fr\/115422478250045216","error":""},"_links":{"self":[{"href":"https:\/\/www.europesays.com\/fr\/wp-json\/wp\/v2\/posts\/483891","targetHints":{"allow":["GET"]}}],"collection":[{"href":"https:\/\/www.europesays.com\/fr\/wp-json\/wp\/v2\/posts"}],"about":[{"href":"https:\/\/www.europesays.com\/fr\/wp-json\/wp\/v2\/types\/post"}],"author":[{"embeddable":true,"href":"https:\/\/www.europesays.com\/fr\/wp-json\/wp\/v2\/users\/2"}],"replies":[{"embeddable":true,"href":"https:\/\/www.europesays.com\/fr\/wp-json\/wp\/v2\/comments?post=483891"}],"version-history":[{"count":0,"href":"https:\/\/www.europesays.com\/fr\/wp-json\/wp\/v2\/posts\/483891\/revisions"}],"wp:featuredmedia":[{"embeddable":true,"href":"https:\/\/www.europesays.com\/fr\/wp-json\/wp\/v2\/media\/483892"}],"wp:attachment":[{"href":"https:\/\/www.europesays.com\/fr\/wp-json\/wp\/v2\/media?parent=483891"}],"wp:term":[{"taxonomy":"category","embeddable":true,"href":"https:\/\/www.europesays.com\/fr\/wp-json\/wp\/v2\/categories?post=483891"},{"taxonomy":"post_tag","embeddable":true,"href":"https:\/\/www.europesays.com\/fr\/wp-json\/wp\/v2\/tags?post=483891"}],"curies":[{"name":"wp","href":"https:\/\/api.w.org\/{rel}","templated":true}]}}