{"id":483893,"date":"2025-10-23T08:13:13","date_gmt":"2025-10-23T08:13:13","guid":{"rendered":"https:\/\/www.europesays.com\/fr\/483893\/"},"modified":"2025-10-23T08:13:13","modified_gmt":"2025-10-23T08:13:13","slug":"de-paris-en-allemagne-a-la-belle-ville-de-belgique-pourquoi-donald-trump-est-il-si-nul-en-geographie","status":"publish","type":"post","link":"https:\/\/www.europesays.com\/fr\/483893\/","title":{"rendered":"De Paris en Allemagne \u00e0 la \u00ab belle ville \u00bb de Belgique\u2026 Pourquoi Donald Trump est-il si nul en g\u00e9ographie ?"},"content":{"rendered":"<p class=\"mb-4 text-lg md:leading-8 break-words\"><strong>This is America &#8211; Avec sa litanie de bourdes g\u00e9ographiques, Donald Trump s\u2019inscrit dans une tradition am\u00e9ricaine o\u00f9 les cartes sont tr\u00e8s peu \u00e9tudi\u00e9es et le reste du monde ignor\u00e9<\/strong><\/p>\n<p class=\"mb-4 text-lg md:leading-8 break-words\">\u00ab\u00a0Je ne sais m\u00eame pas o\u00f9 c\u2019est\u00a0!\u00a0\u00bb, s\u2019est agac\u00e9 <a href=\"https:\/\/www.20minutes.fr\/dossier\/donald_trump?at_medium=RSS%20feed&amp;at_campaign=ynews&amp;utm_source=yahoo&amp;utm_medium=rss&amp;utm_campaign=news_feed&amp;utm_content=in_article_link\" rel=\"nofollow noopener\" target=\"_blank\" data-ylk=\"slk:Donald Trump;elm:context_link;itc:0;sec:content-canvas\" class=\"link \">Donald Trump<\/a> face \u00e0 la carte du front ukrainien, pr\u00e9sent\u00e9e par <a href=\"https:\/\/www.20minutes.fr\/monde\/volodymyr-zelensky\/?at_medium=RSS%20feed&amp;at_campaign=ynews&amp;utm_source=yahoo&amp;utm_medium=rss&amp;utm_campaign=news_feed&amp;utm_content=in_article_link\" rel=\"nofollow noopener\" target=\"_blank\" data-ylk=\"slk:Volodymyr Zelensky;elm:context_link;itc:0;sec:content-canvas\" class=\"link \">Volodymyr Zelensky<\/a> lors <a href=\"https:\/\/www.ft.com\/content\/7960c6aa-dbfa-4a55-91e8-ae44601842ec?at_medium=RSS%20feed&amp;at_campaign=ynews&amp;utm_source=yahoo&amp;utm_medium=rss&amp;utm_campaign=news_feed&amp;utm_content=in_article_link\" rel=\"nofollow noopener\" target=\"_blank\" data-ylk=\"slk:d\u2019une r\u00e9union houleuse, vendredi 17\u00a0octobre;elm:context_link;itc:0;sec:content-canvas\" class=\"link \">d\u2019une r\u00e9union houleuse, vendredi 17\u00a0octobre<\/a>. Depuis le d\u00e9but de son entr\u00e9e en politique, le pr\u00e9sident des <a href=\"https:\/\/www.20minutes.fr\/monde\/etats-unis\/?at_medium=RSS%20feed&amp;at_campaign=ynews&amp;utm_source=yahoo&amp;utm_medium=rss&amp;utm_campaign=news_feed&amp;utm_content=in_article_link\" rel=\"nofollow noopener\" target=\"_blank\" data-ylk=\"slk:Etats-Unis;elm:context_link;itc:0;sec:content-canvas\" class=\"link \">Etats-Unis<\/a> fait montre d\u2019une connaissance g\u00e9ographique que l\u2019on pourrait qualifier (a minima) de lacunaire. D\u00e8s janvier\u00a02016, il avait concentr\u00e9 les critiques moqueuses apr\u00e8s avoir \u00e9voqu\u00e9 un fait divers \u00e0 Paris et <a href=\"https:\/\/x.com\/realDonaldTrump\/status\/685089631973601280?at_medium=RSS%20feed&amp;at_campaign=ynews&amp;utm_source=yahoo&amp;utm_medium=rss&amp;utm_campaign=news_feed&amp;utm_content=in_article_link\" rel=\"nofollow noopener\" target=\"_blank\" data-ylk=\"slk:comment\u00e9 dans le m\u00eame tweet\u00a0;elm:context_link;itc:0;sec:content-canvas\" class=\"link \">comment\u00e9 dans le m\u00eame tweet\u00a0<\/a>: \u00ab\u00a0L\u2019Allemagne est un v\u00e9ritable d\u00e9sastre\u00a0\u00bb.<\/p>\n<p class=\"mb-4 text-lg md:leading-8 break-words\">En une d\u00e9cennie, le magnat de l\u2019immobilier a eu le temps d\u2019\u00e9toffer sa collection de bourdes g\u00e9ographiques\u00a0: la <a href=\"https:\/\/www.rtbf.be\/article\/donald-trump-aime-finalement-bien-la-belgique-cette-ville-magnifique-9327444?at_medium=RSS%20feed&amp;at_campaign=ynews&amp;utm_source=yahoo&amp;utm_medium=rss&amp;utm_campaign=news_feed&amp;utm_content=in_article_link\" rel=\"nofollow noopener\" target=\"_blank\" data-ylk=\"slk:Belgique a \u00e9t\u00e9 qualifi\u00e9e de \u00ab\u00a0belle ville\u00a0\u00bb;elm:context_link;itc:0;sec:content-canvas\" class=\"link \">Belgique a \u00e9t\u00e9 qualifi\u00e9e de \u00ab\u00a0belle ville\u00a0\u00bb<\/a>, le N\u00e9pal <a href=\"https:\/\/www.vanityfair.com\/news\/2018\/08\/donald-trump-thought-there-was-a-country-called-nipple-nepal?srsltid=AfmBOoo_SOIP6L3ahNJRXZg9aY4CmslMYN2glWEtI5DtaKoh0mfpczWu&amp;at_medium=RSS%20feed&amp;at_campaign=ynews&amp;utm_source=yahoo&amp;utm_medium=rss&amp;utm_campaign=news_feed&amp;utm_content=in_article_link\" rel=\"nofollow noopener\" target=\"_blank\" data-ylk=\"slk:surnomm\u00e9 \u00ab\u00a0Nipple\u00a0\u00bb;elm:context_link;itc:0;sec:content-canvas\" class=\"link \">surnomm\u00e9 \u00ab\u00a0Nipple\u00a0\u00bb<\/a> (\u00ab t\u00e9ton\u00a0\u00bb, en anglais), l\u2019Alaska et la Finlande plac\u00e9e en <a href=\"https:\/\/www.20minutes.fr\/monde\/russie\/?at_medium=RSS%20feed&amp;at_campaign=ynews&amp;utm_source=yahoo&amp;utm_medium=rss&amp;utm_campaign=news_feed&amp;utm_content=in_article_link\" rel=\"nofollow noopener\" target=\"_blank\" data-ylk=\"slk:Russie;elm:context_link;itc:0;sec:content-canvas\" class=\"link \">Russie<\/a> ou encore le Colorado d\u00e9plac\u00e9 \u00e0 la fronti\u00e8re avec le Mexique, pourtant distant d\u2019environ 800 kilom\u00e8tres.<\/p>\n<p class=\"mb-4 text-lg md:leading-8 break-words\">\u00ab\u00a0Donald Trump est nul en g\u00e9ographie, confirme d\u2019un sourire St\u00e9phane Rosi\u00e8re, g\u00e9ographe et g\u00e9opolitologue. Mais ce n\u2019est pas le premier pr\u00e9sident am\u00e9ricain \u00e0 avoir des lacunes.\u00a0\u00bb En\u00a01982, Ronald Reagan avait ainsi port\u00e9 un toast au \u00ab\u00a0peuple bolivien\u00a0\u00bb lors d\u2019un d\u00eener d\u2019Etat \u00e0\u2026 Brasilia. Plus r\u00e9cemment, Gary Johnson, l\u2019un des rivaux de Trump lors de la pr\u00e9sidentielle de\u00a02016, interrog\u00e9 sur la ville syrienne d\u2019Alep avait r\u00e9pondu\u00a0: \u00ab\u00a0Qu\u2019est-ce que c\u2019est, <a href=\"https:\/\/www.20minutes.fr\/monde\/alep\/?at_medium=RSS%20feed&amp;at_campaign=ynews&amp;utm_source=yahoo&amp;utm_medium=rss&amp;utm_campaign=news_feed&amp;utm_content=in_article_link\" rel=\"nofollow noopener\" target=\"_blank\" data-ylk=\"slk:Alep;elm:context_link;itc:0;sec:content-canvas\" class=\"link \">Alep<\/a>\u00a0?\u00a0\u00bb<\/p>\n<p>Des Am\u00e9ricains moqu\u00e9s pour leur niveau<\/p>\n<p class=\"mb-4 text-lg md:leading-8 break-words\">\u00ab\u00a0A la diff\u00e9rence de ses pr\u00e9d\u00e9cesseurs, Donald Trump semble exempt de tout filtre. Il n\u2019a pas l\u2019air d\u2019\u00e9couter (&#8230;)<\/p>\n<p class=\"mb-4 text-lg md:leading-8 break-words\"><a href=\"https:\/\/www.20minutes.fr\/monde\/etats-unis\/4180867-20251023-paris-allemagne-belle-ville-belgique-pourquoi-donald-trump-si-nul-geographie?at_medium=RSS%20feed&amp;at_campaign=ynews&amp;utm_source=yahoo&amp;utm_medium=rss&amp;utm_campaign=news_feed&amp;utm_content=read_more_link&quot;\" rel=\"nofollow noopener\" target=\"_blank\" data-ylk=\"slk:Lire la suite sur 20minutes;elm:context_link;itc:0;sec:content-canvas\" class=\"link \">Lire la suite sur 20minutes<\/a><\/p>\n<p>\u00c0 lire aussi :<br \/><a href=\"https:\/\/www.20minutes.fr\/monde\/etats-unis\/4177155-20251004-maitre-dystopie-pourquoi-geographes-peur-donald-trump?at_medium=RSS%20feed&amp;at_campaign=ynews&amp;utm_source=yahoo&amp;utm_medium=rss&amp;utm_campaign=news_feed&amp;utm_content=related_content_link\" rel=\"nofollow noopener\" target=\"_blank\" data-ylk=\"slk:\u00ab\u00a0C\u2019est un ma\u00eetre en dystopie\u00a0\u00bb\u00a0: Pourquoi les g\u00e9ographes ont-ils peur de Donald Trump\u00a0?;elm:context_link;itc:0;sec:content-canvas\" class=\"link \">\u00ab\u00a0C\u2019est un ma\u00eetre en dystopie\u00a0\u00bb\u00a0: Pourquoi les g\u00e9ographes ont-ils peur de Donald Trump\u00a0?<\/a><br \/><a href=\"https:\/\/www.20minutes.fr\/monde\/etats-unis\/4135485-20250125-etats-unis-bienvenue-golfe-amerique-golfe-mexique-rebaptise-administration-trump?at_medium=RSS%20feed&amp;at_campaign=ynews&amp;utm_source=yahoo&amp;utm_medium=rss&amp;utm_campaign=news_feed&amp;utm_content=related_content_link\" rel=\"nofollow noopener\" target=\"_blank\" data-ylk=\"slk:Etats-Unis\u00a0: Bienvenue au Golfe d\u2019Am\u00e9rique\u2026 Le Golfe du Mexique rebaptis\u00e9 par l\u2019administration Trump;elm:context_link;itc:0;sec:content-canvas\" class=\"link \">Etats-Unis\u00a0: Bienvenue au Golfe d\u2019Am\u00e9rique\u2026 Le Golfe du Mexique rebaptis\u00e9 par l\u2019administration Trump<\/a><\/p>\n","protected":false},"excerpt":{"rendered":"This is America &#8211; Avec sa litanie de bourdes g\u00e9ographiques, Donald Trump s\u2019inscrit dans une tradition am\u00e9ricaine o\u00f9&hellip;\n","protected":false},"author":2,"featured_media":483894,"comment_status":"","ping_status":"","sticky":false,"template":"","format":"standard","meta":{"footnotes":""},"categories":[1888],"tags":[1111,1928,11,1927,75,73,1777,674,1011,27,12,1926,626,1925,60726,43217,25,134],"class_list":{"0":"post-483893","1":"post","2":"type-post","3":"status-publish","4":"format-standard","5":"has-post-thumbnail","7":"category-paris","8":"tag-actu","9":"tag-actu-paris","10":"tag-actualites","11":"tag-actualites-paris","12":"tag-donald-trump","13":"tag-etats-unis","14":"tag-eu","15":"tag-europe","16":"tag-fr","17":"tag-france","18":"tag-news","19":"tag-news-paris","20":"tag-paris","21":"tag-paris-news","22":"tag-premier-president-americain","23":"tag-quest-ce-que-cest","24":"tag-republique-francaise","25":"tag-volodymyr-zelensky"},"share_on_mastodon":{"url":"https:\/\/pubeurope.com\/@fr\/115422482094731753","error":""},"_links":{"self":[{"href":"https:\/\/www.europesays.com\/fr\/wp-json\/wp\/v2\/posts\/483893","targetHints":{"allow":["GET"]}}],"collection":[{"href":"https:\/\/www.europesays.com\/fr\/wp-json\/wp\/v2\/posts"}],"about":[{"href":"https:\/\/www.europesays.com\/fr\/wp-json\/wp\/v2\/types\/post"}],"author":[{"embeddable":true,"href":"https:\/\/www.europesays.com\/fr\/wp-json\/wp\/v2\/users\/2"}],"replies":[{"embeddable":true,"href":"https:\/\/www.europesays.com\/fr\/wp-json\/wp\/v2\/comments?post=483893"}],"version-history":[{"count":0,"href":"https:\/\/www.europesays.com\/fr\/wp-json\/wp\/v2\/posts\/483893\/revisions"}],"wp:featuredmedia":[{"embeddable":true,"href":"https:\/\/www.europesays.com\/fr\/wp-json\/wp\/v2\/media\/483894"}],"wp:attachment":[{"href":"https:\/\/www.europesays.com\/fr\/wp-json\/wp\/v2\/media?parent=483893"}],"wp:term":[{"taxonomy":"category","embeddable":true,"href":"https:\/\/www.europesays.com\/fr\/wp-json\/wp\/v2\/categories?post=483893"},{"taxonomy":"post_tag","embeddable":true,"href":"https:\/\/www.europesays.com\/fr\/wp-json\/wp\/v2\/tags?post=483893"}],"curies":[{"name":"wp","href":"https:\/\/api.w.org\/{rel}","templated":true}]}}