{"id":483901,"date":"2025-10-23T08:17:17","date_gmt":"2025-10-23T08:17:17","guid":{"rendered":"https:\/\/www.europesays.com\/fr\/483901\/"},"modified":"2025-10-23T08:17:17","modified_gmt":"2025-10-23T08:17:17","slug":"trump-prend-des-sanctions-enormes-contre-poutine-mais-croit-toujours-au-dialogue","status":"publish","type":"post","link":"https:\/\/www.europesays.com\/fr\/483901\/","title":{"rendered":"Trump prend des sanctions \u00ab\u00a0\u00e9normes\u00a0\u00bb contre Poutine mais cro\u00eet toujours au dialogue&#8230;"},"content":{"rendered":"<p>D\u00e9tenu depuis deux mois en Russie, le cycliste Sofiane Sehli lib\u00e9r\u00e9<\/p>\n<p>Le cycliste fran\u00e7ais Sofiane Sehili, incarc\u00e9r\u00e9 depuis d\u00e9but septembre en Russie, a \u00e9t\u00e9 condamn\u00e9 \u00e0 une amende pour \u00ab franchissement ill\u00e9gal de la fronti\u00e8re \u00bb russe et lib\u00e9r\u00e9, a rapport\u00e9 l&rsquo;agence publique russe RIA Novosti. Un tribunal de la localit\u00e9 de Pogranitchny, dans la r\u00e9gion de Primori\u00e9, a \u00ab reconnu Sofiane Sehili coupable \u00bb et l&rsquo;a condamn\u00e9 \u00ab \u00e0 une amende de 50.000 roubles \u00bb, a annonc\u00e9 la juge Irina Bill\u00e9, cit\u00e9e par l&rsquo;agence.<\/p>\n<p>Compte tenu du temps pass\u00e9 en d\u00e9tention provisoire, le cycliste de 44 ans a \u00e9t\u00e9 exempt\u00e9 du paiement de l&rsquo;amende et lib\u00e9r\u00e9 dans la salle du tribunal, selon la m\u00eame source.<\/p>\n<p>L\u2019ambassadrice ukrainienne aux Etats-Unis applaudit les nouvelles sanctions<\/p>\n<p>L\u2019ambassadrice d\u2019Ukraine aux Etats-Unis a salu\u00e9 mercredi les sanctions impos\u00e9es \u00e0 la Russie par Donald Trump, affirmant que seules des d\u00e9monstrations de force seraient efficaces contre Moscou. \u00ab\u00a0Cette d\u00e9cision s\u2019aligne parfaitement avec la position constante de l\u2019Ukraine selon laquelle la paix ne peut \u00eatre obtenue que par la force et en exer\u00e7ant une pression maximale sur l\u2019agresseur \u00e0 l\u2019aide de tous les instruments internationaux disponibles\u00a0\u00bb, a d\u00e9clar\u00e9 Olga Stefanishyna dans un communiqu\u00e9.<\/p>\n<p>Les Etats-Unis laissent la porte ouverte au dialogue avec la Russie<\/p>\n<p>Les Etats-Unis souhaitent \u00ab\u00a0toujours rencontrer les Russes\u00a0\u00bb, a affirm\u00e9 mercredi le secr\u00e9taire d\u2019Etat Marco Rubio, apr\u00e8s que Donald Trump a impos\u00e9 de nouvelles sanctions contre Moscou. \u00ab\u00a0Nous serons toujours int\u00e9ress\u00e9s par un dialogue s\u2019il existe une possibilit\u00e9 de parvenir \u00e0 la paix\u00a0\u00bb, a-t-il ajout\u00e9.<\/p>\n<p>Les Etats-Unis et l\u2019UE durcissent les sanctions contre la Russie<\/p>\n<p>Apr\u00e8s avoir jug\u00e9 que ses \u00e9changes avec Vladimir Poutine n\u2019aboutissaient \u00e0 rien, Donald Trump a d\u00e9cid\u00e9 de s\u00e9vir par les actes contre la Russie. Il a pour cela annonc\u00e9 un durcissement majeur des sanctions am\u00e9ricaines en coordination avec l\u2019Union europ\u00e9enne.<\/p>\n<p>Les Etats-Unis ciblent d\u00e9sormais directement les compagnies p\u00e9troli\u00e8res Rosneft et Lukoil accus\u00e9es de financer la guerre en Ukraine tandis que Bruxelles pr\u00e9voit un arr\u00eat total du gaz naturel liqu\u00e9fi\u00e9 russe et des mesures contre la flotte fant\u00f4me du Kremlin.<\/p>\n<p>Bienvenue dans ce nouveau Live<\/p>\n<p>Bonjour \u00e0 toutes et \u00e0 tous. Comme chaque jour, la r\u00e9daction de 20 Minutes est mobilis\u00e9e pour vous donner l\u2019ensemble des informations sur le conflit entre Kiev et Moscou.<\/p>\n<p>Les relations entre Donald Trump et Vladimir Poutine sont de nouveau au plus bas. Alors que les deux hommes devaient se rencontrer \u00e0 la fin du mois en Hongrie, ce sommet a finalement \u00e9t\u00e9 repouss\u00e9 sine die par le locataire de la Maison-Blanche. Et depuis mercredi, le pr\u00e9sident am\u00e9ricain se montre une nouvelle fois exc\u00e9d\u00e9 par le ma\u00eetre du Kremlin estimant que leurs discussions ne vont \u00ab\u00a0nulle part\u00a0\u00bb. Ce Live va donc vous permettre de suivre ces montagnes russes diplomatiques.<\/p>\n","protected":false},"excerpt":{"rendered":"D\u00e9tenu depuis deux mois en Russie, le cycliste Sofiane Sehli lib\u00e9r\u00e9 Le cycliste fran\u00e7ais Sofiane Sehili, incarc\u00e9r\u00e9 depuis&hellip;\n","protected":false},"author":2,"featured_media":483902,"comment_status":"","ping_status":"","sticky":false,"template":"","format":"standard","meta":{"footnotes":""},"categories":[1590],"tags":[47,11,75,73,1777,674,131,74,12,132,220,555,133,135,134],"class_list":{"0":"post-483901","1":"post","2":"type-post","3":"status-publish","4":"format-standard","5":"has-post-thumbnail","7":"category-ukraine","8":"tag-actualite","9":"tag-actualites","10":"tag-donald-trump","11":"tag-etats-unis","12":"tag-eu","13":"tag-europe","14":"tag-guerre-en-ukraine","15":"tag-monde","16":"tag-news","17":"tag-russie","18":"tag-ukraine","19":"tag-union-europeenne-ue","20":"tag-video","21":"tag-vladimir-poutine","22":"tag-volodymyr-zelensky"},"share_on_mastodon":{"url":"https:\/\/pubeurope.com\/@fr\/115422497822881588","error":""},"_links":{"self":[{"href":"https:\/\/www.europesays.com\/fr\/wp-json\/wp\/v2\/posts\/483901","targetHints":{"allow":["GET"]}}],"collection":[{"href":"https:\/\/www.europesays.com\/fr\/wp-json\/wp\/v2\/posts"}],"about":[{"href":"https:\/\/www.europesays.com\/fr\/wp-json\/wp\/v2\/types\/post"}],"author":[{"embeddable":true,"href":"https:\/\/www.europesays.com\/fr\/wp-json\/wp\/v2\/users\/2"}],"replies":[{"embeddable":true,"href":"https:\/\/www.europesays.com\/fr\/wp-json\/wp\/v2\/comments?post=483901"}],"version-history":[{"count":0,"href":"https:\/\/www.europesays.com\/fr\/wp-json\/wp\/v2\/posts\/483901\/revisions"}],"wp:featuredmedia":[{"embeddable":true,"href":"https:\/\/www.europesays.com\/fr\/wp-json\/wp\/v2\/media\/483902"}],"wp:attachment":[{"href":"https:\/\/www.europesays.com\/fr\/wp-json\/wp\/v2\/media?parent=483901"}],"wp:term":[{"taxonomy":"category","embeddable":true,"href":"https:\/\/www.europesays.com\/fr\/wp-json\/wp\/v2\/categories?post=483901"},{"taxonomy":"post_tag","embeddable":true,"href":"https:\/\/www.europesays.com\/fr\/wp-json\/wp\/v2\/tags?post=483901"}],"curies":[{"name":"wp","href":"https:\/\/api.w.org\/{rel}","templated":true}]}}