{"id":483903,"date":"2025-10-23T08:18:19","date_gmt":"2025-10-23T08:18:19","guid":{"rendered":"https:\/\/www.europesays.com\/fr\/483903\/"},"modified":"2025-10-23T08:18:19","modified_gmt":"2025-10-23T08:18:19","slug":"donald-trump-durcit-le-ton-et-sanctionne-le-petrole-russe-lexpress","status":"publish","type":"post","link":"https:\/\/www.europesays.com\/fr\/483903\/","title":{"rendered":"Donald Trump durcit le ton et sanctionne le p\u00e9trole russe \u2013 L&rsquo;Express"},"content":{"rendered":"<p class=\"paragraph article-body-paragraph article__item   article-body-paragraph--first \">Elles sont \u00ab\u00a0\u00e9normes\u00a0\u00bb selon lui : Donald Trump a laiss\u00e9 \u00e9clater son exasp\u00e9ration mercredi 22 octobre envers Vladimir Poutine et annonc\u00e9 <a href=\"https:\/\/www.lexpress.fr\/monde\/europe\/guerre-en-ukraine-excede-par-vladimir-poutine-donald-trump-sanctionne-le-petrole-russe-NNLONA67PBFZXK55TLF65DN2BM\/\" target=\"_self\" rel=\"nofollow noopener\" title=\"https:\/\/www.lexpress.fr\/monde\/europe\/guerre-en-ukraine-excede-par-vladimir-poutine-donald-trump-sanctionne-le-petrole-russe-NNLONA67PBFZXK55TLF65DN2BM\/\">des sanctions contre le secteur p\u00e9trolier russe<\/a>, dans l\u2019espoir d\u2019amener Moscou \u00e0 mettre fin \u00e0 la <a href=\"https:\/\/www.lexpress.fr\/monde\/europe\/stress-post-traumatique-alcoolisme-pensees-suicidaires-la-guerre-en-ukraine-ronge-les-soldats-russes-RJ3NAUKXIBDJDIQOR5SDFCP5RY\/\" target=\"_self\" rel=\"nofollow noopener\" title=\"https:\/\/www.lexpress.fr\/monde\/europe\/stress-post-traumatique-alcoolisme-pensees-suicidaires-la-guerre-en-ukraine-ronge-les-soldats-russes-RJ3NAUKXIBDJDIQOR5SDFCP5RY\/\">guerre en Ukraine<\/a>. \u00ab\u00a0Ce sont des sanctions \u00e9normes [\u2026] Et nous esp\u00e9rons qu\u2019elles ne dureront pas trop longtemps. Nous esp\u00e9rons qu\u2019un terme sera mis \u00e0 la guerre\u00a0\u00bb, a affirm\u00e9 le pr\u00e9sident am\u00e9ricain en recevant <a href=\"https:\/\/www.lexpress.fr\/monde\/europe\/les-etats-unis-nont-pas-besoin-de-lotan-le-jour-ou-lalliance-a-failli-disparaitre-raconte-par-jens-DNMGRY2X2ZEXBDSZZSEKMXFOVM\/\" target=\"_self\" rel=\"nofollow noopener\" title=\"https:\/\/www.lexpress.fr\/monde\/europe\/les-etats-unis-nont-pas-besoin-de-lotan-le-jour-ou-lalliance-a-failli-disparaitre-raconte-par-jens-DNMGRY2X2ZEXBDSZZSEKMXFOVM\/\">le secr\u00e9taire g\u00e9n\u00e9ral de l\u2019Otan<\/a>, Mark Rutte, dans le bureau Ovale de la Maison-Blanche.<\/p>\n<p class=\"paragraph article-body-paragraph article__item   \">Alors que l\u2019Union europ\u00e9enne a annonc\u00e9 en parall\u00e8le avoir trouv\u00e9 un accord pour durcir ses sanctions sur les hydrocarbures russes et tarir les ressources du Kremlin, <a href=\"https:\/\/www.lexpress.fr\/monde\/europe\/zelensky-represente-aujourdhui-lanti-munich-le-spectre-de-la-lachete-europeenne-sur-lukraine-KK6NIVVFQBBOHIEMMKWMWKXUJU\/\" target=\"_self\" rel=\"nofollow noopener\" title=\"https:\/\/www.lexpress.fr\/monde\/europe\/zelensky-represente-aujourdhui-lanti-munich-le-spectre-de-la-lachete-europeenne-sur-lukraine-KK6NIVVFQBBOHIEMMKWMWKXUJU\/\">Volodymyr Zelensky<\/a> a salu\u00e9 ce jeudi un \u00ab\u00a0message fort\u00a0\u00bb. \u00ab\u00a0Nous avons attendu cela, esp\u00e9rons que cela fonctionne, c\u2019est tr\u00e8s important\u00a0\u00bb, a-t-il d\u00e9clar\u00e9 \u00e0 son arriv\u00e9e \u00e0 Bruxelles pour un sommet europ\u00e9en. Avant lui, l\u2019ambassadrice d\u2019Ukraine aux Etats-Unis Olga Stefanishyna avait salu\u00e9 \u00e9galement une d\u00e9cision qui \u00ab\u00a0s\u2019aligne pleinement avec la position constante de l\u2019Ukraine selon laquelle la paix ne peut \u00eatre obtenue que par la force et en exer\u00e7ant une pression maximale sur l\u2019agresseur \u00e0 l\u2019aide de tous les outils internationaux disponibles\u00a0\u00bb.<\/p>\n<p><strong class=\"article-body-link-list__item text-gray-800 article-body-link-list__item--one-item\">LIRE AUSSI : <a class=\"article-body-link-list__item-link\" href=\"https:\/\/www.lexpress.fr\/idees-et-debats\/guerre-en-ukraine-tous-les-ingredients-dune-dangereuse-escalade-sont-reunis-par-peter-schroeder-ex-GBNMNVIL3BH6RJZXQLUHJKSYKE\/\" rel=\"nofollow noopener\" target=\"_blank\">Guerre en Ukraine : tous les ingr\u00e9dients d\u2019une dangereuse escalade sont r\u00e9unis, par Peter Schroeder (ex-CIA)<\/a><\/strong><\/p>\n<p class=\"paragraph article-body-paragraph article__item   \"><a href=\"https:\/\/www.lexpress.fr\/monde\/amerique\/donald-trump_1702460.html\" target=\"_self\" rel=\"nofollow noopener\" title=\"https:\/\/www.lexpress.fr\/monde\/amerique\/donald-trump_1702460.html\">Donald Trump<\/a>, qui s\u2019est refus\u00e9 pendant de longs mois \u00e0 d\u00e9cider de ces sanctions, a estim\u00e9 que ses conversations avec le pr\u00e9sident russe n\u2019allaient \u00ab\u00a0nulle part\u00a0\u00bb, au lendemain du report sine die d\u2019une rencontre entre eux envisag\u00e9e \u00e0 Budapest. \u00ab\u00a0A chaque fois que je parle avec Vladimir, nous avons de bonnes conversations mais ensuite elles ne vont nulle part\u00a0\u00bb, a-t-il affirm\u00e9.<\/p>\n<p class=\"paragraph article-body-paragraph article__item   \">Peu avant, le ministre am\u00e9ricain des Finances Scott Bessent avait annonc\u00e9 des sanctions contre les g\u00e9ants p\u00e9troliers russes Rosneft et Lukoil, \u00ab\u00a0qui financent la machine de guerre du Kremlin\u00a0\u00bb, invoquant le \u00ab\u00a0refus du pr\u00e9sident Poutine d\u2019arr\u00eater cette guerre insens\u00e9e\u00a0\u00bb. Et de pr\u00e9venir que les <a href=\"https:\/\/www.lexpress.fr\/monde\/europe\/renseignement-les-pays-bas-ne-partagent-plus-certaines-choses-avec-les-etats-unis-7KG7S434XBCYXLWZYMNUWN6U2Y\/\" target=\"_self\" rel=\"nofollow noopener\" title=\"https:\/\/www.lexpress.fr\/monde\/europe\/renseignement-les-pays-bas-ne-partagent-plus-certaines-choses-avec-les-etats-unis-7KG7S434XBCYXLWZYMNUWN6U2Y\/\">Etats-Unis<\/a> \u00e9taient \u00ab\u00a0pr\u00eats \u00e0 aller plus loin si cela s\u2019av\u00e9rait n\u00e9cessaire\u00a0\u00bb.<\/p>\n<p>Interdiction de faire des affaires<\/p>\n<p class=\"paragraph article-body-paragraph article__item   \">Les <a href=\"https:\/\/www.lexpress.fr\/economie\/politique-economique\/sanctions-contre-la-russie-le-grand-contournement-les-magouilles-secretes-de-societes-europeennes-LYQNTJB26BELFMTLB4JXVLVCCI\/\" target=\"_self\" rel=\"nofollow noopener\" title=\"https:\/\/www.lexpress.fr\/economie\/politique-economique\/sanctions-contre-la-russie-le-grand-contournement-les-magouilles-secretes-de-societes-europeennes-LYQNTJB26BELFMTLB4JXVLVCCI\/\">sanctions<\/a> impliquent un gel de tous les actifs de Rosneft et Lukoil aux \u00c9tats-Unis ainsi qu\u2019une interdiction \u00e0 toutes les entreprises am\u00e9ricaines de faire des affaires avec les deux g\u00e9ants p\u00e9troliers russes. Elles ont fait bondir jeudi de pr\u00e8s de 3 % les cours du p\u00e9trole au d\u00e9but des \u00e9changes asiatiques, attisant les craintes de tensions sur l\u2019offre d\u2019or noir.<\/p>\n<p class=\"paragraph article-body-paragraph article__item   \">Pour autant, les Etats-Unis ne ferment pas la porte \u00e0 <a href=\"https:\/\/www.lexpress.fr\/monde\/europe\/ukraine-pourquoi-le-nouveau-sommet-prevu-entre-donald-trump-et-vladimir-poutine-a-ete-reporte-K4CCKKYHHBGLVOL4US3OUVFHVI\/\" target=\"_self\" rel=\"nofollow noopener\" title=\"https:\/\/www.lexpress.fr\/monde\/europe\/ukraine-pourquoi-le-nouveau-sommet-prevu-entre-donald-trump-et-vladimir-poutine-a-ete-reporte-K4CCKKYHHBGLVOL4US3OUVFHVI\/\">une rencontre avec les Russes<\/a>, a assur\u00e9 le secr\u00e9taire d\u2019Etat am\u00e9ricain Marco Rubio tard mercredi. \u00ab\u00a0Nous serons toujours int\u00e9ress\u00e9s par un dialogue s\u2019il existe une possibilit\u00e9 de parvenir \u00e0 la paix\u00a0\u00bb, a-t-il d\u00e9clar\u00e9 \u00e0 la presse.<\/p>\n<p class=\"paragraph article-body-paragraph article__item   \">Ces annonces mercredi sont intervenues apr\u00e8s une nouvelle nuit d\u2019attaques russes dans toute l\u2019Ukraine, avec plus de 400 drones et une trentaine de missiles, qui ont fait sept morts.<\/p>\n<p><strong class=\"article-body-link-list__item text-gray-800 article-body-link-list__item--one-item\">LIRE AUSSI : <a class=\"article-body-link-list__item-link\" href=\"https:\/\/www.lexpress.fr\/monde\/europe\/yehor-cherniev-depute-ukrainien-il-est-juste-dutiliser-largent-russe-contre-moscou-CHBLAFVBS5HI3A3LDKBIX4BAYA\/\" rel=\"nofollow noopener\" target=\"_blank\">Yehor Cherniev, d\u00e9put\u00e9 ukrainien : \u00ab\u00a0Il est juste d\u2019utiliser l\u2019argent russe contre Moscou\u00a0\u00bb<\/a><\/strong><\/p>\n<p class=\"paragraph article-body-paragraph article__item   \">Les sanctions europ\u00e9ennes, dont l\u2019adoption formelle est pr\u00e9vue jeudi, pr\u00e9voient quant \u00e0 elles un arr\u00eat total des importations de gaz naturel liqu\u00e9fi\u00e9 (GNL) russe et des mesures suppl\u00e9mentaires contre la flotte fant\u00f4me de p\u00e9troliers que Moscou utilise pour contourner les sanctions occidentales.<\/p>\n<p class=\"paragraph article-body-paragraph article__item    article__text__endpicto\">S\u2019exprimant devant la presse, Mark Rutte a estim\u00e9 que cette pression collective accrue sur Moscou \u00e9tait \u00e0 m\u00eame de \u00ab\u00a0changer les calculs\u00a0\u00bb de Vladimir Poutine et de \u00ab\u00a0l\u2019amener \u00e0 la table des n\u00e9gociations\u00a0\u00bb en vue d\u2019un cessez-le-feu. \u00ab\u00a0J\u2019en suis absolument convaincu, ce ne sera peut-\u00eatre pas aujourd\u2019hui ni demain, mais nous y arriverons\u00a0\u00bb, a-t-il dit.<\/p>\n","protected":false},"excerpt":{"rendered":"Elles sont \u00ab\u00a0\u00e9normes\u00a0\u00bb selon lui : Donald Trump a laiss\u00e9 \u00e9clater son exasp\u00e9ration mercredi 22 octobre envers Vladimir&hellip;\n","protected":false},"author":2,"featured_media":483904,"comment_status":"","ping_status":"","sticky":false,"template":"","format":"standard","meta":{"footnotes":""},"categories":[1589],"tags":[11,782,73,1866,674,74,12,1864,1865,1863,308],"class_list":{"0":"post-483903","1":"post","2":"type-post","3":"status-publish","4":"format-standard","5":"has-post-thumbnail","7":"category-etats-unis","8":"tag-actualites","9":"tag-ameriques","10":"tag-etats-unis","11":"tag-etats-unis-damerique","12":"tag-europe","13":"tag-monde","14":"tag-news","15":"tag-united-states","16":"tag-united-states-of-america","17":"tag-us","18":"tag-usa"},"share_on_mastodon":{"url":"https:\/\/pubeurope.com\/@fr\/115422501745953014","error":""},"_links":{"self":[{"href":"https:\/\/www.europesays.com\/fr\/wp-json\/wp\/v2\/posts\/483903","targetHints":{"allow":["GET"]}}],"collection":[{"href":"https:\/\/www.europesays.com\/fr\/wp-json\/wp\/v2\/posts"}],"about":[{"href":"https:\/\/www.europesays.com\/fr\/wp-json\/wp\/v2\/types\/post"}],"author":[{"embeddable":true,"href":"https:\/\/www.europesays.com\/fr\/wp-json\/wp\/v2\/users\/2"}],"replies":[{"embeddable":true,"href":"https:\/\/www.europesays.com\/fr\/wp-json\/wp\/v2\/comments?post=483903"}],"version-history":[{"count":0,"href":"https:\/\/www.europesays.com\/fr\/wp-json\/wp\/v2\/posts\/483903\/revisions"}],"wp:featuredmedia":[{"embeddable":true,"href":"https:\/\/www.europesays.com\/fr\/wp-json\/wp\/v2\/media\/483904"}],"wp:attachment":[{"href":"https:\/\/www.europesays.com\/fr\/wp-json\/wp\/v2\/media?parent=483903"}],"wp:term":[{"taxonomy":"category","embeddable":true,"href":"https:\/\/www.europesays.com\/fr\/wp-json\/wp\/v2\/categories?post=483903"},{"taxonomy":"post_tag","embeddable":true,"href":"https:\/\/www.europesays.com\/fr\/wp-json\/wp\/v2\/tags?post=483903"}],"curies":[{"name":"wp","href":"https:\/\/api.w.org\/{rel}","templated":true}]}}