{"id":483905,"date":"2025-10-23T08:19:15","date_gmt":"2025-10-23T08:19:15","guid":{"rendered":"https:\/\/www.europesays.com\/fr\/483905\/"},"modified":"2025-10-23T08:19:15","modified_gmt":"2025-10-23T08:19:15","slug":"des-proprietaires-menaces-de-prison-si-leur-logement-ne-repond-pas-aux-exigences-climatiques-prudence","status":"publish","type":"post","link":"https:\/\/www.europesays.com\/fr\/483905\/","title":{"rendered":"Des propri\u00e9taires menac\u00e9s de prison si leur logement ne r\u00e9pond pas aux exigences climatiques ? Prudence"},"content":{"rendered":"<p class=\"mb-4 text-lg md:leading-8 break-words\"><strong>fake off &#8211; Une vid\u00e9o du d\u00e9put\u00e9 d\u2019extr\u00eame droite britannique, Nigel Farage aka \u00ab\u00a0Mr. Brexit\u00a0\u00bb, a refait surface sur les r\u00e9seaux sociaux. Dans cette derni\u00e8re, il d\u00e9nonce l\u2019adoption d\u2019une loi qui permettrait d\u2019emprisonner les propri\u00e9taires de passoires thermiques<\/strong><\/p>\n<p class=\"mb-4 text-lg md:leading-8 break-words\">\u00ab\u00a0Vous pourriez aller en prison\u00a0\u00bb. C\u2019est ainsi que d\u00e9bute une vid\u00e9o de Nigel Farage, fondateur du parti nationaliste <a href=\"https:\/\/www.20minutes.fr\/monde\/4130956-20241226-royaume-uni-parti-extreme-droite-reform-uk-supplante-desormais-conservateurs-nombre-adherents?at_medium=RSS%20feed&amp;at_campaign=ynews&amp;utm_source=yahoo&amp;utm_medium=rss&amp;utm_campaign=news_feed&amp;utm_content=in_article_link\" rel=\"nofollow noopener\" target=\"_blank\" data-ylk=\"slk:Reform UK;elm:context_link;itc:0;sec:content-canvas\" class=\"link \">Reform UK<\/a> aussi surnomm\u00e9 \u00ab\u00a0<a href=\"https:\/\/www.20minutes.fr\/monde\/1366625-20140504-20140504-nigel-farage-4e-vie-sortir-londres-ue?at_medium=RSS%20feed&amp;at_campaign=ynews&amp;utm_source=yahoo&amp;utm_medium=rss&amp;utm_campaign=news_feed&amp;utm_content=in_article_link\" rel=\"nofollow noopener\" target=\"_blank\" data-ylk=\"slk:Mr Brexit;elm:context_link;itc:0;sec:content-canvas\" class=\"link \">Mr Brexit<\/a>\u00a0\u00bb, partag\u00e9e par de nombreux internautes sur X et sur Facebook.<\/p>\n<p><img alt=\"[object Object]\" loading=\"lazy\" width=\"595\" height=\"845\" decoding=\"async\" data-nimg=\"1\" class=\"rounded-lg\" style=\"color:transparent\" src=\"https:\/\/www.europesays.com\/fr\/wp-content\/uploads\/2025\/10\/4b601012d1086fce4d01e620bb03eb5b.jpeg\"\/><\/p>\n<p>[object Object]<\/p>\n<p class=\"mb-4 text-lg md:leading-8 break-words\">Pendant 47 secondes, le principal opposant au Premier ministre travailliste, <a href=\"https:\/\/www.20minutes.fr\/monde\/keir-starmer\/?at_medium=RSS%20feed&amp;at_campaign=ynews&amp;utm_source=yahoo&amp;utm_medium=rss&amp;utm_campaign=news_feed&amp;utm_content=in_article_link\" rel=\"nofollow noopener\" target=\"_blank\" data-ylk=\"slk:Keir Starmer;elm:context_link;itc:0;sec:content-canvas\" class=\"link \">Keir Starmer<\/a>, d\u00e9nonce, sur un ton alarmiste, les effets notoires d\u2019un <a href=\"https:\/\/bills.parliament.uk\/bills\/3311\/publications?at_medium=RSS%20feed&amp;at_campaign=ynews&amp;utm_source=yahoo&amp;utm_medium=rss&amp;utm_campaign=news_feed&amp;utm_content=in_article_link\" rel=\"nofollow noopener\" target=\"_blank\" data-ylk=\"slk:projet de loi sur l\u2019\u00e9nergie;elm:context_link;itc:0;sec:content-canvas\" class=\"link \">projet de loi sur l\u2019\u00e9nergie<\/a>. 15.000 livres sterling d\u2019amende, soit un peu plus de 17.200 euros, voire m\u00eame de la prison\u00a0: le leader nationaliste alerte les propri\u00e9taires sur les risques qu\u2019ils encourraient si ce projet de loi, qui reprend l\u2019objectif \u00ab\u00a0z\u00e9ro \u00e9mission net en\u00a02050\u00a0\u00bb, \u00e9tait d\u00e9finitivement adopt\u00e9.<\/p>\n<p class=\"mb-4 text-lg md:leading-8 break-words\">Sur X, sous l\u2019une des publications reprenant cette vid\u00e9o, un internaute souhaitant v\u00e9rifier la v\u00e9racit\u00e9 de cette information va m\u00eame jusqu\u2019\u00e0 interpeller <a href=\"https:\/\/www.20minutes.fr\/high-tech\/4139030-20250216-quoi-grok-3-ia-developpee-elon-musk?at_medium=RSS%20feed&amp;at_campaign=ynews&amp;utm_source=yahoo&amp;utm_medium=rss&amp;utm_campaign=news_feed&amp;utm_content=in_article_link\" rel=\"nofollow noopener\" target=\"_blank\" data-ylk=\"slk:Grok;elm:context_link;itc:0;sec:content-canvas\" class=\"link \">Grok<\/a>, l\u2019assistant IA de la plateforme, qui lui confirme les faits.<\/p>\n<p>FAKE OFF<\/p>\n<p class=\"mb-4 text-lg md:leading-8 break-words\">La vid\u00e9o de Nigel Farage, qui a \u00e9t\u00e9 reprise et partag\u00e9e ces derniers jours, a en r\u00e9alit\u00e9 \u00e9t\u00e9 publi\u00e9e le 7\u00a0septembre 2023 sur son compte TikTok. A l\u2019\u00e9poque, devait \u00eatre examin\u00e9 au Parlement, en troisi\u00e8me lecture, un projet de loi sur l\u2019\u00e9nergie baptis\u00e9 \u00ab\u00a0Energy [HL] 2022-23\u00a0\u00bb.<\/p>\n<p class=\"mb-4 text-lg md:leading-8 break-words\">Lors des d\u00e9bats qui se sont tenus \u00e0 la Chambre des communes de d\u00e9but septembre \u00e0 mi-octobre\u00a02023, l\u2019un des points de crispation a port\u00e9 sur une partie du texte de loi qui autorisait le gouvernement \u00e0 \u00ab\u00a0mettre en place, si n\u00e9cessaire, de nouvelles sanctions civiles et infractions p\u00e9nales concernant la r\u00e9glementatio(&#8230;)<\/p>\n<p class=\"mb-4 text-lg md:leading-8 break-words\"><a href=\"https:\/\/www.20minutes.fr\/planete\/rechauffement-climatique\/4180622-20251023-royaume-uni-proprietaires-menaces-prison-si-logement-repond-exigences-climatiques-prudence?at_medium=RSS%20feed&amp;at_campaign=ynews&amp;utm_source=yahoo&amp;utm_medium=rss&amp;utm_campaign=news_feed&amp;utm_content=read_more_link&quot;\" rel=\"nofollow noopener\" target=\"_blank\" data-ylk=\"slk:Lire la suite sur 20minutes;elm:context_link;itc:0;sec:content-canvas\" class=\"link \">Lire la suite sur 20minutes<\/a><\/p>\n<p>\u00c0 lire aussi :<br \/><a href=\"https:\/\/www.20minutes.fr\/monde\/royaume-uni\/4132069-20250106-royaume-uni-elon-musk-juge-finalement-figure-extreme-droite-nigel-farage-fait-affaire?at_medium=RSS%20feed&amp;at_campaign=ynews&amp;utm_source=yahoo&amp;utm_medium=rss&amp;utm_campaign=news_feed&amp;utm_content=related_content_link\" rel=\"nofollow noopener\" target=\"_blank\" data-ylk=\"slk:Royaume-Uni\u00a0: Elon Musk juge finalement que la figure d\u2019extr\u00eame droite Nigel \u00ab\u00a0Farage ne fait pas l\u2019affaire\u00a0\u00bb;elm:context_link;itc:0;sec:content-canvas\" class=\"link \">Royaume-Uni\u00a0: Elon Musk juge finalement que la figure d\u2019extr\u00eame droite Nigel \u00ab\u00a0Farage ne fait pas l\u2019affaire\u00a0\u00bb<\/a><br \/><a href=\"https:\/\/www.20minutes.fr\/monde\/4131089-20241227-royaume-uni-parti-nigel-farage-revendique-plus-adherents-tories-etre-veritable-opposition?at_medium=RSS%20feed&amp;at_campaign=ynews&amp;utm_source=yahoo&amp;utm_medium=rss&amp;utm_campaign=news_feed&amp;utm_content=related_content_link\" rel=\"nofollow noopener\" target=\"_blank\" data-ylk=\"slk:Royaume-Uni\u00a0: Le parti de Nigel Farage revendique plus d\u2019adh\u00e9rents que les Tories et \u00eatre \u00ab\u00a0la v\u00e9ritable opposition\u00a0\u00bb;elm:context_link;itc:0;sec:content-canvas\" class=\"link \">Royaume-Uni\u00a0: Le parti de Nigel Farage revendique plus d\u2019adh\u00e9rents que les Tories et \u00eatre \u00ab\u00a0la v\u00e9ritable opposition\u00a0\u00bb<\/a><\/p>\n","protected":false},"excerpt":{"rendered":"fake off &#8211; Une vid\u00e9o du d\u00e9put\u00e9 d\u2019extr\u00eame droite britannique, Nigel Farage aka \u00ab\u00a0Mr. Brexit\u00a0\u00bb, a refait surface&hellip;\n","protected":false},"author":2,"featured_media":483906,"comment_status":"","ping_status":"","sticky":false,"template":"","format":"standard","meta":{"footnotes":""},"categories":[1588],"tags":[11,1777,674,2581,8550,420,12,10669,11737,473,1853,1851,1850,1852],"class_list":{"0":"post-483905","1":"post","2":"type-post","3":"status-publish","4":"format-standard","5":"has-post-thumbnail","7":"category-royaume-uni","8":"tag-actualites","9":"tag-eu","10":"tag-europe","11":"tag-keir-starmer","12":"tag-la-prison","13":"tag-loi","14":"tag-news","15":"tag-nigel-farage","16":"tag-projet-de-loi","17":"tag-royaume-uni","18":"tag-royaume-uni-de-grande-bretagne-et-dirlande-du-nord","19":"tag-uk","20":"tag-united-kingdom","21":"tag-united-kingdom-of-great-britain-and-northern-ireland"},"share_on_mastodon":{"url":"https:\/\/pubeurope.com\/@fr\/115422506260801559","error":""},"_links":{"self":[{"href":"https:\/\/www.europesays.com\/fr\/wp-json\/wp\/v2\/posts\/483905","targetHints":{"allow":["GET"]}}],"collection":[{"href":"https:\/\/www.europesays.com\/fr\/wp-json\/wp\/v2\/posts"}],"about":[{"href":"https:\/\/www.europesays.com\/fr\/wp-json\/wp\/v2\/types\/post"}],"author":[{"embeddable":true,"href":"https:\/\/www.europesays.com\/fr\/wp-json\/wp\/v2\/users\/2"}],"replies":[{"embeddable":true,"href":"https:\/\/www.europesays.com\/fr\/wp-json\/wp\/v2\/comments?post=483905"}],"version-history":[{"count":0,"href":"https:\/\/www.europesays.com\/fr\/wp-json\/wp\/v2\/posts\/483905\/revisions"}],"wp:featuredmedia":[{"embeddable":true,"href":"https:\/\/www.europesays.com\/fr\/wp-json\/wp\/v2\/media\/483906"}],"wp:attachment":[{"href":"https:\/\/www.europesays.com\/fr\/wp-json\/wp\/v2\/media?parent=483905"}],"wp:term":[{"taxonomy":"category","embeddable":true,"href":"https:\/\/www.europesays.com\/fr\/wp-json\/wp\/v2\/categories?post=483905"},{"taxonomy":"post_tag","embeddable":true,"href":"https:\/\/www.europesays.com\/fr\/wp-json\/wp\/v2\/tags?post=483905"}],"curies":[{"name":"wp","href":"https:\/\/api.w.org\/{rel}","templated":true}]}}