{"id":48391,"date":"2025-04-24T05:34:11","date_gmt":"2025-04-24T05:34:11","guid":{"rendered":"https:\/\/www.europesays.com\/fr\/48391\/"},"modified":"2025-04-24T05:34:11","modified_gmt":"2025-04-24T05:34:11","slug":"avant-le-reflexe-aurait-ete-de-demolir-a-paris-les-architectes-ne-jurent-plus-que-par-la-renovation","status":"publish","type":"post","link":"https:\/\/www.europesays.com\/fr\/48391\/","title":{"rendered":"\u00ab\u00a0Avant, le r\u00e9flexe aurait \u00e9t\u00e9 de d\u00e9molir\u00a0\u00bb\u00a0: \u00e0 Paris, les architectes ne jurent plus que par la r\u00e9novation"},"content":{"rendered":"<p class=\"paragraph text_align_left\">Plus de dix ans que le projet \u00e9tait en cours. De l\u2019acquisition de ce parking \u00e0 niveaux de la rue Legendre (<a href=\"https:\/\/www.leparisien.fr\/immobilier\/les-voies-pietonnes-de-paris-la-rue-de-levis-un-village-typique-au-coeur-du-xviie-arrondissement-22-12-2022-WHBV36UMPJHT5OZRBVRQVH57ZU.php\" target=\"_blank\" rel=\"nofollow noopener\">XVIIe arrondissement<\/a>), \u00e0 moiti\u00e9 vide au d\u00e9but des ann\u00e9es 2010, \u00e0 la livraison au printemps 2025 d\u2019un \u00e9crin de plus de 10 000 m2, \u00e0 l\u2019architecture remarquable et aux usages divers. <\/p>\n<p class=\"paragraph text_align_left\">Baptis\u00e9 la Fondation, le projet r\u00e9unit un h\u00f4tel 5 \u00e9toiles (58 chambres), des bureaux d\u00e9cor\u00e9s, un restaurant, une salle de sport (avec un mur d\u2019escalade, une piscine de 25 m) ou encore un rooftop.<\/p>\n","protected":false},"excerpt":{"rendered":"Plus de dix ans que le projet \u00e9tait en cours. De l\u2019acquisition de ce parking \u00e0 niveaux de&hellip;\n","protected":false},"author":2,"featured_media":48392,"comment_status":"","ping_status":"","sticky":false,"template":"","format":"standard","meta":{"footnotes":""},"categories":[1888],"tags":[11,1777,674,1011,27,1116,1944,12,626,25],"class_list":{"0":"post-48391","1":"post","2":"type-post","3":"status-publish","4":"format-standard","5":"has-post-thumbnail","7":"category-paris","8":"tag-actualites","9":"tag-eu","10":"tag-europe","11":"tag-fr","12":"tag-france","13":"tag-immobilier","14":"tag-ma-ville","15":"tag-news","16":"tag-paris","17":"tag-republique-francaise"},"share_on_mastodon":{"url":"https:\/\/pubeurope.com\/@fr\/114391316412466956","error":""},"_links":{"self":[{"href":"https:\/\/www.europesays.com\/fr\/wp-json\/wp\/v2\/posts\/48391","targetHints":{"allow":["GET"]}}],"collection":[{"href":"https:\/\/www.europesays.com\/fr\/wp-json\/wp\/v2\/posts"}],"about":[{"href":"https:\/\/www.europesays.com\/fr\/wp-json\/wp\/v2\/types\/post"}],"author":[{"embeddable":true,"href":"https:\/\/www.europesays.com\/fr\/wp-json\/wp\/v2\/users\/2"}],"replies":[{"embeddable":true,"href":"https:\/\/www.europesays.com\/fr\/wp-json\/wp\/v2\/comments?post=48391"}],"version-history":[{"count":0,"href":"https:\/\/www.europesays.com\/fr\/wp-json\/wp\/v2\/posts\/48391\/revisions"}],"wp:featuredmedia":[{"embeddable":true,"href":"https:\/\/www.europesays.com\/fr\/wp-json\/wp\/v2\/media\/48392"}],"wp:attachment":[{"href":"https:\/\/www.europesays.com\/fr\/wp-json\/wp\/v2\/media?parent=48391"}],"wp:term":[{"taxonomy":"category","embeddable":true,"href":"https:\/\/www.europesays.com\/fr\/wp-json\/wp\/v2\/categories?post=48391"},{"taxonomy":"post_tag","embeddable":true,"href":"https:\/\/www.europesays.com\/fr\/wp-json\/wp\/v2\/tags?post=48391"}],"curies":[{"name":"wp","href":"https:\/\/api.w.org\/{rel}","templated":true}]}}