{"id":483921,"date":"2025-10-23T08:29:13","date_gmt":"2025-10-23T08:29:13","guid":{"rendered":"https:\/\/www.europesays.com\/fr\/483921\/"},"modified":"2025-10-23T08:29:13","modified_gmt":"2025-10-23T08:29:13","slug":"varvara-gracheva-sincline-contre-belinda-bencic-au-deuxieme-tour-a-tokyo-lequipe","status":"publish","type":"post","link":"https:\/\/www.europesays.com\/fr\/483921\/","title":{"rendered":"Varvara Gracheva s&#039;incline contre Belinda Bencic au deuxi\u00e8me tour \u00e0 Tokyo &#8211; L&#039;\u00c9quipe"},"content":{"rendered":"<ol>\n<li><a href=\"https:\/\/news.google.com\/rss\/articles\/CBMivwFBVV95cUxONVhfVW5lX0s4T3RCZC1xYWFGblltUzY1T1htUThBSXZMbTB0Ti1oUER5aVZoYUdSc1BKOTQxT1hvUjBmV3hNVThfeHpULVNsQTk0aE1VM1NUanlzNDJNYkNJNFhsa0dyWmNPbmtOOWFLWVVQUEJIeWg3cDJPN2ZUeDB5X3pxZ3UzSWpMYW5lRVg0d2hkSXVDUkNCbFVYTFlEV3k0RENfSmdpa0d5TEF5VVQ4OGc0OXRYdFc5bHc2WQ?oc=5\" target=\"_blank\" rel=\"nofollow noopener\">Varvara Gracheva s&rsquo;incline contre Belinda Bencic au deuxi\u00e8me tour \u00e0 Tokyo<\/a>&nbsp;&nbsp;L&rsquo;\u00c9quipe<\/li>\n<li><a href=\"https:\/\/news.google.com\/rss\/articles\/CBMisAFBVV95cUxPcmtMMmoyQ2pLN2xSODVnSnJRUFFsNEVVOVo4Z0xOZ3RId0s5OFZIRGtfX1QzUW9FUm9xQ3d3SVM1ZFJjUXo3OVdRWFpmVlc1ZEJIam1lTm1LdTdIaXVYM01BaElpbnNnR0ZabVRUV0JIWnU1ek11YjJHQjZzR19ST19TdERlaUM4Q2FoYVlZZzgtYTRkdW5KdXV6N214QUVQUzc2aE1HZVBPQS1HMlF2ZNIBrwFBVV95cUxOdlRDZzBqdTFVWnlvR2xmQkRPVjlJQ18xZkp2V2ZEZnRpeG5wN1YtYUg4Y0dfUmhwNG9sN0gtdE9zN3JHWjlVSXgxTjhQV0YwbTZHTXNzZ0dQaFBSWW9VdmtBMXFPYThEaDJjd0lsUHpRQ0NiMHJzVnJwdm1IMlktOGVzaVFoaFVEM3daSnRRczJWeXBmb3V2ZExOcTJQVW1WMXhtQjJIZHd0T1E0cEtr?oc=5\" target=\"_blank\" rel=\"nofollow noopener\">WTA &#8211; Tokyo : Gracheva chute en huiti\u00e8mes de finale : Sports &#8211; Orange<\/a>&nbsp;&nbsp;Sports &#8211; Orange<\/li>\n<li><a href=\"https:\/\/news.google.com\/rss\/articles\/CBMipgFBVV95cUxQUEI2LXVzd3k3UVBRRURnT2ZONk01OGo0Y1R4M3YzbWFQZ2J4ZTh3TzNqaFlXLU44dmgzZGJjMmk4RmNjSjJxanBlUnNuUzZhYlBWRXJNWFB1bWdKSUR2YWhvRGV4RkpLZjFTNkxjTWlUVFdrQXBVdGF2Wng0R05abkZnMk50T0cxUTRkRGV0UUR3d08zS2lzYWp2eE1PN0lVT21fN013?oc=5\" target=\"_blank\" rel=\"nofollow noopener\">Tennis: Varvara Gracheva s\u2019incline au second tour \u00e0 Tokyo<\/a>&nbsp;&nbsp;Le Figaro<\/li>\n<li><a href=\"https:\/\/news.google.com\/rss\/articles\/CBMiywFBVV95cUxQZ3cxMEgxZF85Qy1HMmNXemNGTlduVWxoT1lBalNYRlFCVTNXUlBmcW85cXQxc0YwVzRnNWlzbTloaEdPb3NSN0ZwalVqU0VaRk05X3pkVW9LWHowaGRjS2FkakZKeEFXUTNXdFcyQUFEZ0F0R18xSVZiMDVIQXllWnFESVl3X0xXSlY0YWRSNUl5NjR2YUpxbEY1bWFhbDQtLTI5M2M1bE5YRXVjNmpMZ003Mzc3eExpVURmaHR2SE1ubnJDMUpWYm5XOA?oc=5\" target=\"_blank\" rel=\"nofollow noopener\">Belinda Bencic en quart de finale<\/a>&nbsp;&nbsp;rts.ch<\/li>\n<li><a href=\"https:\/\/news.google.com\/rss\/articles\/CBMitgFBVV95cUxOUGJrOURTQ1ZScVFUUEpnQ3NpNjNTeDhpcmpsQUJqMEIzVVpvLU1hNE9XcmpIbjNTQ29HSkkxZUg0aEZtd3V0OEE0dTEzdWRYRHNQbnRwNEJ2ZEh6UnRnakpHT3Y2Z1piVHNkREQ1WGF0a3U4SklROHhja1RjQnpvTjh4X3d5emc3ZlJGc295UVpLaW1GX1hfOWtGb3FWc3k5QlpiUl9pTDJuY3d0TEZZX1RCQllod9IBtgFBVV95cUxNdUcyd3RxMi1VTjU2UE93dDBfNXJSOXh3LWJscDFVdkdVNTdkSmIyWkF5bjM4ZHp1c0pBMkFhS1ZXaEk3VlctbzVsS21zdVZWVWhIQnpuUVQ4TmRqSHBYNWV1YTdRLVV1a3R2eUcxaU4yZnlCX29HV1laQ25iMDR4TGlWc1VFa1BRWlViTmFpVHZjemhOWjUtTFktUEZwdEhTb3NPak52bnd4Wlh5eGpfSjQ2ZUtwdw?oc=5\" target=\"_blank\" rel=\"nofollow noopener\">WTA &#8211; Tokyo: Gracheva encha\u00eene ? Fernandez-Rybakina : horaires et diffusion TV<\/a>&nbsp;&nbsp;tennisactu.net<\/li>\n<\/ol>\n","protected":false},"excerpt":{"rendered":"Varvara Gracheva s&rsquo;incline contre Belinda Bencic au deuxi\u00e8me tour \u00e0 Tokyo&nbsp;&nbsp;L&rsquo;\u00c9quipe WTA &#8211; Tokyo : Gracheva chute en&hellip;\n","protected":false},"author":2,"featured_media":483922,"comment_status":"","ping_status":"","sticky":false,"template":"","format":"standard","meta":{"footnotes":""},"categories":[1415],"tags":[1011,27,60,1467],"class_list":{"0":"post-483921","1":"post","2":"type-post","3":"status-publish","4":"format-standard","5":"has-post-thumbnail","7":"category-tennis","8":"tag-fr","9":"tag-france","10":"tag-sports","11":"tag-tennis"},"share_on_mastodon":{"url":"https:\/\/pubeurope.com\/@fr\/115422544697901333","error":""},"_links":{"self":[{"href":"https:\/\/www.europesays.com\/fr\/wp-json\/wp\/v2\/posts\/483921","targetHints":{"allow":["GET"]}}],"collection":[{"href":"https:\/\/www.europesays.com\/fr\/wp-json\/wp\/v2\/posts"}],"about":[{"href":"https:\/\/www.europesays.com\/fr\/wp-json\/wp\/v2\/types\/post"}],"author":[{"embeddable":true,"href":"https:\/\/www.europesays.com\/fr\/wp-json\/wp\/v2\/users\/2"}],"replies":[{"embeddable":true,"href":"https:\/\/www.europesays.com\/fr\/wp-json\/wp\/v2\/comments?post=483921"}],"version-history":[{"count":0,"href":"https:\/\/www.europesays.com\/fr\/wp-json\/wp\/v2\/posts\/483921\/revisions"}],"wp:featuredmedia":[{"embeddable":true,"href":"https:\/\/www.europesays.com\/fr\/wp-json\/wp\/v2\/media\/483922"}],"wp:attachment":[{"href":"https:\/\/www.europesays.com\/fr\/wp-json\/wp\/v2\/media?parent=483921"}],"wp:term":[{"taxonomy":"category","embeddable":true,"href":"https:\/\/www.europesays.com\/fr\/wp-json\/wp\/v2\/categories?post=483921"},{"taxonomy":"post_tag","embeddable":true,"href":"https:\/\/www.europesays.com\/fr\/wp-json\/wp\/v2\/tags?post=483921"}],"curies":[{"name":"wp","href":"https:\/\/api.w.org\/{rel}","templated":true}]}}