{"id":483923,"date":"2025-10-23T08:31:07","date_gmt":"2025-10-23T08:31:07","guid":{"rendered":"https:\/\/www.europesays.com\/fr\/483923\/"},"modified":"2025-10-23T08:31:07","modified_gmt":"2025-10-23T08:31:07","slug":"equipementier-la-fede-de-basket-scelle-enfin-le-mariage-avec-majestee-lequotidien","status":"publish","type":"post","link":"https:\/\/www.europesays.com\/fr\/483923\/","title":{"rendered":"Equipementier : La F\u00e9d\u00e9 de basket scelle (enfin) le mariage avec \u00abMajestee\u00bb &#8211; Lequotidien"},"content":{"rendered":"<p>La F\u00e9d\u00e9ration s\u00e9n\u00e9galaise de basket et l\u2019\u00e9quipementier \u00abMajestee\u00bb ont sign\u00e9, samedi, un partenariat de deux ans. La c\u00e9r\u00e9monie s\u2019est d\u00e9roul\u00e9e \u00e0 l\u2019h\u00f4tel Park Hyatt Vend\u00f4me, \u00e0 Paris, entre le pr\u00e9sident de l\u2019instance f\u00e9d\u00e9rale, Me Babacar Ndiaye, et le patron de la marque, le S\u00e9n\u00e9galais Ousmane Kamara, en pr\u00e9sence du premier vice-pr\u00e9sident de la F\u00e9d\u00e9, l\u2019ancien international s\u00e9n\u00e9galais Gorgui Sy Dieng. Dans le communiqu\u00e9, il est indiqu\u00e9 que \u00ables deux parties ont convenu d\u2019un partenariat de deux ans qui couvre toutes les \u00e9quipes nationales des diff\u00e9rentes cat\u00e9gories en gar\u00e7ons et filles, et un apport financier qui sera vers\u00e9 \u00e0 l\u2019instance\u00bb. Une collaboration qui avait d\u00e9but\u00e9 lors de la derni\u00e8re fen\u00eatre des \u00e9liminatoires de l\u2019Afrobasket masculin, en novembre dernier \u00e0 Dakar.<\/p>\n<p>La marque \u00abMajestee\u00bb a \u00e9t\u00e9 choisie pour habiller la d\u00e9l\u00e9gation s\u00e9n\u00e9galaise aux Jeux Olympiques de Paris 2024. Elle avait aussi habill\u00e9 la d\u00e9l\u00e9gation s\u00e9n\u00e9galaise lors des derniers Jeux africains.<\/p>\n<p>Rappelons que le S\u00e9n\u00e9gal va prendre part \u00e0 la derni\u00e8re fen\u00eatre des \u00e9liminatoires de l\u2019Afrobasket, pr\u00e9vue \u00e0 partir du 21 f\u00e9vrier prochain \u00e0 Rabat au Maroc. Leaders du Groupe C avec trois victoires en autant de sorties, les Lions (6 pts) sont presque assur\u00e9s de se qualifier pour la phase finale. Le Cameroun (5 pts) occupe la deuxi\u00e8me place devant le Rwanda (4 pts) et le Gabon (3 pts).<br \/><strong>wdiallo@lequotidien.sn<\/strong><\/p>\n","protected":false},"excerpt":{"rendered":"La F\u00e9d\u00e9ration s\u00e9n\u00e9galaise de basket et l\u2019\u00e9quipementier \u00abMajestee\u00bb ont sign\u00e9, samedi, un partenariat de deux ans. La c\u00e9r\u00e9monie&hellip;\n","protected":false},"author":2,"featured_media":483924,"comment_status":"","ping_status":"","sticky":false,"template":"","format":"standard","meta":{"footnotes":""},"categories":[1414],"tags":[1465,1464,1011,27,60],"class_list":{"0":"post-483923","1":"post","2":"type-post","3":"status-publish","4":"format-standard","5":"has-post-thumbnail","7":"category-basket","8":"tag-basket","9":"tag-basketball","10":"tag-fr","11":"tag-france","12":"tag-sports"},"share_on_mastodon":{"url":"https:\/\/pubeurope.com\/@fr\/115422552648910767","error":""},"_links":{"self":[{"href":"https:\/\/www.europesays.com\/fr\/wp-json\/wp\/v2\/posts\/483923","targetHints":{"allow":["GET"]}}],"collection":[{"href":"https:\/\/www.europesays.com\/fr\/wp-json\/wp\/v2\/posts"}],"about":[{"href":"https:\/\/www.europesays.com\/fr\/wp-json\/wp\/v2\/types\/post"}],"author":[{"embeddable":true,"href":"https:\/\/www.europesays.com\/fr\/wp-json\/wp\/v2\/users\/2"}],"replies":[{"embeddable":true,"href":"https:\/\/www.europesays.com\/fr\/wp-json\/wp\/v2\/comments?post=483923"}],"version-history":[{"count":0,"href":"https:\/\/www.europesays.com\/fr\/wp-json\/wp\/v2\/posts\/483923\/revisions"}],"wp:featuredmedia":[{"embeddable":true,"href":"https:\/\/www.europesays.com\/fr\/wp-json\/wp\/v2\/media\/483924"}],"wp:attachment":[{"href":"https:\/\/www.europesays.com\/fr\/wp-json\/wp\/v2\/media?parent=483923"}],"wp:term":[{"taxonomy":"category","embeddable":true,"href":"https:\/\/www.europesays.com\/fr\/wp-json\/wp\/v2\/categories?post=483923"},{"taxonomy":"post_tag","embeddable":true,"href":"https:\/\/www.europesays.com\/fr\/wp-json\/wp\/v2\/tags?post=483923"}],"curies":[{"name":"wp","href":"https:\/\/api.w.org\/{rel}","templated":true}]}}