{"id":483933,"date":"2025-10-23T08:38:14","date_gmt":"2025-10-23T08:38:14","guid":{"rendered":"https:\/\/www.europesays.com\/fr\/483933\/"},"modified":"2025-10-23T08:38:14","modified_gmt":"2025-10-23T08:38:14","slug":"brigitte-bardot-forcee-de-dementir-la-rumeur-de-sa-mort-prenant-de-lampleur-sur-les-reseaux","status":"publish","type":"post","link":"https:\/\/www.europesays.com\/fr\/483933\/","title":{"rendered":"Brigitte Bardot forc\u00e9e de d\u00e9mentir la rumeur de sa mort, prenant de l\u2019ampleur sur les r\u00e9seaux"},"content":{"rendered":"<p>        <img decoding=\"async\" loading=\"lazy\" src=\"https:\/\/www.europesays.com\/fr\/wp-content\/uploads\/2025\/10\/127ddc7_1658619310500-613752f22800003f1271f3e1.jpeg\"  width=\"728\" height=\"409\" alt=\"Brigitte Bardot, ici en 2006, continue de d\u00e9fendre la cause animale \u00e0 91\u00a0ans, apr\u00e8s avoir tir\u00e9 un trait sur sa carri\u00e8re d\u2019actrice.\"\/>  <\/p>\n<p>Francois Lenoir via Reuters<\/p>\n<p>Brigitte Bardot, ici en 2006, continue de d\u00e9fendre la cause animale \u00e0 91\u00a0ans, apr\u00e8s avoir tir\u00e9 un trait sur sa carri\u00e8re d\u2019actrice.<\/p>\n<p class=\"asset asset-text\">PEOPLE &#8211; \u00ab\u00a0\u00c0 bon entendeur.\u00a0\u00bb Non, <a href=\"https:\/\/www.huffingtonpost.fr\/people\/article\/brigitte-bardot-donne-des-nouvelles-rassurantes-apres-une-hospitalisation_256122.html\" rel=\"nofollow noopener\" target=\"_blank\">Brigitte Bardot<\/a> n\u2019est pas morte, et elle tient \u00e0 le faire savoir. Elle a assur\u00e9 aller bien, mercredi 22\u00a0octobre au soir, dans un message sur le r\u00e9seau social <a href=\"https:\/\/www.huffingtonpost.fr\/justice\/article\/le-reseau-social-d-elon-musk-vise-par-une-enquete-pour-ingerence-en-france_252517.html\" rel=\"nofollow noopener\" target=\"_blank\">X<\/a>, en r\u00e9ponse \u00e0 des rumeurs en ligne \u00e9voquant son d\u00e9c\u00e8s.<\/p>\n<p class=\"asset asset-text\">\u00ab\u00a0Je ne sais pas quel est l\u2019imb\u00e9cile qui a lanc\u00e9 ce soir cette \u201cfake news\u201d sur ma disparition mais sachez que je vais bien et que je n\u2019ai pas l\u2019intention de tirer ma r\u00e9v\u00e9rence\u00a0\u00bb, a indiqu\u00e9 l\u2019<a href=\"https:\/\/www.huffingtonpost.fr\/culture\/article\/brigitte-bardot-n-est-pas-tendre-avec-la-serie-biopic-de-france-2_212205.html\" rel=\"nofollow noopener\" target=\"_blank\">ic\u00f4ne du cin\u00e9ma fran\u00e7ais<\/a>, \u00e2g\u00e9e de 91\u00a0ans.<\/p>\n<p class=\"asset asset-text\">Plus t\u00f4t dans la journ\u00e9e, l\u2019influenceur Aqababe avait assur\u00e9 sur ses r\u00e9seaux sociaux que l\u2019ancienne actrice \u00e9tait d\u00e9c\u00e9d\u00e9e. \u00ab\u00a0J\u2019ai supprim\u00e9 mon tweet exclusif concernant le d\u00e9c\u00e8s de Brigitte Bardot\u00a0\u00bb, a-t-il r\u00e9agi sur X apr\u00e8s le d\u00e9menti de l\u2019int\u00e9ress\u00e9e.<\/p>\n<p>         <img decoding=\"async\" loading=\"lazy\" src=\"https:\/\/www.europesays.com\/fr\/wp-content\/uploads\/2025\/10\/ee56356_upload-1-y7kzu41diglg-capture-da-ei-cran-2025-10-23-ai-08-16-36.png\"  width=\"728\" height=\"226\" alt=\"Sur X, Brigitte Bardot a d\u00e9menti la rumeur de son d\u00e9c\u00e8s.\"\/>  <\/p>\n<p>X @brigitte_bardot<\/p>\n<p>Sur X, Brigitte Bardot a d\u00e9menti la rumeur de son d\u00e9c\u00e8s.<\/p>\n<p class=\"asset asset-text\"><a href=\"https:\/\/www.huffingtonpost.fr\/culture\/article\/brigitte-bardot-fete-ses-90-ans-et-reclame-un-curieux-cadeau-a-ursula-von-der-leyen_240211.html\" rel=\"nofollow noopener\" target=\"_blank\">Brigitte Bardot<\/a> \u00e9tait rentr\u00e9e chez elle vendredi 17\u00a0octobre apr\u00e8s \u00ab\u00a0une l\u00e9g\u00e8re intervention chirurgicale\u00a0\u00bb qui avait n\u00e9cessit\u00e9 son hospitalisation \u00e0 Toulon (Var), avait indiqu\u00e9 la semaine derni\u00e8re son secr\u00e9tariat \u00e0 l\u2019AFP.<\/p>\n<p class=\"asset asset-text\">\u00ab\u00a0BB\u00a0\u00bb, qui a tir\u00e9 un trait sur le cin\u00e9ma dans les ann\u00e9es 1970 pour se consacrer \u00e0 la cause animale, vit entre sa c\u00e9l\u00e8bre r\u00e9sidence de La Madrague \u00e0 <a href=\"https:\/\/www.huffingtonpost.fr\/france\/article\/meteo-les-images-impressionnantes-de-saint-tropez-inonde-le-var-en-vigilance-orange_241422.html\" rel=\"nofollow noopener\" target=\"_blank\">Saint-Tropez<\/a>, dans le sud de la France, et une seconde maison cach\u00e9e dans la verdure, La Garrigue, abritant des animaux et une chapelle priv\u00e9e.<\/p>\n<p class=\"asset asset-text\">En mai dernier, dans une interview \u00e0 BFMTV, elle avait assur\u00e9 vivre \u00ab\u00a0comme une fermi\u00e8re\u00a0\u00bb entour\u00e9e de ses moutons, ses cochons, ses chiens, ses chats, son \u00e2ne et sa ponette et ne poss\u00e9der \u00ab\u00a0ni portable, ni ordinateur\u00a0\u00bb.<\/p>\n<p class=\"asset asset-text\">L\u2019influenceur Aqababe, qui s\u2019est fait une sp\u00e9cialit\u00e9 des informations \u00e0 scandale sur les c\u00e9l\u00e9brit\u00e9s et acteurs de t\u00e9l\u00e9r\u00e9alit\u00e9, avait soutenu au printemps avoir retrouv\u00e9 en Asie Xavier Dupont de Ligonn\u00e8s, recherch\u00e9 depuis 2011 pour un quintuple assassinat familial. Le parquet de Nantes avait d\u00e9menti.<\/p>\n","protected":false},"excerpt":{"rendered":"Francois Lenoir via Reuters Brigitte Bardot, ici en 2006, continue de d\u00e9fendre la cause animale \u00e0 91\u00a0ans, apr\u00e8s&hellip;\n","protected":false},"author":2,"featured_media":483934,"comment_status":"","ping_status":"","sticky":false,"template":"","format":"standard","meta":{"footnotes":""},"categories":[1359],"tags":[20224,58,59,1011,27,973,178],"class_list":{"0":"post-483933","1":"post","2":"type-post","3":"status-publish","4":"format-standard","5":"has-post-thumbnail","7":"category-people","8":"tag-brigitte-bardot","9":"tag-divertissement","10":"tag-entertainment","11":"tag-fr","12":"tag-france","13":"tag-people","14":"tag-rumeur"},"share_on_mastodon":{"url":"https:\/\/pubeurope.com\/@fr\/115422581130516457","error":""},"_links":{"self":[{"href":"https:\/\/www.europesays.com\/fr\/wp-json\/wp\/v2\/posts\/483933","targetHints":{"allow":["GET"]}}],"collection":[{"href":"https:\/\/www.europesays.com\/fr\/wp-json\/wp\/v2\/posts"}],"about":[{"href":"https:\/\/www.europesays.com\/fr\/wp-json\/wp\/v2\/types\/post"}],"author":[{"embeddable":true,"href":"https:\/\/www.europesays.com\/fr\/wp-json\/wp\/v2\/users\/2"}],"replies":[{"embeddable":true,"href":"https:\/\/www.europesays.com\/fr\/wp-json\/wp\/v2\/comments?post=483933"}],"version-history":[{"count":0,"href":"https:\/\/www.europesays.com\/fr\/wp-json\/wp\/v2\/posts\/483933\/revisions"}],"wp:featuredmedia":[{"embeddable":true,"href":"https:\/\/www.europesays.com\/fr\/wp-json\/wp\/v2\/media\/483934"}],"wp:attachment":[{"href":"https:\/\/www.europesays.com\/fr\/wp-json\/wp\/v2\/media?parent=483933"}],"wp:term":[{"taxonomy":"category","embeddable":true,"href":"https:\/\/www.europesays.com\/fr\/wp-json\/wp\/v2\/categories?post=483933"},{"taxonomy":"post_tag","embeddable":true,"href":"https:\/\/www.europesays.com\/fr\/wp-json\/wp\/v2\/tags?post=483933"}],"curies":[{"name":"wp","href":"https:\/\/api.w.org\/{rel}","templated":true}]}}