{"id":483935,"date":"2025-10-23T08:39:10","date_gmt":"2025-10-23T08:39:10","guid":{"rendered":"https:\/\/www.europesays.com\/fr\/483935\/"},"modified":"2025-10-23T08:39:10","modified_gmt":"2025-10-23T08:39:10","slug":"rencontre-avec-le-journaliste-congolais-paul-sengenya","status":"publish","type":"post","link":"https:\/\/www.europesays.com\/fr\/483935\/","title":{"rendered":"rencontre avec le journaliste congolais Paul Sengenya"},"content":{"rendered":"\n<p>Depuis le d\u00e9but de l\u2019ann\u00e9e 2025, des territoires de l\u2019est de la R\u00e9publique d\u00e9mocratique du Congo (RDC) dans les provinces du Nord-Kivu et du Sud-Kivu sont occup\u00e9s par le mouvement rebelle du M23, soutenu par le Rwanda. Cette prise de contr\u00f4le s\u2019est accompagn\u00e9e de multiples atteintes aux droits humains et de d\u00e9placements massifs de populations, mais aussi de l\u2019installation d\u2019une administration parall\u00e8le.<\/p>\n<p><strong>The New Humanitarian<\/strong> s\u2019est int\u00e9ress\u00e9 au quotidien des habitants de ces zones conquises. En octobre, le m\u00e9dia ind\u00e9pendant install\u00e9 \u00e0 Gen\u00e8ve a publi\u00e9 une s\u00e9rie d\u2019articles d\u00e9crivant la situation sur place. Les journalistes, \u00e9crivant sous pseudonyme, d\u00e9crivent les bouleversements de l\u2019\u00e9conomie locale, les tentatives des rebelles pour gagner le soutien de la population ainsi que la litanie d\u2019abus, d\u2019arrestations et de disparitions forc\u00e9es. Apr\u00e8s avoir traduit le premier volet de cette s\u00e9rie (voir ci-dessus), Courrier international s\u2019est entretenu avec Claude Sengenya, journaliste congolais qui a supervis\u00e9 le travail des reporters.<\/p>\n<p><strong>COURRIER INTERNATIONAL\u00a0: Comment est n\u00e9 le projet d\u2019une s\u00e9rie de reportages sur les territoires de l\u2019est de la RDC tenus par les rebelles du M23\u00a0?<\/strong><\/p>\n<p><strong>Claude Sengenya<\/strong>\u00a0: Depuis pr\u00e8s de quatre ans, l\u2019est de la RDC vit un nouveau cycle de conflits avec la r\u00e9surgenc<\/p>\n","protected":false},"excerpt":{"rendered":"Depuis le d\u00e9but de l\u2019ann\u00e9e 2025, des territoires de l\u2019est de la R\u00e9publique d\u00e9mocratique du Congo (RDC) dans&hellip;\n","protected":false},"author":2,"featured_media":483936,"comment_status":"","ping_status":"","sticky":false,"template":"","format":"standard","meta":{"footnotes":""},"categories":[1358],"tags":[879,1348,1384,1385,1386,58,59,1011,27,1892,46393,60669,60668,17344],"class_list":{"0":"post-483935","1":"post","2":"type-post","3":"status-publish","4":"format-standard","5":"has-post-thumbnail","7":"category-arts-et-design","8":"tag-afrique","9":"tag-arts","10":"tag-arts-and-design","11":"tag-arts-et-design","12":"tag-design","13":"tag-divertissement","14":"tag-entertainment","15":"tag-fr","16":"tag-france","17":"tag-gu00e9opolitique","18":"tag-kivu","19":"tag-m23-mouvement-du-23-mars","20":"tag-ru00e9p-du00e9m-du-congo-rdc","21":"tag-vidu00e9o"},"share_on_mastodon":{"url":"https:\/\/pubeurope.com\/@fr\/115422584138951641","error":""},"_links":{"self":[{"href":"https:\/\/www.europesays.com\/fr\/wp-json\/wp\/v2\/posts\/483935","targetHints":{"allow":["GET"]}}],"collection":[{"href":"https:\/\/www.europesays.com\/fr\/wp-json\/wp\/v2\/posts"}],"about":[{"href":"https:\/\/www.europesays.com\/fr\/wp-json\/wp\/v2\/types\/post"}],"author":[{"embeddable":true,"href":"https:\/\/www.europesays.com\/fr\/wp-json\/wp\/v2\/users\/2"}],"replies":[{"embeddable":true,"href":"https:\/\/www.europesays.com\/fr\/wp-json\/wp\/v2\/comments?post=483935"}],"version-history":[{"count":0,"href":"https:\/\/www.europesays.com\/fr\/wp-json\/wp\/v2\/posts\/483935\/revisions"}],"wp:featuredmedia":[{"embeddable":true,"href":"https:\/\/www.europesays.com\/fr\/wp-json\/wp\/v2\/media\/483936"}],"wp:attachment":[{"href":"https:\/\/www.europesays.com\/fr\/wp-json\/wp\/v2\/media?parent=483935"}],"wp:term":[{"taxonomy":"category","embeddable":true,"href":"https:\/\/www.europesays.com\/fr\/wp-json\/wp\/v2\/categories?post=483935"},{"taxonomy":"post_tag","embeddable":true,"href":"https:\/\/www.europesays.com\/fr\/wp-json\/wp\/v2\/tags?post=483935"}],"curies":[{"name":"wp","href":"https:\/\/api.w.org\/{rel}","templated":true}]}}