{"id":483937,"date":"2025-10-23T08:40:11","date_gmt":"2025-10-23T08:40:11","guid":{"rendered":"https:\/\/www.europesays.com\/fr\/483937\/"},"modified":"2025-10-23T08:40:11","modified_gmt":"2025-10-23T08:40:11","slug":"le-livre-de-la-semaine-tant-mieux-damelie-nothomb","status":"publish","type":"post","link":"https:\/\/www.europesays.com\/fr\/483937\/","title":{"rendered":"Le livre de la semaine : \u00ab\u00a0Tant mieux\u00a0\u00bb d&rsquo;Am\u00e9lie Nothomb"},"content":{"rendered":"<p>Pas de rentr\u00e9e litt\u00e9raire sans le nouveau roman d\u2019Am\u00e9lie Nothomb. Depuis trente-deux ans, la m\u00e9canique est pr\u00e9cise, fruit de quatre heures d\u2019\u00e9criture quotidienne et matinale (de 4 h \u00e0 8h du matin), inn\u00e9gociable m\u00eame dans les pires moments.\u00a0<br \/>Ces romans sont courts (200 pages), pas toujours d\u2019\u00e9gale valeur : comment surpasser Soif qui reste un tr\u00e9sor ? \u00a0Tant mieux, le nouvel opus. Cela aurait pu s\u2019appeler le Livre de ma m\u00e8re mais le titre est d\u00e9j\u00e0 pris par Albert Cohen en 1954. Car il s\u2019agit bien de la vie d\u2019Adrienne n\u00e9e le 17 janvier 1938, la m\u00e8re de l\u2019autrice : \u00ab J\u2019ai voulu tellement l\u2019\u00e9crire \u00e0 la premi\u00e8re personne. J\u2019ai d\u00e9couvert que j\u2019en \u00e9tais incapable. C\u2019e\u00fbt \u00e9t\u00e9 un artifice absolu. \u00bb<\/p>\n<p>Astrid et Donatien ont deux filles Jacqueline et Adrienne, et une double vie : Donatien avec une Daisy et Astrid avec un Louis. Autant dire que la vie conjugale n\u2019est pas paisible et que les engueulades hom\u00e9riques secouent le petit appartement bruxellois.\u00a0<br \/>Nous sommes en 1942. La guerre disperse la famille : Jacqueline s\u00e9journe chez la grand-m\u00e8re paternelle \u00e0 Bruges ; Adrienne est d\u00e9pos\u00e9e chez la grand-m\u00e8re maternelle \u00e0 Gand. Deux s\u0153urs, deux grands-m\u00e8res, deux traitements. Adrienne est enferm\u00e9e avec une cuvette pour sa toilette et obligation de manger son vomi quand elle rend son repas fait d\u2019harengs et de chicor\u00e9e. \u00ab Tant mieux. C\u2019\u00e9tait inexpiable. Tant mieux. Tant mieux ne consistait pas \u00e0 se voiler la face mais \u00e0 faire triompher la vie, la vitalit\u00e9. Tant mieux. \u00bb C\u2019est en effet comme la formule magique de la r\u00e9silience.\u00a0<\/p>\n<p>Pourquoi la grand-m\u00e8re maltraite-t-elle cette enfant ?\u00a0<\/p>\n<p>Chez sa grand-m\u00e8re, d\u2019abord, elle transforme une cuill\u00e8re de bois en poup\u00e9e puis d\u00e9couvre la pr\u00e9sence d\u2019un chat, Pneu, un gros chat qui pue et dort dans la chambre pestilentielle de la vieille dame. Pneu est peut-\u00eatre la cause des d\u00e9s\u00e9quilibres maternels. Car Astrid, toujours pomponn\u00e9e, tir\u00e9e \u00e0 quatre \u00e9pingles, impeccablement maquill\u00e9e, s\u00e9ductrice jusqu\u2019au bout des ongles, Astrid, la m\u00e8re aux amants, la femme fatale, a un vice, un de plus d\u00e9cid\u00e9ment mais de taille : elle d\u00e9teste les chats au point de les tuer avec sadisme. Les chats du quartier disparaissent un \u00e0 un. Adrienne sait bien que sa m\u00e8re est la coupable : elle l\u2019a vue de ses yeux vue. \u00a0<br \/>Les parents se rabibochent un temps et une troisi\u00e8me grossesse est annonc\u00e9e. L\u2019\u00e9v\u00e9nement m\u00e9tamorphose la petite Adrienne qui devient vite une petite maman pour le b\u00e9b\u00e9 et prend une \u00e9toffe, une ampleur, une f\u00e9minit\u00e9 qui d\u00e9passe sa s\u0153ur a\u00een\u00e9e, Jacqueline.<\/p>\n<p>A l\u2019inverse de sa s\u0153ur, Adrienne voit, comprend et accepte, prenant sur elle des secrets parfois trop lourds pour une enfant. \u00ab Comment vivre avec un tel fardeau ? Elle se rappela qu\u2019au cat\u00e9chisme ; on lui avait expliqu\u00e9 le principe de la confession, mais se rendit compte soudain qu\u2019elle ne croyait pas en Dieu. La foi lui parut incompatible avec les m\u00e9faits maternels. Et puis, \u00e0 l\u2019\u00e9cole, les religieuses \u00e9taient des femmes acari\u00e2tres qui ne cessaient de rabrouer les \u00e9l\u00e8ves. Les \u00e9pouses de Dieu prouvaient, par leur aigreur, la d\u00e9ficience de l\u2019\u00e9poux. \u00bb<br \/>Cet agnosticisme sera isol\u00e9. \u00ab Mon p\u00e8re, \u00e9crit Am\u00e9lie Nothomb, \u00e9tait mystique et vivait secr\u00e8tement une foi profonde. Il respectait toutes les religions et avait un amour fou pour J\u00e9sus, dont j\u2019ai h\u00e9rit\u00e9 \u00bb.<\/p>\n<p>C\u2019est un roman familial o\u00f9 tout semble r\u00e9calcitrant \u00e0 cette petite Adrienne, une boule d\u2019amour parce que c\u2019est \u00ab tant mieux \u00bb. Un roman sur la m\u00e8re, donc. Qui m\u00e9rite un entretien avec Am\u00e9lie Nothomb, entretien que vous pouvez retrouver en podcast sur vos plates formes habituelles.\u00a0<\/p>\n","protected":false},"excerpt":{"rendered":"Pas de rentr\u00e9e litt\u00e9raire sans le nouveau roman d\u2019Am\u00e9lie Nothomb. Depuis trente-deux ans, la m\u00e9canique est pr\u00e9cise, fruit&hellip;\n","protected":false},"author":2,"featured_media":483938,"comment_status":"","ping_status":"","sticky":false,"template":"","format":"standard","meta":{"footnotes":""},"categories":[1357],"tags":[1379,58,59,1011,27,1380],"class_list":{"0":"post-483937","1":"post","2":"type-post","3":"status-publish","4":"format-standard","5":"has-post-thumbnail","7":"category-livres","8":"tag-books","9":"tag-divertissement","10":"tag-entertainment","11":"tag-fr","12":"tag-france","13":"tag-livres"},"share_on_mastodon":{"url":"https:\/\/pubeurope.com\/@fr\/115422588106992898","error":""},"_links":{"self":[{"href":"https:\/\/www.europesays.com\/fr\/wp-json\/wp\/v2\/posts\/483937","targetHints":{"allow":["GET"]}}],"collection":[{"href":"https:\/\/www.europesays.com\/fr\/wp-json\/wp\/v2\/posts"}],"about":[{"href":"https:\/\/www.europesays.com\/fr\/wp-json\/wp\/v2\/types\/post"}],"author":[{"embeddable":true,"href":"https:\/\/www.europesays.com\/fr\/wp-json\/wp\/v2\/users\/2"}],"replies":[{"embeddable":true,"href":"https:\/\/www.europesays.com\/fr\/wp-json\/wp\/v2\/comments?post=483937"}],"version-history":[{"count":0,"href":"https:\/\/www.europesays.com\/fr\/wp-json\/wp\/v2\/posts\/483937\/revisions"}],"wp:featuredmedia":[{"embeddable":true,"href":"https:\/\/www.europesays.com\/fr\/wp-json\/wp\/v2\/media\/483938"}],"wp:attachment":[{"href":"https:\/\/www.europesays.com\/fr\/wp-json\/wp\/v2\/media?parent=483937"}],"wp:term":[{"taxonomy":"category","embeddable":true,"href":"https:\/\/www.europesays.com\/fr\/wp-json\/wp\/v2\/categories?post=483937"},{"taxonomy":"post_tag","embeddable":true,"href":"https:\/\/www.europesays.com\/fr\/wp-json\/wp\/v2\/tags?post=483937"}],"curies":[{"name":"wp","href":"https:\/\/api.w.org\/{rel}","templated":true}]}}