{"id":483939,"date":"2025-10-23T08:41:11","date_gmt":"2025-10-23T08:41:11","guid":{"rendered":"https:\/\/www.europesays.com\/fr\/483939\/"},"modified":"2025-10-23T08:41:11","modified_gmt":"2025-10-23T08:41:11","slug":"audiences-20h45-la-venue-de-tibo-inshape-sur-le-plateau-a-t-elle-muscle-les-audiences-de-la-3e-partie-de-quotidien-sur-tmc-hier","status":"publish","type":"post","link":"https:\/\/www.europesays.com\/fr\/483939\/","title":{"rendered":"Audiences 20h45: La venue de Tibo InShape sur le plateau a-t-elle muscl\u00e9 les audiences de la 3e partie de \u00ab\u00a0Quotidien\u00a0\u00bb sur TMC hier ?"},"content":{"rendered":"<p>Sur France 2, les t\u00e9l\u00e9spectateurs ont pu retrouver la 2e partie du journal de 20h, pr\u00e9sent\u00e9 par L\u00e9a Salam\u00e9. Sur France 3, un nouvel \u00e9pisode de la s\u00e9rie \u00ab\u00a0Un si grand soleil\u00a0\u00bb \u00e9tait programm\u00e9 face \u00e0 \u00ab\u00a0Sc\u00e8nes de m\u00e9nages\u00a0\u00bb sur M6.\u00a0<\/p>\n<p>Sur France 5, Anne-Elisabeth Lemoine, entour\u00e9e de son \u00e9quipe, proposait un num\u00e9ro de \u00ab\u00a0C \u00e0 vous\u00a0\u00bb. Cette saison, la journaliste sera aux commandes du programme du lundi au jeudi, laissant sa place \u00e0 Mohamed Bouhafsi le vendredi et le samedi.<\/p>\n<p>En face, c&rsquo;est Yann Barth\u00e8s et son \u00e9quipe qui occupaient l&rsquo;access de TMC pour une nouvelle saison de \u00ab\u00a0Quotidien\u00a0\u00bb. Chaque soir, Yann Barth\u00e8s \u00e9voque l\u2019actualit\u00e9 du jour avec ses journalistes, des invit\u00e9s et des reportages pour \u00e9clairer le monde qui nous entoure.<\/p>\n<p>A 18H45 chaque jour, Cyril Hanouna donne rendez-vous \u00e0 ses \u00ab\u00a0fanzouzes\u00a0\u00bb pour son \u00e9mission \u00ab\u00a0Tout beau tout 9\u00a0\u00bb sur W9. L&rsquo;animateur est accompagn\u00e9 de chroniqueurs sur son plateau.\u00a0<\/p>\n<p>        Le JT de 20h &#8211; 2\u00e8me partie<br \/>\n        19.9 % de PDA\n        <\/p>\n<p>        4 005 000<\/p>\n<p>        Un si grand soleil<br \/>\n        11.7 % de PDA\n        <\/p>\n<p>        2 320 000<\/p>\n<p>        Sc\u00e8nes de m\u00e9nages<br \/>\n        9.8 % de PDA\n        <\/p>\n<p>        1 952 000<\/p>\n<p>        Quotidien &#8211; 3e partie<br \/>\n        9.1 % de PDA\n        <\/p>\n<p>        1 817 000<\/p>\n<p>        Tout beau tout 9 &#8211; 3e partie<br \/>\n        7.5 % de PDA\n        <\/p>\n<p>        1 488 000<\/p>\n<p>        C \u00e0 vous, la suite &#8211; 1e partie (best of)<br \/>\n        2.5 % de PDA\n        <\/p>\n<p>        495 000<\/p>\n<p>  Le Top des parts de march\u00e9<\/p>\n","protected":false},"excerpt":{"rendered":"Sur France 2, les t\u00e9l\u00e9spectateurs ont pu retrouver la 2e partie du journal de 20h, pr\u00e9sent\u00e9 par L\u00e9a&hellip;\n","protected":false},"author":2,"featured_media":483940,"comment_status":"","ping_status":"","sticky":false,"template":"","format":"standard","meta":{"footnotes":""},"categories":[1356],"tags":[2367,58,59,1011,27,1404,252,8648,1364,2395],"class_list":{"0":"post-483939","1":"post","2":"type-post","3":"status-publish","4":"format-standard","5":"has-post-thumbnail","7":"category-television","8":"tag-audiences","9":"tag-divertissement","10":"tag-entertainment","11":"tag-fr","12":"tag-france","13":"tag-quotidien","14":"tag-television","15":"tag-tmc","16":"tag-tv","17":"tag-w9"},"share_on_mastodon":{"url":"https:\/\/pubeurope.com\/@fr\/115422592126229643","error":""},"_links":{"self":[{"href":"https:\/\/www.europesays.com\/fr\/wp-json\/wp\/v2\/posts\/483939","targetHints":{"allow":["GET"]}}],"collection":[{"href":"https:\/\/www.europesays.com\/fr\/wp-json\/wp\/v2\/posts"}],"about":[{"href":"https:\/\/www.europesays.com\/fr\/wp-json\/wp\/v2\/types\/post"}],"author":[{"embeddable":true,"href":"https:\/\/www.europesays.com\/fr\/wp-json\/wp\/v2\/users\/2"}],"replies":[{"embeddable":true,"href":"https:\/\/www.europesays.com\/fr\/wp-json\/wp\/v2\/comments?post=483939"}],"version-history":[{"count":0,"href":"https:\/\/www.europesays.com\/fr\/wp-json\/wp\/v2\/posts\/483939\/revisions"}],"wp:featuredmedia":[{"embeddable":true,"href":"https:\/\/www.europesays.com\/fr\/wp-json\/wp\/v2\/media\/483940"}],"wp:attachment":[{"href":"https:\/\/www.europesays.com\/fr\/wp-json\/wp\/v2\/media?parent=483939"}],"wp:term":[{"taxonomy":"category","embeddable":true,"href":"https:\/\/www.europesays.com\/fr\/wp-json\/wp\/v2\/categories?post=483939"},{"taxonomy":"post_tag","embeddable":true,"href":"https:\/\/www.europesays.com\/fr\/wp-json\/wp\/v2\/tags?post=483939"}],"curies":[{"name":"wp","href":"https:\/\/api.w.org\/{rel}","templated":true}]}}