{"id":483941,"date":"2025-10-23T08:42:21","date_gmt":"2025-10-23T08:42:21","guid":{"rendered":"https:\/\/www.europesays.com\/fr\/483941\/"},"modified":"2025-10-23T08:42:21","modified_gmt":"2025-10-23T08:42:21","slug":"ce-petit-coeur-en-or-que-lou-doillon-garde-en-souvenir-de-jane-birkin","status":"publish","type":"post","link":"https:\/\/www.europesays.com\/fr\/483941\/","title":{"rendered":"Ce petit c\u0153ur en or que Lou Doillon garde en souvenir de Jane Birkin"},"content":{"rendered":"<p>                                    <img decoding=\"async\" src=\"https:\/\/www.europesays.com\/fr\/wp-content\/uploads\/2025\/10\/c75782fe862e8bb22c63f5c5a2b77254a60c40b8408d18414ebc0f2105e4cce0.jpg\" alt=\"Lou Doillon signe une collection d\u2019exception de bijoux pour la Maison Arthus Bertrand\" class=\"a11y-hidden\" fetchpriority=\"high\"\/><\/p>\n<p>\n    Alors qu\u2019elle s\u2019est associ\u00e9e \u00e0 Arthus Bertrand pour cr\u00e9er une s\u00e9rie de m\u00e9dailles sur le th\u00e8me des quatre \u00e9l\u00e9ments, Lou Doillon s\u2019est confi\u00e9e \u00e0 Madame Figaro sur les bijoux qui l\u2019ont le plus marqu\u00e9e.<\/p>\n<p class=\"fig-paragraph\">De fan de bijoux a cr\u00e9atrice, il n\u2019y a qu\u2019un pas. Pour cette nouvelle collaboration avec Arthus Bertrand,\u00a0<a href=\"https:\/\/madame.lefigaro.fr\/tag\/lou-doillon\" target=\"_blank\" data-fig-type=\"Keyword\" rel=\"sponsored noopener\" data-gtm-custom-categorie=\"navigation\" data-gtm-custom-action=\"crossclick\" data-gtm-custom-label=\"Contextuel\" data-gtm-event=\"customEventSPE\" data-fig-domain=\"MADAME\">Lou Doillon<\/a>\u00a0a cr\u00e9\u00e9 une s\u00e9rie de quatre m\u00e9dailles, inspir\u00e9e des quatre \u00e9l\u00e9ments\u00a0: l\u2019air, le feu, l\u2019eau et la terre. Une collection dont elle est particuli\u00e8rement fi\u00e8re et o\u00f9 appara\u00eet sa main sculpturale, au sens propre comme au sens figur\u00e9. \u00abCette collaboration avec Arthus Bertrand est n\u00e9e quand ils m\u2019ont contact\u00e9e pour me demander si \u00e7a m\u2019amusait de travailler sur une m\u00e9daille, a-t-elle racont\u00e9 au micro de Madame Figaro. Bien \u00e9videmment, j\u2019ai dit oui.\u00bb<\/p>\n<p class=\"fig-paragraph\">L\u2019occasion de se rem\u00e9morer certains des bijoux qui l\u2019ont profond\u00e9ment marqu\u00e9e, associ\u00e9s \u00e0 des moments qu\u2019elle n\u2019oubliera jamais. Parmi eux, un bijou h\u00e9rit\u00e9 de sa m\u00e8re,\u00a0<a href=\"https:\/\/madame.lefigaro.fr\/tag\/jane-birkin\" target=\"_blank\" data-fig-type=\"Keyword\" rel=\"sponsored noopener\" data-gtm-custom-categorie=\"navigation\" data-gtm-custom-action=\"crossclick\" data-gtm-custom-label=\"Contextuel\" data-gtm-event=\"customEventSPE\" data-fig-domain=\"MADAME\">Jane Birkin<\/a>, disparue en juillet 2023 \u00e0 75 ans, qu\u2019elle consid\u00e8re aujourd\u2019hui comme l\u2019un de ses plus pr\u00e9cieux. \u00abC\u2019est un tout petit c\u0153ur en or que ma m\u00e8re a fendu en le mordant le jour de ma naissance, dans les douleurs de l\u2019accouchement, a-t-elle d\u00e9taill\u00e9. C\u2019est un petit c\u0153ur que je n\u2019ose pas toucher, qui est une toute petite chose, le c\u0153ur bris\u00e9 de mon arriv\u00e9e.\u00bb Tout un symbole, qu\u2019elle associe aujourd\u2019hui \u00e0 la m\u00e9moire de sa m\u00e8re.<\/p>\n<p class=\"fig-body-link&#10;    \">\n            \u00c0 lire aussi<br \/>\n        <a class=\"fig-body-link__link\" href=\"http:\/\/madame.lefigaro.fr\/celebrites\/actu-people\/amusez-vous-avec-votre-mere-tant-que-vous-le-pouvez-le-tendre-hommage-de-lou-doillon-a-sa-mere-jane-birkin-20250725\" data-fig-type=\"Article\" data-gtm-custom-categorie=\"navigation\" data-gtm-custom-action=\"crossclick\" data-gtm-custom-label=\"Contextuel\" data-gtm-event=\"customEventSPE\" data-fig-domain=\"MADAME\" target=\"_blank\" rel=\"noopener\"><br \/>\n        \u00abAmusez-vous avec votre m\u00e8re tant que vous le pouvez\u00bb\u00a0: le tendre hommage de Lou Doillon \u00e0 sa m\u00e8re Jane Birkin<\/a>\n<\/p>\n<p>                                    <a class=\"fig-a11y-skip a11y-hidden\" href=\"#fig-a11y-skip-main-inarticle\"><br \/>\n        Passer la publicit\u00e9<br \/>\n    <\/a><\/p>\n<p>Des bijoux \u00abplus anciens que moi\u00bb<\/p>\n<p class=\"fig-paragraph\">Par cette collaboration, Lou Doillon a aussi voulu appliquer son esprit rock et rebelles aux pi\u00e8ces universelles et symboliques que sont les m\u00e9dailles d\u2019Arthus Bertrand. Tout en maintenant l\u2019importance de la transmission de g\u00e9n\u00e9ration en g\u00e9n\u00e9ration. Elle a d\u2019ailleurs offert une des m\u00e9dailles qu\u2019elle a cr\u00e9\u00e9es \u00e0 son fils Lazlo, aujourd\u2019hui \u00e2g\u00e9 de 3 ans. \u00abC\u2019est magique les bijoux, \u00e7a se perd, \u00e7a se transmet et \u00e7a revient\u00bb, ajoute-t-elle.<\/p>\n<p class=\"fig-paragraph\">Elle-m\u00eame a h\u00e9rit\u00e9 de bijoux de ses deux parents, Jane Birkin et le cin\u00e9aste Jacques Doillon. \u00abMon bijou le plus ancien est une montre offerte par ma m\u00e8re pour mes 18 ans. Mais j\u2019ai aussi des bijoux de mes parents, qui sont plus anciens que moi\u00bb, finit-elle.<\/p>\n","protected":false},"excerpt":{"rendered":"Alors qu\u2019elle s\u2019est associ\u00e9e \u00e0 Arthus Bertrand pour cr\u00e9er une s\u00e9rie de m\u00e9dailles sur le th\u00e8me des quatre&hellip;\n","protected":false},"author":2,"featured_media":483942,"comment_status":"","ping_status":"","sticky":false,"template":"","format":"standard","meta":{"footnotes":""},"categories":[1355],"tags":[5417,58,59,1011,27,60727,1361,873],"class_list":{"0":"post-483941","1":"post","2":"type-post","3":"status-publish","4":"format-standard","5":"has-post-thumbnail","7":"category-musique","8":"tag-bijoux","9":"tag-divertissement","10":"tag-entertainment","11":"tag-fr","12":"tag-france","13":"tag-lou-doillon","14":"tag-music","15":"tag-musique"},"share_on_mastodon":{"url":"https:\/\/pubeurope.com\/@fr\/115422596672195930","error":""},"_links":{"self":[{"href":"https:\/\/www.europesays.com\/fr\/wp-json\/wp\/v2\/posts\/483941","targetHints":{"allow":["GET"]}}],"collection":[{"href":"https:\/\/www.europesays.com\/fr\/wp-json\/wp\/v2\/posts"}],"about":[{"href":"https:\/\/www.europesays.com\/fr\/wp-json\/wp\/v2\/types\/post"}],"author":[{"embeddable":true,"href":"https:\/\/www.europesays.com\/fr\/wp-json\/wp\/v2\/users\/2"}],"replies":[{"embeddable":true,"href":"https:\/\/www.europesays.com\/fr\/wp-json\/wp\/v2\/comments?post=483941"}],"version-history":[{"count":0,"href":"https:\/\/www.europesays.com\/fr\/wp-json\/wp\/v2\/posts\/483941\/revisions"}],"wp:featuredmedia":[{"embeddable":true,"href":"https:\/\/www.europesays.com\/fr\/wp-json\/wp\/v2\/media\/483942"}],"wp:attachment":[{"href":"https:\/\/www.europesays.com\/fr\/wp-json\/wp\/v2\/media?parent=483941"}],"wp:term":[{"taxonomy":"category","embeddable":true,"href":"https:\/\/www.europesays.com\/fr\/wp-json\/wp\/v2\/categories?post=483941"},{"taxonomy":"post_tag","embeddable":true,"href":"https:\/\/www.europesays.com\/fr\/wp-json\/wp\/v2\/tags?post=483941"}],"curies":[{"name":"wp","href":"https:\/\/api.w.org\/{rel}","templated":true}]}}