{"id":483945,"date":"2025-10-23T08:44:11","date_gmt":"2025-10-23T08:44:11","guid":{"rendered":"https:\/\/www.europesays.com\/fr\/483945\/"},"modified":"2025-10-23T08:44:11","modified_gmt":"2025-10-23T08:44:11","slug":"cette-plante-miracle-fleurit-tout-lete-et-fait-fuir-les-tiques","status":"publish","type":"post","link":"https:\/\/www.europesays.com\/fr\/483945\/","title":{"rendered":"Cette plante miracle fleurit tout l\u2019\u00e9t\u00e9 et fait fuir les tiques"},"content":{"rendered":"<p>Avec les beaux jours, une plante se distingue par sa <strong>floraison<\/strong> g\u00e9n\u00e9reuse et son pouvoir <strong>r\u00e9pulsif<\/strong>. Elle colore les massifs tout l\u2019\u00e9t\u00e9 et tient les tiques \u00e0 <strong>distance<\/strong>, un atout pr\u00e9cieux pour profiter du <strong>jardin<\/strong> en paix.<\/p>\n<p>Connu sous le nom de geranium citronella, ce Pelargonium au parfum <strong>tonique<\/strong> de citronnelle agit comme une <strong>barri\u00e8re<\/strong> olfactive. Sa pr\u00e9sence r\u00e9duit la fr\u00e9quentation des zones de vie par les <strong>tiques<\/strong>, sans produits <strong>chimiques<\/strong> agressifs.<\/p>\n<p>Un alli\u00e9 naturel contre les tiques<\/p>\n<p>Les tiques rep\u00e8rent leurs cibles gr\u00e2ce \u00e0 l\u2019organe de <strong>Haller<\/strong>, sensible \u00e0 la chaleur et aux <strong>odeurs<\/strong>. Une ambiance satur\u00e9e d\u2019effluves citronn\u00e9es brouille ces <strong>signaux<\/strong>, rendant l\u2019attaque plus <strong>difficile<\/strong>.<\/p>\n<p>Sophie Mouton-Brisse rappelle que la <strong>pr\u00e9vention<\/strong> reste primordiale face aux maladies comme Lyme, et que cumuler des <strong>gestes<\/strong> protecteurs est une vraie <strong>force<\/strong>. Le geranium citronella s\u2019inscrit dans cette <strong>strat\u00e9gie<\/strong>, aux c\u00f4t\u00e9s d\u2019habits couvrants et d\u2019une <strong>inspection<\/strong> post-balade.<\/p>\n<p>\u00ab La nature nous offre des <strong>solutions<\/strong> simples, esth\u00e9tiques et <strong>efficaces<\/strong>, \u00e0 condition de les associer \u00e0 des gestes de <strong>bon<\/strong> sens. \u00bb<\/p>\n<p>Un parfum qui embrouille les parasites<\/p>\n<p>Son feuillage d\u00e9coup\u00e9 lib\u00e8re des <strong>compos\u00e9s<\/strong> aromatiques \u00e0 chaque fr\u00f4lement, cr\u00e9ant une <strong>aura<\/strong> citronn\u00e9e persistante. Cette signature <strong>olfactive<\/strong> indispose les tiques et g\u00eane leur <strong>orientation<\/strong>.<\/p>\n<p>La plante attire les yeux avec ses fleurs <strong>d\u00e9licates<\/strong>, tout en d\u00e9courageant les h\u00f4tes <strong>ind\u00e9sirables<\/strong>. L\u2019effet est encore plus <strong>sensible<\/strong> lorsqu\u2019on la groupe en <strong>masses<\/strong> g\u00e9n\u00e9reuses.<\/p>\n<p>Culture et entretien simplifi\u00e9s<\/p>\n<p>Facile \u00e0 vivre, ce Pelargonium appr\u00e9cie un <strong>soleil<\/strong> franc et une terre bien <strong>drain\u00e9e<\/strong>. Un arrosage mod\u00e9r\u00e9 \u00e9vite l\u2019exc\u00e8s d\u2019<strong>eau<\/strong> et pr\u00e9serve les <strong>racines<\/strong>.<\/p>\n<p>Une taille l\u00e9g\u00e8re stimule une <strong>forme<\/strong> compacte et une floraison <strong>continue<\/strong>. De mai \u00e0 <strong>septembre<\/strong>, il offre une pr\u00e9sence <strong>ornementale<\/strong> et protectrice <strong>constante<\/strong>.<\/p>\n<p>Pour r\u00e9ussir sa culture, retenez ces <strong>essentiels<\/strong>:<\/p>\n<ul>\n<li>Un substrat l\u00e9ger, riche et bien <strong>drain\u00e9<\/strong>, pour des racines <strong>saines<\/strong>.<\/li>\n<li>Une exposition en plein <strong>soleil<\/strong> ou mi-ombre <strong>lumineuse<\/strong>.<\/li>\n<li>Des arrosages r\u00e9guliers mais sans <strong>exc\u00e8s<\/strong>, avec un sol presque <strong>sec<\/strong> entre deux apports.<\/li>\n<li>Une pinc\u00e9e d\u2019engrais <strong>doux<\/strong> toutes les trois \u00e0 quatre <strong>semaines<\/strong>.<\/li>\n<li>Une taille d\u2019entretien pour garder un port <strong>dense<\/strong> et bien <strong>ramifi\u00e9<\/strong>.<\/li>\n<\/ul>\n<p>O\u00f9 l\u2019installer pour une barri\u00e8re protectrice<\/p>\n<p>Placez des pot\u00e9es pr\u00e8s des <strong>passages<\/strong>: terrasses, all\u00e9es, zones de <strong>jeu<\/strong> et coins repas. L\u2019objectif est d\u2019entourer les espaces <strong>fr\u00e9quent\u00e9s<\/strong> d\u2019un halo <strong>aromatique<\/strong>.<\/p>\n<p>Dans le jardin, cr\u00e9ez des bordures en ribambelles au pied des <strong>cl\u00f4tures<\/strong> ou le long des <strong>pelouses<\/strong> hautes. Multiplier les points de <strong>diffusion<\/strong> renforce l\u2019effet <strong>r\u00e9pulsif<\/strong>.<\/p>\n<p>Associer d\u2019autres plantes utiles<\/p>\n<p>La synergie fonctionne avec la <strong>lavande<\/strong>, la menthe et l\u2019armoise <strong>citronnelle<\/strong>. Ces compagnes compl\u00e8tent l\u2019action <strong>olfactive<\/strong> et enrichissent la <strong>palette<\/strong> du massif.<\/p>\n<p>\u00c9vitez en revanche certaines esp\u00e8ces comme le <strong>gen\u00eat<\/strong>, soup\u00e7onn\u00e9 d\u2019attirer davantage les <strong>tiques<\/strong>. Choisir les bons <strong>associ\u00e9s<\/strong> valorise l\u2019esth\u00e9tique et la <strong>protection<\/strong>.<\/p>\n<p>Pr\u00e9cautions et gestes compl\u00e9mentaires<\/p>\n<p>Aucune plante ne remplace des <strong>r\u00e9flexes<\/strong> simples. Portez des v\u00eatements <strong>couvrants<\/strong>, de couleur claire pour mieux rep\u00e9rer les <strong>tiques<\/strong> apr\u00e8s sortie.<\/p>\n<p>Au retour, examinez la peau et les plis <strong>chauds<\/strong>, et douchez-vous <strong>rapidement<\/strong>. Sur animaux, brossez le <strong>pelage<\/strong> et surveillez les zones <strong>sensibles<\/strong>.<\/p>\n<ul>\n<li>Restez sur les chemins <strong>d\u00e9gag\u00e9s<\/strong>, \u00e9vitez les herbes <strong>hautes<\/strong> et broussailles humides.  <\/li>\n<li>Tondez r\u00e9guli\u00e8rement et ramassez les <strong>feuilles<\/strong> mortes, g\u00eetes \u00e0 <strong>parasites<\/strong>.  <\/li>\n<li>Installez des paillis <strong>min\u00e9raux<\/strong> en bordure pour limiter les zones <strong>refuges<\/strong>.  <\/li>\n<li>Ayez une pince \u00e0 tique dans la <strong>trousse<\/strong> familiale, pour un retrait <strong>correct<\/strong>.  <\/li>\n<li>Consultez en cas d\u2019\u00e9ryth\u00e8me <strong>migrant<\/strong> ou de sympt\u00f4mes <strong>persistants<\/strong>.<\/li>\n<\/ul>\n<p>Pour un \u00e9t\u00e9 fleuri et serein<\/p>\n<p>Le geranium citronella conjugue charme <strong>esth\u00e9tique<\/strong> et utilit\u00e9 <strong>sanitaire<\/strong>, sans alourdir l\u2019entretien du <strong>jardin<\/strong>. Son parfum vif, agr\u00e9able pour nous, devient un vrai <strong>repoussoir<\/strong> pour les tiques.<\/p>\n<p>En l\u2019int\u00e9grant \u00e0 une approche <strong>globale<\/strong>, vous gagnez en s\u00e9r\u00e9nit\u00e9 tout au long de la <strong>saison<\/strong>. Une plante, quelques bons <strong>gestes<\/strong>, et votre \u00e9t\u00e9 s\u2019annonce plus <strong>l\u00e9ger<\/strong> et mieux <strong>prot\u00e9g\u00e9<\/strong>.<\/p>\n","protected":false},"excerpt":{"rendered":"Avec les beaux jours, une plante se distingue par sa floraison g\u00e9n\u00e9reuse et son pouvoir r\u00e9pulsif. Elle colore&hellip;\n","protected":false},"author":2,"featured_media":483946,"comment_status":"","ping_status":"","sticky":false,"template":"","format":"standard","meta":{"footnotes":""},"categories":[10],"tags":[3477,21,60728,1011,27,21029,72,20839,151,17687,22212,71,16681,3585],"class_list":{"0":"post-483945","1":"post","2":"type-post","3":"status-publish","4":"format-standard","5":"has-post-thumbnail","7":"category-sante","8":"tag-cette","9":"tag-fait","10":"tag-fleurit","11":"tag-fr","12":"tag-france","13":"tag-fuir","14":"tag-health","15":"tag-lete","16":"tag-les","17":"tag-miracle","18":"tag-plante","19":"tag-sante","20":"tag-tiques","21":"tag-tout"},"share_on_mastodon":{"url":"https:\/\/pubeurope.com\/@fr\/115422603842446005","error":""},"_links":{"self":[{"href":"https:\/\/www.europesays.com\/fr\/wp-json\/wp\/v2\/posts\/483945","targetHints":{"allow":["GET"]}}],"collection":[{"href":"https:\/\/www.europesays.com\/fr\/wp-json\/wp\/v2\/posts"}],"about":[{"href":"https:\/\/www.europesays.com\/fr\/wp-json\/wp\/v2\/types\/post"}],"author":[{"embeddable":true,"href":"https:\/\/www.europesays.com\/fr\/wp-json\/wp\/v2\/users\/2"}],"replies":[{"embeddable":true,"href":"https:\/\/www.europesays.com\/fr\/wp-json\/wp\/v2\/comments?post=483945"}],"version-history":[{"count":0,"href":"https:\/\/www.europesays.com\/fr\/wp-json\/wp\/v2\/posts\/483945\/revisions"}],"wp:featuredmedia":[{"embeddable":true,"href":"https:\/\/www.europesays.com\/fr\/wp-json\/wp\/v2\/media\/483946"}],"wp:attachment":[{"href":"https:\/\/www.europesays.com\/fr\/wp-json\/wp\/v2\/media?parent=483945"}],"wp:term":[{"taxonomy":"category","embeddable":true,"href":"https:\/\/www.europesays.com\/fr\/wp-json\/wp\/v2\/categories?post=483945"},{"taxonomy":"post_tag","embeddable":true,"href":"https:\/\/www.europesays.com\/fr\/wp-json\/wp\/v2\/tags?post=483945"}],"curies":[{"name":"wp","href":"https:\/\/api.w.org\/{rel}","templated":true}]}}