{"id":483947,"date":"2025-10-23T08:45:12","date_gmt":"2025-10-23T08:45:12","guid":{"rendered":"https:\/\/www.europesays.com\/fr\/483947\/"},"modified":"2025-10-23T08:45:12","modified_gmt":"2025-10-23T08:45:12","slug":"depart-de-barcelone-grosses-etapes-de-montagne-suivez-la-presentation-du-parcours-de-la-grande-boucle-avec-nous","status":"publish","type":"post","link":"https:\/\/www.europesays.com\/fr\/483947\/","title":{"rendered":"D\u00e9part de Barcelone, grosses \u00e9tapes de montagne&#8230; Suivez la pr\u00e9sentation du parcours de la Grande Boucle avec nous&#8230;"},"content":{"rendered":"<p>Bonjour \u00e0 tous les cyclix !<\/p>\n<p>Il fait froid, la nuit tombe tr\u00e8s t\u00f4t, les magasins commencent \u00e0 faire de la pub pour No\u00ebl&#8230; Mais, ce jeudi au Palais des Congr\u00e8s de Paris, il y aura un petit air estival : le parcours du Tour de France 2026 va \u00eatre d\u00e9voil\u00e9 par Christian Prudhomme. On sait d\u00e9j\u00e0 que les trois premi\u00e8res \u00e9tapes, dont le Grand d\u00e9part \u00e0 Barcelone, se d\u00e9rouleront en Espagne. Mais, pour la suite, m\u00eame si pas mal d&rsquo;infos sont sorties, on attend du lourd de la part des organisateurs du Tour de France. On vous fera suivre \u00e9galement la pr\u00e9sentation du parcours du Tour de France femmes par Marion Rousse.<\/p>\n<p>&gt;&gt; Suivez la pr\u00e9sentation avec nous \u00e0 partir de 11 heures<\/p>\n","protected":false},"excerpt":{"rendered":"Bonjour \u00e0 tous les cyclix ! Il fait froid, la nuit tombe tr\u00e8s t\u00f4t, les magasins commencent \u00e0&hellip;\n","protected":false},"author":2,"featured_media":483948,"comment_status":"","ping_status":"","sticky":false,"template":"","format":"standard","meta":{"footnotes":""},"categories":[9],"tags":[4791,207,1011,27,27884,33550,517,60,1138,210],"class_list":{"0":"post-483947","1":"post","2":"type-post","3":"status-publish","4":"format-standard","5":"has-post-thumbnail","7":"category-sports","8":"tag-barcelone","9":"tag-cyclisme","10":"tag-fr","11":"tag-france","12":"tag-jonas-vingegaard","13":"tag-julian-alaphilippe","14":"tag-sport","15":"tag-sports","16":"tag-tadej-pogacar","17":"tag-tour-de-france"},"share_on_mastodon":{"url":"https:\/\/pubeurope.com\/@fr\/115422607704505831","error":""},"_links":{"self":[{"href":"https:\/\/www.europesays.com\/fr\/wp-json\/wp\/v2\/posts\/483947","targetHints":{"allow":["GET"]}}],"collection":[{"href":"https:\/\/www.europesays.com\/fr\/wp-json\/wp\/v2\/posts"}],"about":[{"href":"https:\/\/www.europesays.com\/fr\/wp-json\/wp\/v2\/types\/post"}],"author":[{"embeddable":true,"href":"https:\/\/www.europesays.com\/fr\/wp-json\/wp\/v2\/users\/2"}],"replies":[{"embeddable":true,"href":"https:\/\/www.europesays.com\/fr\/wp-json\/wp\/v2\/comments?post=483947"}],"version-history":[{"count":0,"href":"https:\/\/www.europesays.com\/fr\/wp-json\/wp\/v2\/posts\/483947\/revisions"}],"wp:featuredmedia":[{"embeddable":true,"href":"https:\/\/www.europesays.com\/fr\/wp-json\/wp\/v2\/media\/483948"}],"wp:attachment":[{"href":"https:\/\/www.europesays.com\/fr\/wp-json\/wp\/v2\/media?parent=483947"}],"wp:term":[{"taxonomy":"category","embeddable":true,"href":"https:\/\/www.europesays.com\/fr\/wp-json\/wp\/v2\/categories?post=483947"},{"taxonomy":"post_tag","embeddable":true,"href":"https:\/\/www.europesays.com\/fr\/wp-json\/wp\/v2\/tags?post=483947"}],"curies":[{"name":"wp","href":"https:\/\/api.w.org\/{rel}","templated":true}]}}