{"id":48395,"date":"2025-04-24T05:36:14","date_gmt":"2025-04-24T05:36:14","guid":{"rendered":"https:\/\/www.europesays.com\/fr\/48395\/"},"modified":"2025-04-24T05:36:14","modified_gmt":"2025-04-24T05:36:14","slug":"attaque-de-missiles-russes-sur-kyiv-dans-la-nuit-9-morts-et-63-blesses-liberation","status":"publish","type":"post","link":"https:\/\/www.europesays.com\/fr\/48395\/","title":{"rendered":"attaque de missiles russes sur Kyiv dans la nuit, 9 morts et 63 bless\u00e9s \u2013 Lib\u00e9ration"},"content":{"rendered":"<p class=\"sc-ksZaOG ehjQrN text-element\">Dans l\u2019une des pires attaques de missiles russes contre la capitale ukrainienne, neuf personnes ont \u00e9t\u00e9 tu\u00e9es et 63 bless\u00e9es dans la nuit de mercredi \u00e0 jeudi, au moment o\u00f9 Donald Trump accuse Volodymyr Zelensky de saboter <a href=\"https:\/\/www.liberation.fr\/international\/europe\/trump-assure-quun-accord-entre-kyiv-et-moscou-est-tres-proche-mais-attaque-zelensky-20250423_RCQYDGLHH5D4TMPAN5N3TBHJ4A\/\" target=\"_blank\" rel=\"nofollow noopener\" title=\"https:\/\/www.liberation.fr\/international\/europe\/trump-assure-quun-accord-entre-kyiv-et-moscou-est-tres-proche-mais-attaque-zelensky-20250423_RCQYDGLHH5D4TMPAN5N3TBHJ4A\/\">un possible accord avec la Russie<\/a>. Les services de secours ont fait \u00e9tat d\u2019un bilan provisoire de \u00abneuf personnes tu\u00e9es, 63 bless\u00e9es, dont 42 hospitalis\u00e9es parmi lesquelles six enfants\u00bb.<\/p>\n<p class=\"sc-ksZaOG ehjQrN text-element\">\u00abDes b\u00e2timents r\u00e9sidentiels ont \u00e9t\u00e9 endommag\u00e9s : la recherche de personnes sous les d\u00e9combres est en cours\u00bb, ont-ils indiqu\u00e9 sur Telegram. Plusieurs incendies d\u00e9sormais \u00e9teints, se sont par ailleurs d\u00e9clar\u00e9s \u00e0 la suite des bombardements russes.<\/p>\n<p class=\"sc-ksZaOG ehjQrN text-element\">A Kyiv, une journaliste de l\u2019AFP a vu une dizaine d\u2019habitants r\u00e9fugi\u00e9s dans un abri en sous-sol d\u2019un immeuble r\u00e9sidentiel d\u00e8s que l\u2019alerte anti-a\u00e9rienne a retenti. La derni\u00e8re attaque de missiles contre la capitale ukrainienne <a href=\"https:\/\/www.liberation.fr\/international\/moyen-orient\/trois-blesses-dans-une-frappe-russe-a-kyiv-deux-jours-apres-la-mort-denfants-dans-une-attaque-sur-la-ville-natale-de-zelensky-20250406_D5Q5VR4ZBBA6PDDBUMR2JWX6UI\/\" target=\"_blank\" rel=\"nofollow noopener\" title=\"https:\/\/www.liberation.fr\/international\/moyen-orient\/trois-blesses-dans-une-frappe-russe-a-kyiv-deux-jours-apres-la-mort-denfants-dans-une-attaque-sur-la-ville-natale-de-zelensky-20250406_D5Q5VR4ZBBA6PDDBUMR2JWX6UI\/\">remontait \u00e0 d\u00e9but avril.<\/a> Dans la ville de Kharkiv, son maire Igor Terekhov a, lui aussi, annonc\u00e9 des \u00abfrappes r\u00e9p\u00e9t\u00e9es de missiles\u00bb sur sa cit\u00e9, ayant fait au moins deux bless\u00e9s.<\/p>\n<p class=\"sc-ksZaOG ehjQrN text-element\">La pr\u00e9sidence ukrainienne a aussit\u00f4t accus\u00e9 sur Telegram le pr\u00e9sident russe Vladimir Poutine d\u2019avoir \u00abuniquement le d\u00e9sir de tuer\u00bb. Ces attaques de missiles et drones russes sur l\u2019Ukraine surviennent<a href=\"https:\/\/www.liberation.fr\/international\/europe\/souverainete-russe-sur-la-crimee-discussions-entre-kyiv-et-moscou-neuf-morts-dans-une-attaque-au-drone-lactu-de-la-guerre-en-ukraine-ce-23-avril-20250423_2SZ5ZL3TLJAU7OA72DXHWAXUU4\/\" target=\"_blank\" rel=\"nofollow noopener\" title=\"https:\/\/www.liberation.fr\/international\/europe\/souverainete-russe-sur-la-crimee-discussions-entre-kyiv-et-moscou-neuf-morts-dans-une-attaque-au-drone-lactu-de-la-guerre-en-ukraine-ce-23-avril-20250423_2SZ5ZL3TLJAU7OA72DXHWAXUU4\/\"> apr\u00e8s que Donald Trump s\u2019en est pris violemment \u00e0 Volodymyr Zelensky <\/a>mercredi, en l\u2019accusant de tenir des propos \u00abincendiaires\u00bb sur la Crim\u00e9e annex\u00e9e, alors qu\u2019un accord avec la Russie serait \u00abtr\u00e8s proche\u00bb, selon lui.<\/p>\n<p class=\"sc-ksZaOG ehjQrN text-element\">\u00abJe pense avoir un accord avec la Russie\u00bb, a lanc\u00e9 le pr\u00e9sident des Etats-Unis dans le Bureau ovale. Mais la discussion est \u00abplus difficile\u00bb avec le chef de l\u2019Etat ukrainien, a dit celui qui s\u2019est rapproch\u00e9 du pr\u00e9sident russe. Le refus de Kiev d\u2019accepter les termes am\u00e9ricains pour mettre fin \u00e0 la guerre d\u00e9clench\u00e9e par la Russie en f\u00e9vrier 2022 \u00abne fera que prolonger les tueries\u00bb, a averti le milliardaire r\u00e9publicain, qui n\u2019a jamais reconnu la responsabilit\u00e9 russe dans le d\u00e9clenchement du conflit.<\/p>\n<p class=\"sc-ksZaOG ehjQrN text-element\">Au c\u0153ur de ce regain de tension : la question de la p\u00e9ninsule de Crim\u00e9e, annex\u00e9e par la Russie en 2014. Le territoire est, selon Donald Trump, \u00abperdu\u00bb pour l\u2019Ukraine, a-t-il \u00e9crit dans un long message sur son r\u00e9seau Truth Social, dont le ton mena\u00e7ant rappelle sa tr\u00e8s difficile entrevue avec le pr\u00e9sident ukrainien fin f\u00e9vrier, dans le Bureau ovale. \u00abIl peut avoir la paix ou il peut se battre encore trois ans avant de perdre tout le pays\u00bb, a d\u00e9clar\u00e9 le pr\u00e9sident am\u00e9ricain \u00e0 propos de son homologue ukrainien. Le r\u00e9publicain reproche \u00e0 Volodymyr Zelensky d\u2019avoir d\u00e9clar\u00e9 mardi, au sujet de la Crim\u00e9e : \u00abIl n\u2019y a rien \u00e0 discuter [\u2026] C\u2019est notre territoire\u00bb.<\/p>\n<p class=\"sc-ksZaOG ehjQrN text-element\">Alors que des discussions viennent de s\u2019achever \u00e0 Londres entre responsables am\u00e9ricains, ukrainiens et europ\u00e9ens, le Royaume-Uni a redit qu\u2019il appartenait \u00ab\u00e0 l\u2019Ukraine de d\u00e9cider de son avenir\u00bb. La pr\u00e9sidence fran\u00e7aise a elle affirm\u00e9 que l\u2019\u00abint\u00e9grit\u00e9 territoriale\u00bb de l\u2019Ukraine \u00e9tait une \u00abexigence tr\u00e8s forte\u00bb des Europ\u00e9ens.<\/p>\n","protected":false},"excerpt":{"rendered":"Dans l\u2019une des pires attaques de missiles russes contre la capitale ukrainienne, neuf personnes ont \u00e9t\u00e9 tu\u00e9es et&hellip;\n","protected":false},"author":2,"featured_media":48396,"comment_status":"","ping_status":"","sticky":false,"template":"","format":"standard","meta":{"footnotes":""},"categories":[1591],"tags":[11,1887,12,1885,1886,132,220,297,135,134],"class_list":{"0":"post-48395","1":"post","2":"type-post","3":"status-publish","4":"format-standard","5":"has-post-thumbnail","7":"category-russie","8":"tag-actualites","9":"tag-federation-de-russie","10":"tag-news","11":"tag-russia","12":"tag-russian-federation","13":"tag-russie","14":"tag-ukraine","15":"tag-ukraine-la-crise","16":"tag-vladimir-poutine","17":"tag-volodymyr-zelensky"},"share_on_mastodon":{"url":"https:\/\/pubeurope.com\/@fr\/114391324302915138","error":""},"_links":{"self":[{"href":"https:\/\/www.europesays.com\/fr\/wp-json\/wp\/v2\/posts\/48395","targetHints":{"allow":["GET"]}}],"collection":[{"href":"https:\/\/www.europesays.com\/fr\/wp-json\/wp\/v2\/posts"}],"about":[{"href":"https:\/\/www.europesays.com\/fr\/wp-json\/wp\/v2\/types\/post"}],"author":[{"embeddable":true,"href":"https:\/\/www.europesays.com\/fr\/wp-json\/wp\/v2\/users\/2"}],"replies":[{"embeddable":true,"href":"https:\/\/www.europesays.com\/fr\/wp-json\/wp\/v2\/comments?post=48395"}],"version-history":[{"count":0,"href":"https:\/\/www.europesays.com\/fr\/wp-json\/wp\/v2\/posts\/48395\/revisions"}],"wp:featuredmedia":[{"embeddable":true,"href":"https:\/\/www.europesays.com\/fr\/wp-json\/wp\/v2\/media\/48396"}],"wp:attachment":[{"href":"https:\/\/www.europesays.com\/fr\/wp-json\/wp\/v2\/media?parent=48395"}],"wp:term":[{"taxonomy":"category","embeddable":true,"href":"https:\/\/www.europesays.com\/fr\/wp-json\/wp\/v2\/categories?post=48395"},{"taxonomy":"post_tag","embeddable":true,"href":"https:\/\/www.europesays.com\/fr\/wp-json\/wp\/v2\/tags?post=48395"}],"curies":[{"name":"wp","href":"https:\/\/api.w.org\/{rel}","templated":true}]}}