{"id":483955,"date":"2025-10-23T08:49:16","date_gmt":"2025-10-23T08:49:16","guid":{"rendered":"https:\/\/www.europesays.com\/fr\/483955\/"},"modified":"2025-10-23T08:49:16","modified_gmt":"2025-10-23T08:49:16","slug":"la-californie-deploie-larmee-pour-distribuer-laide-alimentaire-en-pleine-paralysie-budgetaire","status":"publish","type":"post","link":"https:\/\/www.europesays.com\/fr\/483955\/","title":{"rendered":"la Californie d\u00e9ploie l\u2019arm\u00e9e pour distribuer l\u2019aide alimentaire en pleine paralysie budg\u00e9taire"},"content":{"rendered":"<p>\n    \u00abL\u2019\u00e9chec de Trump n\u2019est pas abstrait, il enl\u00e8ve litt\u00e9ralement le pain de la bouche des gens\u00bb, a d\u00e9nonc\u00e9 le gouverneur d\u00e9mocrate de Californie Gavin Newsom, en annon\u00e7ant le d\u00e9ploiement de la Garde nationale dans ce riche \u00c9tat de l\u2019Ouest am\u00e9ricain.<\/p>\n<p class=\"fig-paragraph\">Le gouverneur de\u00a0<a href=\"http:\/\/www.lefigaro.fr\/international\/redecoupage-electoral-aux-etats-unis-la-californie-prete-a-imiter-le-texas-20251020\" data-fig-type=\"Article\" data-gtm-custom-categorie=\"navigation\" data-gtm-custom-action=\"crossclick\" data-gtm-custom-label=\"Contextuel\" data-gtm-event=\"customEventSPE\" data-fig-domain=\"LEFIGARO\" target=\"_blank\" rel=\"noopener\">Californie<\/a>\u00a0a annonc\u00e9 mercredi le d\u00e9ploiement de la Garde nationale pour distribuer l\u2019aide alimentaire, de plus en plus sollicit\u00e9e ces derniers jours en raison d\u2019une paralysie budg\u00e9taire prolong\u00e9e aux \u00c9tats-Unis qui affecte particuli\u00e8rement les foyers les plus pauvres. Des centaines de milliers d&rsquo;agents de l&rsquo;\u00c9tat f\u00e9d\u00e9ral \u00e0 travers tout le pays ne sont pas pay\u00e9s en raison du \u00ab<a href=\"http:\/\/www.lefigaro.fr\/conjoncture\/shutdown-jusqu-a-15-milliards-de-dollars-de-pertes-par-semaine-pour-l-economie-americaine-selon-le-tresor-20251016\" target=\"_blank\" data-fig-type=\"NewsFlash\" rel=\"noopener\" data-gtm-custom-categorie=\"navigation\" data-gtm-custom-action=\"crossclick\" data-gtm-custom-label=\"Contextuel\" data-gtm-event=\"customEventSPE\" data-fig-domain=\"LEFIGARO\">shutdown<\/a> \u00bb, cons\u00e9quence du d\u00e9saccord entre la majorit\u00e9 r\u00e9publicaine du pr\u00e9sident Donald Trump et les opposants d\u00e9mocrates, qui campent respectivement sur leurs positions au Congr\u00e8s autour du vote du budget.<\/p>\n<p class=\"fig-paragraph\">\u00abL&rsquo;\u00e9chec de Trump n&rsquo;est pas abstrait, il enl\u00e8ve litt\u00e9ralement le pain de la bouche des gens\u00bb, a d\u00e9nonc\u00e9 le gouverneur d\u00e9mocrate de Californie Gavin Newsom, en annon\u00e7ant le d\u00e9ploiement de la Garde nationale dans ce riche \u00c9tat de l&rsquo;Ouest am\u00e9ricain. \u00abDes millions d&rsquo;Am\u00e9ricains d\u00e9pendent des aides alimentaires pour nourrir leur famille\u00bb, a insist\u00e9 celui qui reste l&rsquo;un des candidats d\u00e9mocrates potentiels les plus en vue pour la pr\u00e9sidentielle de 2028.<\/p>\n<p class=\"fig-body-link\">\n            \u00c0 lire aussi<br \/>\n        <a class=\"fig-body-link__link fig-premium-mark\" href=\"http:\/\/www.lefigaro.fr\/international\/il-est-temps-pour-nous-tous-de-nous-redresser-gavin-newsom-le-gouverneur-de-californie-qui-s-oppose-a-donald-trump-20250611\" data-fig-type=\"Article\" data-gtm-custom-categorie=\"navigation\" data-gtm-custom-action=\"crossclick\" data-gtm-custom-label=\"Contextuel\" data-gtm-event=\"customEventSPE\" data-fig-domain=\"LEFIGARO\" target=\"_blank\" rel=\"noopener\"><\/p>\n<p>        \u00abIl est temps pour nous tous de nous redresser\u00bb\u00a0: Gavin Newsom, le gouverneur de Californie qui s\u2019oppose \u00e0 Donald Trump<br \/>\n    <\/a>\n<\/p>\n<p>                                    <a class=\"fig-a11y-skip a11y-hidden\" href=\"#fig-a11y-skip-main-inarticle\"><br \/>\n        Passer la publicit\u00e9<br \/>\n    <\/a><\/p>\n<p>Une pr\u00e9sence militaire d\u00e9nonc\u00e9e<\/p>\n<p class=\"fig-paragraph\">Les aides vers\u00e9es \u00e0 certaines des personnes les plus pauvres des \u00c9tats-Unis, notamment dans le cadre d&rsquo;un programme de coupons alimentaires (Snap), devraient prendre fin dans les prochains jours si aucun accord n&rsquo;est trouv\u00e9 entre r\u00e9publicains et d\u00e9mocrates. Entr\u00e9 dans sa quatri\u00e8me semaine, ce \u00abshutdown\u00bb est devenu mercredi le deuxi\u00e8me plus long de l&rsquo;histoire des \u00c9tats-Unis. Au c\u0153ur du d\u00e9bat, un d\u00e9saccord entre r\u00e9publicains, souhaitant prolonger le budget actuel, et d\u00e9mocrates, qui r\u00e9clament une prolongation de subventions pour des programmes d&rsquo;assurance sant\u00e9 \u00e0 destination de foyers \u00e0 bas revenus.<\/p>\n<p class=\"fig-paragraph\">La Garde nationale est une force militaire de r\u00e9servistes bas\u00e9e dans chaque \u00c9tat et g\u00e9n\u00e9ralement mobilis\u00e9e pour faire face \u00e0 des situations d&rsquo;urgence comme les catastrophes naturelles. Ces derniers mois, Donald Trump a suscit\u00e9 la col\u00e8re de ses opposants en envoyant la Garde nationale dans les villes d\u00e9mocrates, contre l&rsquo;avis des autorit\u00e9s locales, comme Los Angeles et la capitale Washington. L&rsquo;\u00e9t\u00e9 dernier, Gavin Newsom s&rsquo;\u00e9tait particuli\u00e8rement illustr\u00e9 contre Donald Trump lorsque celui-ci avait ordonn\u00e9 le d\u00e9ploiement de la Garde nationale en Californie lors de manifestations \u00e0 Los Angeles contre la politique antimigrants du gouvernement.<\/p>\n","protected":false},"excerpt":{"rendered":"\u00abL\u2019\u00e9chec de Trump n\u2019est pas abstrait, il enl\u00e8ve litt\u00e9ralement le pain de la bouche des gens\u00bb, a d\u00e9nonc\u00e9&hellip;\n","protected":false},"author":2,"featured_media":483956,"comment_status":"","ping_status":"","sticky":false,"template":"","format":"standard","meta":{"footnotes":""},"categories":[5],"tags":[11,2139,73,1011,27,42826,30121,14,12,28],"class_list":{"0":"post-483955","1":"post","2":"type-post","3":"status-publish","4":"format-standard","5":"has-post-thumbnail","7":"category-international","8":"tag-actualites","9":"tag-californie","10":"tag-etats-unis","11":"tag-fr","12":"tag-france","13":"tag-garde-nationale","14":"tag-gavin-newsom","15":"tag-international","16":"tag-news","17":"tag-world"},"share_on_mastodon":{"url":"https:\/\/pubeurope.com\/@fr\/115422623605702417","error":""},"_links":{"self":[{"href":"https:\/\/www.europesays.com\/fr\/wp-json\/wp\/v2\/posts\/483955","targetHints":{"allow":["GET"]}}],"collection":[{"href":"https:\/\/www.europesays.com\/fr\/wp-json\/wp\/v2\/posts"}],"about":[{"href":"https:\/\/www.europesays.com\/fr\/wp-json\/wp\/v2\/types\/post"}],"author":[{"embeddable":true,"href":"https:\/\/www.europesays.com\/fr\/wp-json\/wp\/v2\/users\/2"}],"replies":[{"embeddable":true,"href":"https:\/\/www.europesays.com\/fr\/wp-json\/wp\/v2\/comments?post=483955"}],"version-history":[{"count":0,"href":"https:\/\/www.europesays.com\/fr\/wp-json\/wp\/v2\/posts\/483955\/revisions"}],"wp:featuredmedia":[{"embeddable":true,"href":"https:\/\/www.europesays.com\/fr\/wp-json\/wp\/v2\/media\/483956"}],"wp:attachment":[{"href":"https:\/\/www.europesays.com\/fr\/wp-json\/wp\/v2\/media?parent=483955"}],"wp:term":[{"taxonomy":"category","embeddable":true,"href":"https:\/\/www.europesays.com\/fr\/wp-json\/wp\/v2\/categories?post=483955"},{"taxonomy":"post_tag","embeddable":true,"href":"https:\/\/www.europesays.com\/fr\/wp-json\/wp\/v2\/tags?post=483955"}],"curies":[{"name":"wp","href":"https:\/\/api.w.org\/{rel}","templated":true}]}}