{"id":483959,"date":"2025-10-23T08:51:17","date_gmt":"2025-10-23T08:51:17","guid":{"rendered":"https:\/\/www.europesays.com\/fr\/483959\/"},"modified":"2025-10-23T08:51:17","modified_gmt":"2025-10-23T08:51:17","slug":"un-collegien-de-13-ans-mis-en-examen-pour-avoir-filme-le-viol-dun-enfant-de-9-ans-par-un-autre-de-8-ans-liberation","status":"publish","type":"post","link":"https:\/\/www.europesays.com\/fr\/483959\/","title":{"rendered":"un coll\u00e9gien de 13 ans mis en examen pour avoir film\u00e9 le viol d\u2019un enfant de 9 ans par un autre de 8 ans \u2013 Lib\u00e9ration"},"content":{"rendered":"<p class=\"sc-cPiKLX AiZTS text-element\">Il faut relire plusieurs fois les \u00e2ges des personnes impliqu\u00e9es pour \u00eatre s\u00fbr de ne pas avoir fait d\u2019erreur. Un enfant de huit ans soup\u00e7onn\u00e9 d\u2019avoir viol\u00e9 un autre de neuf ans, le tout film\u00e9 par un adolescent de treize ans. Deux \u00e9coliers et un coll\u00e9gien impliqu\u00e9s dans des faits qui sont d\u00e9roul\u00e9s en pleine rue \u00e0 Besan\u00e7on, r\u00e9v\u00e9l\u00e9s ce mercredi par l\u2019<a href=\"https:\/\/www.estrepublicain.fr\/faits-divers-justice\/2025\/10\/22\/un-viol-impliquant-des-enfants-de-8-et-13-ans-filme-et-diffuse-sur-les-reseaux-sociaux\" target=\"_blank\" rel=\"noreferrer noopener\" title=\"https:\/\/www.estrepublicain.fr\/faits-divers-justice\/2025\/10\/22\/un-viol-impliquant-des-enfants-de-8-et-13-ans-filme-et-diffuse-sur-les-reseaux-sociaux\">Est R\u00e9publicain<\/a>. Jamais les policiers n\u2019avaient constat\u00e9 des faits aussi graves impliquant des enfants si jeunes, rapporte le journal local. Une enqu\u00eate a \u00e9t\u00e9 ouverte par le parquet de la ville, a appris Lib\u00e9ration, confirmant une information <a href=\"https:\/\/www.francebleu.fr\/infos\/faits-divers-justice\/besancon-un-viol-filme-entre-deux-jeunes-ecoliers-un-adolescent-de-13-ans-mis-en-examen-9639828\" target=\"_blank\" rel=\"noreferrer noopener\" title=\"https:\/\/www.francebleu.fr\/infos\/faits-divers-justice\/besancon-un-viol-filme-entre-deux-jeunes-ecoliers-un-adolescent-de-13-ans-mis-en-examen-9639828\">d\u2019ICI Besan\u00e7on.<\/a> <\/p>\n<p class=\"sc-cPiKLX AiZTS text-element\">L\u2019affaire d\u00e9marre la semaine derni\u00e8re, apr\u00e8s la diffusion de la vid\u00e9o captant les faits, \u00e0 l\u2019ext\u00e9rieur d\u2019une r\u00e9sidence de la pr\u00e9fecture doubiste. La vid\u00e9o circule rapidement \u2013 parfois par message, rapporte <a href=\"https:\/\/france3-regions.franceinfo.fr\/bourgogne-franche-comte\/doubs\/besancon\/un-viol-en-pleine-rue-entre-deux-enfants-de-8-et-9-ans-un-collegien-filmait-la-scene-3237469.html\" target=\"_blank\" rel=\"noreferrer noopener\" title=\"https:\/\/france3-regions.franceinfo.fr\/bourgogne-franche-comte\/doubs\/besancon\/un-viol-en-pleine-rue-entre-deux-enfants-de-8-et-9-ans-un-collegien-filmait-la-scene-3237469.html\">France 3 Franche-Comt\u00e9 <\/a>\u2013 jusqu\u2019\u00e0 atterrir entre les mains d\u2019un coll\u00e9gien bisontin. Ce dernier avertit alors sa m\u00e8re, membre de la communaut\u00e9 \u00e9ducative, retrace pour Lib\u00e9ration Guillaume Rivoire, directeur de cabinet au rectorat de Besan\u00e7on. Un signalement est effectu\u00e9 le 10 octobre par le rectorat aupr\u00e8s de la justice. <\/p>\n<p class=\"sc-cPiKLX AiZTS text-element\">\u00abA partir de ce signalement et de la vid\u00e9o, la direction et les autorit\u00e9s scolaires parviennent \u00e0 retrouver l\u2019un des \u00e9coliers film\u00e9s en question, qui confirme les actes \u00e0 caract\u00e8re sexuel\u00bb, poursuit la m\u00eame source. Le coll\u00e9gien filmant la sc\u00e8ne est \u00e0 tour convoqu\u00e9, puis interrog\u00e9 par la police. Il confirme \u00eatre en possession de la vid\u00e9o et avoir film\u00e9 la sc\u00e8ne. <\/p>\n<p class=\"sc-cPiKLX AiZTS text-element\">Le petit gar\u00e7on victime de viol est par la suite entendu par les enqu\u00eateurs, tout comme l\u2019autre enfant, soup\u00e7onn\u00e9 d\u2019en \u00eatre l\u2019auteur. Ce dernier ne sera pas poursuivi du fait de son \u00e2ge. L\u2019auteur de la vid\u00e9o, pour sa part \u00e2g\u00e9 de 13 ans, a \u00e9t\u00e9 plac\u00e9 en garde \u00e0 vue. <a href=\"https:\/\/www.service-public.gouv.fr\/particuliers\/vosdroits\/F1469\" target=\"_blank\" rel=\"noreferrer noopener\" title=\"https:\/\/www.service-public.gouv.fr\/particuliers\/vosdroits\/F1469\">Il a en effet l\u2019\u00e2ge minimum requis<\/a> pour qu\u2019un mineur fasse l\u2019objet d\u2019une telle mesure. La justice consid\u00e8re en effet qu\u2019en dessous de 13 ans, l\u2019auteur d\u2019une infraction, d\u2019un d\u00e9lit ou d\u2019un crime n\u2019est pas capable, en principe, de mesurer la port\u00e9e de son acte. <\/p>\n<p class=\"sc-cPiKLX AiZTS text-element\">Pendant son audition, le coll\u00e9gien a ni\u00e9 toutes les accusations de viol ou d\u2019incitation au viol. Il a \u00e9t\u00e9 mis en examen des chefs de \u00abviol, de complicit\u00e9 de viol et d\u2019enregistrement de vid\u00e9o d\u2019atteinte aux personnes\u00bb et plac\u00e9 sous contr\u00f4le judiciaire, rapporte l\u2019Est R\u00e9publicain. ll a \u00e9galement d\u00e9sormais l\u2019interdiction de rentrer en contact avec les deux enfants de 8 et 9 ans. Il sera suivi par la protection judiciaire de la jeunesse. <\/p>\n<p class=\"sc-cPiKLX AiZTS text-element\">En raison de ces faits insoutenables et \u00abde la viralit\u00e9 de la vid\u00e9o\u00bb, le rectorat de l\u2019acad\u00e9mie de Besan\u00e7on annonce avoir mis en place des mesures d\u2019aide pour les \u00e9l\u00e8ves. Des actions d\u2019accompagnement par les assistances sociales ont notamment \u00e9t\u00e9 r\u00e9alis\u00e9es aupr\u00e8s des coll\u00e9giens. Un \u00e9change a \u00e9galement \u00e9t\u00e9 organis\u00e9 avec les familles des \u00e9coliers. <\/p>\n","protected":false},"excerpt":{"rendered":"Il faut relire plusieurs fois les \u00e2ges des personnes impliqu\u00e9es pour \u00eatre s\u00fbr de ne pas avoir fait&hellip;\n","protected":false},"author":2,"featured_media":483960,"comment_status":"","ping_status":"","sticky":false,"template":"","format":"standard","meta":{"footnotes":""},"categories":[2],"tags":[11,2718,118,1011,27,12],"class_list":{"0":"post-483959","1":"post","2":"type-post","3":"status-publish","4":"format-standard","5":"has-post-thumbnail","7":"category-actualites","8":"tag-actualites","9":"tag-bourgogne-franche-comte","10":"tag-faits-divers","11":"tag-fr","12":"tag-france","13":"tag-news"},"share_on_mastodon":{"url":"https:\/\/pubeurope.com\/@fr\/115422631351484534","error":""},"_links":{"self":[{"href":"https:\/\/www.europesays.com\/fr\/wp-json\/wp\/v2\/posts\/483959","targetHints":{"allow":["GET"]}}],"collection":[{"href":"https:\/\/www.europesays.com\/fr\/wp-json\/wp\/v2\/posts"}],"about":[{"href":"https:\/\/www.europesays.com\/fr\/wp-json\/wp\/v2\/types\/post"}],"author":[{"embeddable":true,"href":"https:\/\/www.europesays.com\/fr\/wp-json\/wp\/v2\/users\/2"}],"replies":[{"embeddable":true,"href":"https:\/\/www.europesays.com\/fr\/wp-json\/wp\/v2\/comments?post=483959"}],"version-history":[{"count":0,"href":"https:\/\/www.europesays.com\/fr\/wp-json\/wp\/v2\/posts\/483959\/revisions"}],"wp:featuredmedia":[{"embeddable":true,"href":"https:\/\/www.europesays.com\/fr\/wp-json\/wp\/v2\/media\/483960"}],"wp:attachment":[{"href":"https:\/\/www.europesays.com\/fr\/wp-json\/wp\/v2\/media?parent=483959"}],"wp:term":[{"taxonomy":"category","embeddable":true,"href":"https:\/\/www.europesays.com\/fr\/wp-json\/wp\/v2\/categories?post=483959"},{"taxonomy":"post_tag","embeddable":true,"href":"https:\/\/www.europesays.com\/fr\/wp-json\/wp\/v2\/tags?post=483959"}],"curies":[{"name":"wp","href":"https:\/\/api.w.org\/{rel}","templated":true}]}}