{"id":483961,"date":"2025-10-23T08:52:20","date_gmt":"2025-10-23T08:52:20","guid":{"rendered":"https:\/\/www.europesays.com\/fr\/483961\/"},"modified":"2025-10-23T08:52:20","modified_gmt":"2025-10-23T08:52:20","slug":"le-salon-du-camping-car-et-du-fourgon-amenage-neuf-de-retour-au-parc-expo","status":"publish","type":"post","link":"https:\/\/www.europesays.com\/fr\/483961\/","title":{"rendered":"Le Salon du Camping-car et du fourgon am\u00e9nag\u00e9 neuf de retour au Parc Expo"},"content":{"rendered":"\n<p>Avis aux amoureux et aux curieux de la \u00ab\u00a0Van Life\u00a0\u00bb. Le Salon du camping-car et du fourgon am\u00e9nag\u00e9 neuf promet une fin de semaine anim\u00e9e autour du tourisme itin\u00e9rant. 10 000 m2 d\u2019exposition, de 10h \u00e0 19h jeudi \u00e0 samedi, et de 10h \u00e0 18h le dimanche. Au programme, 4 jours de d\u00e9couvertes, de conseils et d\u2019accompagnements par des professionnels du milieu. De nombreux concessionnaires seront pr\u00e9sents pour renseigner les visiteurs int\u00e9ress\u00e9s par de la location ou de l\u2019achat de v\u00e9hicules. \u00a0\u00ab\u00a0Plus de 300 v\u00e9hicules vont \u00eatre expos\u00e9s, de toutes les tailles, pour tous les budgets, avec plus de 30 marques repr\u00e9sent\u00e9es\u00a0\u00bb, annonce Matthieu Robin, responsable de l\u2019organisation du Salon. Camping-cars, vans, petits fourgons, gros liners, caravanes vintages\u00a0: il y en aura pour tous les go\u00fbts suivant les modes de voyage recherch\u00e9s par les consommateurs. L\u2019entr\u00e9e du Salon est affich\u00e9e \u00e0 5 euros et gratuites pour les moins de 16 ans.<\/p>\n<p><strong>Un \u00ab\u00a0march\u00e9 de niche\u00a0\u00bb de plus en plus pl\u00e9biscit\u00e9<\/strong><\/p>\n<p>La France se positionne aujourd\u2019hui comme le 2e march\u00e9 europ\u00e9en en mati\u00e8re de tourisme itin\u00e9rant juste derri\u00e8re l\u2019Allemagne. Alors comment s\u2019explique cette nouvelle popularit\u00e9\u00a0? Matthieu Robin explique que c\u2019est \u00ab\u00a0un tourisme qui s\u00e9duit de plus en plus les jeunes g\u00e9n\u00e9rations, les familles, les quadrag\u00e9naires, m\u00eame si avant on avait l\u2019habitude de penser que ce mode de vacances \u00e9tait plut\u00f4t destin\u00e9 aux seniors.\u00a0\u00bb Mais la tendance semble s\u2019inverser, notamment depuis l\u2019effet Covid, qui a boost\u00e9 cette envie d\u2019\u00e9vasion. \u00ab\u00a0C\u2019est un synonyme de libert\u00e9\u00a0: on peut partir sur des petits s\u00e9jours, \u00e0 quelques centaines de kilom\u00e8tres de son domicile.\u00a0\u00bb Le tourisme itin\u00e9rant est vendu comme un mode de vacances et de d\u00e9couvertes tr\u00e8s flexible, ce qui pla\u00eet de plus en plus aux consommateurs.<\/p>\n<p>La liste des concessionnaires et des exposants pr\u00e9sents lors du Salon sont \u00e0 retrouver sur saint-etienne-parcexpo.com.<\/p>\n","protected":false},"excerpt":{"rendered":"Avis aux amoureux et aux curieux de la \u00ab\u00a0Van Life\u00a0\u00bb. Le Salon du camping-car et du fourgon am\u00e9nag\u00e9&hellip;\n","protected":false},"author":2,"featured_media":483962,"comment_status":"","ping_status":"","sticky":false,"template":"","format":"standard","meta":{"footnotes":""},"categories":[9653],"tags":[60730,60731,60729,1111,11,2430,1777,674,1011,27,12,25,4001,46227],"class_list":{"0":"post-483961","1":"post","2":"type-post","3":"status-publish","4":"format-standard","5":"has-post-thumbnail","7":"category-saint-etienne","8":"tag-parcexpo","9":"tag-saintetienne","10":"tag-salonducampingcar","11":"tag-actu","12":"tag-actualites","13":"tag-auvergne-rhone-alpes","14":"tag-eu","15":"tag-europe","16":"tag-fr","17":"tag-france","18":"tag-news","19":"tag-republique-francaise","20":"tag-saint-etienne","21":"tag-vanlife"},"share_on_mastodon":{"url":"https:\/\/pubeurope.com\/@fr\/115422635326550915","error":""},"_links":{"self":[{"href":"https:\/\/www.europesays.com\/fr\/wp-json\/wp\/v2\/posts\/483961","targetHints":{"allow":["GET"]}}],"collection":[{"href":"https:\/\/www.europesays.com\/fr\/wp-json\/wp\/v2\/posts"}],"about":[{"href":"https:\/\/www.europesays.com\/fr\/wp-json\/wp\/v2\/types\/post"}],"author":[{"embeddable":true,"href":"https:\/\/www.europesays.com\/fr\/wp-json\/wp\/v2\/users\/2"}],"replies":[{"embeddable":true,"href":"https:\/\/www.europesays.com\/fr\/wp-json\/wp\/v2\/comments?post=483961"}],"version-history":[{"count":0,"href":"https:\/\/www.europesays.com\/fr\/wp-json\/wp\/v2\/posts\/483961\/revisions"}],"wp:featuredmedia":[{"embeddable":true,"href":"https:\/\/www.europesays.com\/fr\/wp-json\/wp\/v2\/media\/483962"}],"wp:attachment":[{"href":"https:\/\/www.europesays.com\/fr\/wp-json\/wp\/v2\/media?parent=483961"}],"wp:term":[{"taxonomy":"category","embeddable":true,"href":"https:\/\/www.europesays.com\/fr\/wp-json\/wp\/v2\/categories?post=483961"},{"taxonomy":"post_tag","embeddable":true,"href":"https:\/\/www.europesays.com\/fr\/wp-json\/wp\/v2\/tags?post=483961"}],"curies":[{"name":"wp","href":"https:\/\/api.w.org\/{rel}","templated":true}]}}