{"id":483963,"date":"2025-10-23T08:53:13","date_gmt":"2025-10-23T08:53:13","guid":{"rendered":"https:\/\/www.europesays.com\/fr\/483963\/"},"modified":"2025-10-23T08:53:13","modified_gmt":"2025-10-23T08:53:13","slug":"des-vents-a-121-km-h-ont-souffle-dans-cette-commune","status":"publish","type":"post","link":"https:\/\/www.europesays.com\/fr\/483963\/","title":{"rendered":"des vents \u00e0 121 km\/h ont souffl\u00e9 dans cette commune"},"content":{"rendered":"<p>            Par<br \/>\n        <strong><br \/>\n            <a href=\"https:\/\/actu.fr\/auteur\/mathias-souteyrat\" title=\"Consulter tous les articles de Mathias Souteyrat\" target=\"_blank\" rel=\"noopener\">Mathias Souteyrat<\/a><br \/>\n        <\/strong><\/p>\n<p>        Publi\u00e9 le<\/p>\n<p>            23 oct. 2025 \u00e0 9h53        <\/p>\n<p>La <a href=\"https:\/\/actu.fr\/auvergne-rhone-alpes\/saint-etienne_42218\/meteo-la-tempete-benjamin-et-ses-vents-violents-arrivent-a-quoi-s-attendre-dans-la-loire_63328724.html\" target=\"_blank\" rel=\"noopener\">temp\u00eate Benjamin frappe la Loire<\/a>, toujours en vigilance jaune aux vents violents selon M\u00e9t\u00e9o France ce jeudi 23 octobre. Il n\u2019y a pas eu d\u2019incident notable sur le d\u00e9partement, quelques arbres et branches se sont retrouv\u00e9s sur les routes.<\/p>\n<p class=\" wall-content\">D\u2019apr\u00e8s M\u00e9t\u00e9o Loire, les rafales deviennent temp\u00e9tueuses sur les reliefs et soufflent mod\u00e9r\u00e9ment en plaine.<\/p>\n<p>121\u00a0km\/h dans le Pilat, 80\u00a0km\/h \u00e0 Saint-Etienne<br \/>\n    <img   decoding=\"async\" loading=\"lazy\" src=\"https:\/\/www.europesays.com\/fr\/wp-content\/uploads\/2025\/10\/karien-coiffure-960x640.jpg\" alt=\"Sur la route de Saint Didier sur Rochefort (Loire), pr\u00e8s de Noir\u00e9table et Chalmazel.\" width=\"960\" height=\"640\"\/><br \/>\n    Sur la route de Saint Didier sur Rochefort (Loire), pr\u00e8s de Noir\u00e9table et Chalmazel. (\u00a9Capture groupe Facebook \/ Karien-Coiffure)<\/p>\n<p class=\" wall-content\">Depuis cette fin de nuit, on rel\u00e8ve\u2009:<\/p>\n<ul class=\" wall-content\">\n<li>121\u00a0km\/h au Cret Rachat \u00e0 1380 m d\u2019altitude, commune de <strong>V\u00e9ranne<\/strong><\/li>\n<li>111\u00a0km\/h \u00e0 Graix<\/li>\n<li><strong>100\u00a0km\/h \u00e0 Chalmazel<\/strong><\/li>\n<li>93\u00a0km\/h \u00e0 Bard<\/li>\n<li>87\u00a0km\/h \u00e0 Andr\u00e9zieux-Bouth\u00e9on<\/li>\n<li>80\u00a0km\/h \u00e0 Saint-Etienne<\/li>\n<li>78\u00a0km\/h \u00e0 Roanne<\/li>\n<\/ul>\n<p>Des vents forts et de la pluie toute la journ\u00e9e<\/p>\n<p class=\" wall-content\">Selon M\u00e9t\u00e9o France, tr\u00e8s forts vents \u00e9galement sur Massif Central, Corse et dans le domaine de la Tramontane.<\/p>\n<p>Conseils de prudence en vigilance jaune vent<\/p>\n<p>Soyez attentif si vous pratiquez des activit\u00e9s sensibles au risque m\u00e9t\u00e9orologique.<br \/>Limitez vos d\u00e9placements et votre vitesse sur route.<br \/>Rangez ou fixez les objets sensibles aux effets du vent (mobilier de jardin, poubelles, d\u00e9corations\u2026).<br \/>Ne vous promenez pas en for\u00eat.<br \/>En ville, soyez vigilants face aux chutes possibles de divers objets.<br \/>Tenez-vous au courant de l&rsquo;\u00e9volution de la situation.<\/p>\n<p class=\" wall-content\">Le d\u00e9partement est concern\u00e9 par un \u00e9pisode venteux n\u00e9cessitant une attention particuli\u00e8re, accompagn\u00e9 de pluie\u2009:<\/p>\n<p>Votre r\u00e9gion, votre actu !<\/p>\n<p>Recevez chaque jour les infos qui comptent pour vous.<\/p>\n<p>\t<a href=\"https:\/\/actu.fr\/newsletter\" class=\"ac-btn ac-btn--corner ac-btn--medium ac-btn--blue800\" target=\"_blank\" rel=\"noopener\">S&rsquo;incrire<\/a><\/p>\n<ul class=\" wall-content\">\n<li>Rafales plus violentes sur les reliefs, pouvant atteindre 100 \u00e0 110\u00a0km\/h entre le milieu de matin\u00e9e et le d\u00e9but d\u2019apr\u00e8s-midi.<\/li>\n<li>Dans la plaine, rafales attendues entre 80 et 90\u00a0km\/h.<\/li>\n<li>Cumuls totaux de 3 \u00e0 7\u00a0mm dans la plaine et Jusqu\u2019\u00e0 30\u00a0mm localement dans les monts du Forez.<\/li>\n<\/ul>\n<p>Des rafales sous de fortes averses \u00e0 caract\u00e8re orageux<\/p>\n<p class=\" wall-content\">Le front froid est en train de s\u2019\u00e9vacuer et un ciel de tra\u00eene va prendre le relais avec des rafales convectives possibles sous de fortes averses \u00e0 caract\u00e8re <a href=\"https:\/\/actu.fr\/meteo\/fortes-averses-et-belles-bourrasques-apres-la-tempete-benjamin-des-orages-vont-frapper-la-france_63334206.html\" target=\"_blank\" rel=\"noopener\">orageux<\/a>.<\/p>\n<p class=\" wall-content\">\u00ab\u2009Prudence car ces rafales sont souvent intenses et brusques entrecoup\u00e9es de p\u00e9riodes d\u2019accalmies\u2009\u00bb, pr\u00e9vient le m\u00e9t\u00e9orologiste local.<\/p>\n<p class=\" wall-content\">Selon les pr\u00e9visions de la pr\u00e9fecture, \u00ab\u2009apr\u00e8s le passage de la temp\u00eate, une baisse des temp\u00e9ratures est pr\u00e9vue vendredi 24\u00a0octobre, entra\u00eenant une diminution de la limite pluie-neige. <strong>Quelques flocons pourraient tomber sur les reliefs<\/strong>, mais sans risque pour les axes routiers \u00e0 ce stade\u2009\u00bb.<\/p>\n<p class=\" wall-content\">Personnalisez votre actualit\u00e9 en ajoutant vos villes et m\u00e9dias en favori avec <a href=\"https:\/\/moncompte.actu.fr\" title=\"D\u00e9couvez Mon Actu\" rel=\"nofollow noopener\" data-trk=\"{&quot;cta&quot;:{&quot;action&quot;:&quot;https:\\\/\\\/moncompte.actu.fr&quot;,&quot;category&quot;:&quot;mon compte&quot;,&quot;from&quot;:&quot;article footer&quot;,&quot;name&quot;:&quot;Mon actu&quot;,&quot;type&quot;:&quot;cta&quot;}}\" target=\"_blank\">Mon Actu<\/a>.<\/p>\n","protected":false},"excerpt":{"rendered":"Par Mathias Souteyrat Publi\u00e9 le 23 oct. 2025 \u00e0 9h53 La temp\u00eate Benjamin frappe la Loire, toujours en&hellip;\n","protected":false},"author":2,"featured_media":483964,"comment_status":"","ping_status":"","sticky":false,"template":"","format":"standard","meta":{"footnotes":""},"categories":[9653],"tags":[1111,11,2430,1777,674,1011,27,3059,2487,2357,12,25,4001],"class_list":{"0":"post-483963","1":"post","2":"type-post","3":"status-publish","4":"format-standard","5":"has-post-thumbnail","7":"category-saint-etienne","8":"tag-actu","9":"tag-actualites","10":"tag-auvergne-rhone-alpes","11":"tag-eu","12":"tag-europe","13":"tag-fr","14":"tag-france","15":"tag-intemperies","16":"tag-meteo","17":"tag-meteo-france","18":"tag-news","19":"tag-republique-francaise","20":"tag-saint-etienne"},"share_on_mastodon":{"url":"https:\/\/pubeurope.com\/@fr\/115422639962499131","error":""},"_links":{"self":[{"href":"https:\/\/www.europesays.com\/fr\/wp-json\/wp\/v2\/posts\/483963","targetHints":{"allow":["GET"]}}],"collection":[{"href":"https:\/\/www.europesays.com\/fr\/wp-json\/wp\/v2\/posts"}],"about":[{"href":"https:\/\/www.europesays.com\/fr\/wp-json\/wp\/v2\/types\/post"}],"author":[{"embeddable":true,"href":"https:\/\/www.europesays.com\/fr\/wp-json\/wp\/v2\/users\/2"}],"replies":[{"embeddable":true,"href":"https:\/\/www.europesays.com\/fr\/wp-json\/wp\/v2\/comments?post=483963"}],"version-history":[{"count":0,"href":"https:\/\/www.europesays.com\/fr\/wp-json\/wp\/v2\/posts\/483963\/revisions"}],"wp:featuredmedia":[{"embeddable":true,"href":"https:\/\/www.europesays.com\/fr\/wp-json\/wp\/v2\/media\/483964"}],"wp:attachment":[{"href":"https:\/\/www.europesays.com\/fr\/wp-json\/wp\/v2\/media?parent=483963"}],"wp:term":[{"taxonomy":"category","embeddable":true,"href":"https:\/\/www.europesays.com\/fr\/wp-json\/wp\/v2\/categories?post=483963"},{"taxonomy":"post_tag","embeddable":true,"href":"https:\/\/www.europesays.com\/fr\/wp-json\/wp\/v2\/tags?post=483963"}],"curies":[{"name":"wp","href":"https:\/\/api.w.org\/{rel}","templated":true}]}}